{"id":68468,"date":"2008-06-09T22:16:06","date_gmt":"2008-06-09T20:16:06","guid":{"rendered":"http:\/\/www.sorosoro.org\/?p=68468"},"modified":"2015-10-06T22:40:48","modified_gmt":"2015-10-06T20:40:48","slug":"el-1er-reencuentro-de-sorosoro-del-9-de-junio-de-2008","status":"publish","type":"post","link":"https:\/\/www.sorosoro.org\/es\/2008\/06\/el-1er-reencuentro-de-sorosoro-del-9-de-junio-de-2008\/","title":{"rendered":"El 1<sup>er<\/sup> Reencuentro de Sorosoro del 9 de junio de 2008"},"content":{"rendered":"<p>Despu\u00e9s de una fase de desarrollo  del 2006 al 2008, Sorosoro estaba listo para ser lanzado en junio de 2008, bajo los auspicios de la Fundaci\u00f3n Chirac. Varios oradores  hicieron sucesivamente uso de la palabra en la Sala L\u00e9vi-Strauss del Museo del Quai Branly.<\/p>\n<p><a href=\"http:\/\/www.sorosoro.org\/wp-content\/uploads\/Programme-9-juin-2008.pdf\">Descargar el programa completo<\/a>  (en franc\u00e9s)<br \/>\n&nbsp;<\/p>\n<h5>Rozenn Milin<\/h5>\n<p><strong>Rozenn Milin, dise\u00f1adora y directora del proyecto<\/strong>, present\u00f3 las grandes l\u00edneas y la filosof\u00eda del programa: el planeta cuenta hoy 6000-7000 lenguas, la mitad de las cuales est\u00e1 muy probablemente condenada a la su extinci\u00f3n en el curso de este siglo XXI. Para remediar la considerable p\u00e9rdida de conocimiento y de cultura que este \u00abholocausto cultural\u00bb inducir\u00e1, Sorosoro tiene la ambici\u00f3n de documentar el mayor n\u00famero posible de estas lenguas sobre medios audiovisuales para completar el trabajo de los cient\u00edficos de campo.<\/p>\n<p>(En franc\u00e9s)<br \/>\n<object width=\"610\" height=\"370\" classid=\"clsid:d27cdb6e-ae6d-11cf-96b8-444553540000\" codebase=\"http:\/\/download.macromedia.com\/pub\/shockwave\/cabs\/flash\/swflash.cab#version=6,0,40,0\"><param name=\"allowFullScreen\" value=\"true\" \/><param name=\"allowScriptAccess\" value=\"always\" \/><param name=\"src\" value=\"http:\/\/www.youtube.com\/v\/g2gfz-vEYWI&amp;color1=0xb1b1b1&amp;color2=0xd0d0d0&amp;hl=en_US&amp;feature=player_embedded&amp;fs=1\" \/><param name=\"allowfullscreen\" value=\"true\" \/><embed type=\"application\/x-shockwave-flash\" width=\"610\" height=\"370\" src=\"http:\/\/www.youtube.com\/v\/g2gfz-vEYWI&amp;color1=0xb1b1b1&amp;color2=0xd0d0d0&amp;hl=en_US&amp;feature=player_embedded&amp;fs=1\" allowscriptaccess=\"always\" allowfullscreen=\"allowfullscreen\" \/><\/object><br \/>\n&nbsp;<\/p>\n<h5>Erik Orsenna<\/h5>\n<p>El escritor <strong>Erik Orsenna<\/strong>, Premio Goncourt y autor de varios libros sobre la lengua francesa, habl\u00f3 luego de la tragedia de la p\u00e9rdida de la diversidad, tanto en el \u00e1mbito cultural como en el \u00e1mbito biol\u00f3gico. Evocando estas lenguas y culturas en peligro de extinci\u00f3n a trav\u00e9s del mundo, afirm\u00f3 con firmeza que \u00abcada uno de estos murmullos corresponden a un universo que est\u00e1 a punto de desaparecer.\u00bb<\/p>\n<p>(En franc\u00e9s)<br \/>\n<object width=\"610\" height=\"370\" classid=\"clsid:d27cdb6e-ae6d-11cf-96b8-444553540000\" codebase=\"http:\/\/download.macromedia.com\/pub\/shockwave\/cabs\/flash\/swflash.cab#version=6,0,40,0\"><param name=\"allowFullScreen\" value=\"true\" \/><param name=\"allowScriptAccess\" value=\"always\" \/><param name=\"src\" value=\"http:\/\/www.youtube.com\/v\/7bfmG3Po4ww&amp;color1=0xb1b1b1&amp;color2=0xd0d0d0&amp;hl=en_US&amp;feature=player_embedded&amp;fs=1\" \/><param name=\"allowfullscreen\" value=\"true\" \/><embed type=\"application\/x-shockwave-flash\" width=\"610\" height=\"370\" src=\"http:\/\/www.youtube.com\/v\/7bfmG3Po4ww&amp;color1=0xb1b1b1&amp;color2=0xd0d0d0&amp;hl=en_US&amp;feature=player_embedded&amp;fs=1\" allowscriptaccess=\"always\" allowfullscreen=\"allowfullscreen\" \/><\/object><br \/>\n&nbsp;<\/p>\n<h5>Rigoberta Menchu Tumm<\/h5>\n<p>La invitada de honor, <strong>Rigoberta Mench\u00fa<\/strong>, Premio Nobel de la Paz en 2002, evoc\u00f3 largamente la lucha de su pueblo por el reconocimiento de las lenguas mayas, que fueron muy ampliamente v\u00edctimas de la colonizaci\u00f3n y que sufren al d\u00eda una discriminaci\u00f3n inaceptable. Sin embargo, estas lenguas ancestrales, dondequiera que est\u00e9n, llevan una visi\u00f3n singular del mundo y sobre todo de las civilizaciones mucho m\u00e1s sostenibles que los modos de vida occidentales que se imponen por todas partes hasta hoy en d\u00eda.<\/p>\n<p><object width=\"610\" height=\"370\" classid=\"clsid:d27cdb6e-ae6d-11cf-96b8-444553540000\" codebase=\"http:\/\/download.macromedia.com\/pub\/shockwave\/cabs\/flash\/swflash.cab#version=6,0,40,0\"><param name=\"allowFullScreen\" value=\"true\" \/><param name=\"allowScriptAccess\" value=\"always\" \/><param name=\"src\" value=\"http:\/\/www.youtube.com\/v\/USSfMcQsYIs&amp;color1=0xb1b1b1&amp;color2=0xd0d0d0&amp;hl=en_US&amp;feature=player_embedded&amp;fs=1\" \/><param name=\"allowfullscreen\" value=\"true\" \/><embed type=\"application\/x-shockwave-flash\" width=\"610\" height=\"370\" src=\"http:\/\/www.youtube.com\/v\/USSfMcQsYIs&amp;color1=0xb1b1b1&amp;color2=0xd0d0d0&amp;hl=en_US&amp;feature=player_embedded&amp;fs=1\" allowscriptaccess=\"always\" allowfullscreen=\"allowfullscreen\" \/><\/object><br \/>\n&nbsp;<\/p>\n<p>Luego varios ling\u00fcistas reconocidos sucesuvamente hieron uso de la palabra:  <strong>Colette Grinevald<\/strong>, de la Universidad Lyon 2, miembro del Instituto Universitario de Francia y especialista de las lenguas de Am\u00e9rica Latina; <strong>Peter Austin<\/strong>, Director del ELAP (Endangered Languages Academic Program &#8211; Programa Acad\u00e9mico por las Lenguas Amenazadas) de SOAS en Londres y especialista de las lenguas abor\u00edgenes de Australia; <strong>Patrick Mouguiama-Daouda<\/strong>, de la Universidad Omar Bongo en Gab\u00f3n; <strong>Juliana Sis Iboy<\/strong>, directora de OKMA (Centro de Investigaci\u00f3n y Documentaci\u00f3n de las lenguas mayas en Guatemala); y<strong> Hanna Vari-Bogiri<\/strong>, de la Universidad del Pac\u00edfico Sur, en Vanuatu, especialista de la lengua araki de la cual viene el nombre del programa Sorosoro.<br \/>\n&nbsp;<\/p>\n<h5>Colette Grinevald<\/h5>\n<p>Ling\u00fcista en el CNRS y la Universidad de Lyon 2, Miembra del Institut universitaire de France (Instituto universitario de Francia)<\/p>\n<p>(En franc\u00e9s)<br \/>\n<object width=\"610\" height=\"370\" classid=\"clsid:d27cdb6e-ae6d-11cf-96b8-444553540000\" codebase=\"http:\/\/download.macromedia.com\/pub\/shockwave\/cabs\/flash\/swflash.cab#version=6,0,40,0\"><param name=\"allowFullScreen\" value=\"true\" \/><param name=\"allowScriptAccess\" value=\"always\" \/><param name=\"src\" value=\"http:\/\/www.youtube.com\/v\/SKGp103Ufrg&amp;color1=0xb1b1b1&amp;color2=0xd0d0d0&amp;hl=en_US&amp;feature=player_embedded&amp;fs=1\" \/><param name=\"allowfullscreen\" value=\"true\" \/><embed type=\"application\/x-shockwave-flash\" width=\"610\" height=\"370\" src=\"http:\/\/www.youtube.com\/v\/SKGp103Ufrg&amp;color1=0xb1b1b1&amp;color2=0xd0d0d0&amp;hl=en_US&amp;feature=player_embedded&amp;fs=1\" allowscriptaccess=\"always\" allowfullscreen=\"allowfullscreen\" \/><\/object><br \/>\n&nbsp;<\/p>\n<h5>Peter Austin<\/h5>\n<p>Director del ELAP, Endangered Languages Academic Programme (Programa Acad\u00e9mico de Lenguas en Peligro)  del SOAS, Universidad de Londres<\/p>\n<p>(En ingl\u00e9s con subt\u00edtulos en franc\u00e9s)<br \/>\n<object classid=\"clsid:d27cdb6e-ae6d-11cf-96b8-444553540000\" width=\"610\" height=\"370\" codebase=\"http:\/\/download.macromedia.com\/pub\/shockwave\/cabs\/flash\/swflash.cab#version=6,0,40,0\"><param name=\"allowFullScreen\" value=\"true\" \/><param name=\"allowScriptAccess\" value=\"always\" \/><param name=\"src\" value=\"http:\/\/www.youtube.com\/v\/n9z98u-0_UQ&amp;color1=0xb1b1b1&amp;color2=0xd0d0d0&amp;hl=en_US&amp;feature=player_embedded&amp;fs=1\" \/><param name=\"allowfullscreen\" value=\"true\" \/><embed type=\"application\/x-shockwave-flash\" width=\"610\" height=\"370\" src=\"http:\/\/www.youtube.com\/v\/n9z98u-0_UQ&amp;color1=0xb1b1b1&amp;color2=0xd0d0d0&amp;hl=en_US&amp;feature=player_embedded&amp;fs=1\" allowscriptaccess=\"always\" allowfullscreen=\"true\"><\/embed><\/object><br \/>\n&nbsp;<\/p>\n<h5>Patrick Mouguiama-Daouda<\/h5>\n<p>Ling\u00fcista, Universidad Omar Bongo, Gab\u00f3n<\/p>\n<p>(En franc\u00e9s)<br \/>\n<object classid=\"clsid:d27cdb6e-ae6d-11cf-96b8-444553540000\" width=\"610\" height=\"370\" codebase=\"http:\/\/download.macromedia.com\/pub\/shockwave\/cabs\/flash\/swflash.cab#version=6,0,40,0\"><param name=\"allowFullScreen\" value=\"true\" \/><param name=\"allowScriptAccess\" value=\"always\" \/><param name=\"src\" value=\"http:\/\/www.youtube.com\/v\/N5x6rkJfacg&amp;color1=0xb1b1b1&amp;color2=0xd0d0d0&amp;hl=en_US&amp;feature=player_embedded&amp;fs=1\" \/><param name=\"allowfullscreen\" value=\"true\" \/><embed type=\"application\/x-shockwave-flash\" width=\"610\" height=\"370\" src=\"http:\/\/www.youtube.com\/v\/N5x6rkJfacg&amp;color1=0xb1b1b1&amp;color2=0xd0d0d0&amp;hl=en_US&amp;feature=player_embedded&amp;fs=1\" allowscriptaccess=\"always\" allowfullscreen=\"true\"><\/embed><\/object><br \/>\n&nbsp;<\/p>\n<h5>Juliana Sis Iboy<\/h5>\n<p>Ling\u00fcista, Directora de OKMA (Centro de investigaci\u00f3n y de documentaci\u00f3n de las lenguas mayas de Guatemala)<\/p>\n<p><object classid=\"clsid:d27cdb6e-ae6d-11cf-96b8-444553540000\" width=\"610\" height=\"370\" codebase=\"http:\/\/download.macromedia.com\/pub\/shockwave\/cabs\/flash\/swflash.cab#version=6,0,40,0\"><param name=\"allowFullScreen\" value=\"true\" \/><param name=\"allowScriptAccess\" value=\"always\" \/><param name=\"src\" value=\"http:\/\/www.youtube.com\/v\/dJK8d7RJh74&amp;color1=0xb1b1b1&amp;color2=0xd0d0d0&amp;hl=en_US&amp;feature=player_embedded&amp;fs=1\" \/><param name=\"allowfullscreen\" value=\"true\" \/><embed type=\"application\/x-shockwave-flash\" width=\"610\" height=\"370\" src=\"http:\/\/www.youtube.com\/v\/dJK8d7RJh74&amp;color1=0xb1b1b1&amp;color2=0xd0d0d0&amp;hl=en_US&amp;feature=player_embedded&amp;fs=1\" allowscriptaccess=\"always\" allowfullscreen=\"true\"><\/embed><\/object><br \/>\n&nbsp;<\/p>\n<h5>Hannah Vari-Bogiri<\/h5>\n<p>Ling\u00fcista, Universidad del Pacifico Sur, Vanuatu, Especialista de la lengua araki (8 hablantes)<\/p>\n<p>(En ingl\u00e9s con subt\u00edtulos en franc\u00e9s)<br \/>\n<object classid=\"clsid:d27cdb6e-ae6d-11cf-96b8-444553540000\" width=\"610\" height=\"370\" codebase=\"http:\/\/download.macromedia.com\/pub\/shockwave\/cabs\/flash\/swflash.cab#version=6,0,40,0\"><param name=\"allowFullScreen\" value=\"true\" \/><param name=\"allowScriptAccess\" value=\"always\" \/><param name=\"src\" value=\"http:\/\/www.youtube.com\/v\/-3COsh7mt0c&amp;color1=0xb1b1b1&amp;color2=0xd0d0d0&amp;hl=en_US&amp;feature=player_embedded&amp;fs=1\" \/><param name=\"allowfullscreen\" value=\"true\" \/><embed type=\"application\/x-shockwave-flash\" width=\"610\" height=\"370\" src=\"http:\/\/www.youtube.com\/v\/-3COsh7mt0c&amp;color1=0xb1b1b1&amp;color2=0xd0d0d0&amp;hl=en_US&amp;feature=player_embedded&amp;fs=1\" allowscriptaccess=\"always\" allowfullscreen=\"true\"><\/embed><\/object><\/p>\n<p>&nbsp;<br \/>\n<a href=\"\/es\/el-programa-sorosoro\/las-conferencias-sorosoro\/\"><img loading=\"lazy\" decoding=\"async\" src=\"http:\/\/www.sorosoro.org\/wp-content\/uploads\/bouton_retour.jpg\" alt=\"bouton_retour\" width=\"20\" height=\"20\" class=\"alignnone size-full wp-image-65133\" \/><\/a>&nbsp;<a href=\"\/es\/el-programa-sorosoro\/las-conferencias-sorosoro\/\"><strong>Volver a la p\u00e1gina anterior<\/strong><\/a><\/p>\n","protected":false},"excerpt":{"rendered":"<p>Despu\u00e9s de una fase de desarrollo del 2006 al 2008, Sorosoro estaba listo para ser lanzado en junio de 2008, bajo los auspicios de la Fundaci\u00f3n Chirac. Varios oradores hicieron sucesivamente uso de la palabra en la Sala L\u00e9vi-Strauss del Museo del Quai Branly. Descargar el programa completo (en franc\u00e9s) &nbsp; Rozenn Milin Rozenn Milin, [&hellip;]<\/p>\n","protected":false},"author":1,"featured_media":0,"comment_status":"closed","ping_status":"open","sticky":false,"template":"","format":"standard","meta":{"footnotes":""},"categories":[40],"tags":[],"class_list":["post-68468","post","type-post","status-publish","format-standard","hentry","category-videos-de-las-conferencias-sorosoro"],"yoast_head":"<!-- This site is optimized with the Yoast SEO plugin v27.0 - https:\/\/yoast.com\/product\/yoast-seo-wordpress\/ -->\n<title>El 1er Reencuentro de Sorosoro del 9 de junio de 2008 - Sorosoro<\/title>\n<meta name=\"robots\" content=\"index, follow, max-snippet:-1, max-image-preview:large, max-video-preview:-1\" \/>\n<link rel=\"canonical\" href=\"https:\/\/www.sorosoro.org\/es\/2008\/06\/el-1er-reencuentro-de-sorosoro-del-9-de-junio-de-2008\/\" \/>\n<meta property=\"og:locale\" content=\"es_ES\" \/>\n<meta property=\"og:type\" content=\"article\" \/>\n<meta property=\"og:title\" content=\"El 1er Reencuentro de Sorosoro del 9 de junio de 2008 - Sorosoro\" \/>\n<meta property=\"og:description\" content=\"Despu\u00e9s de una fase de desarrollo del 2006 al 2008, Sorosoro estaba listo para ser lanzado en junio de 2008, bajo los auspicios de la Fundaci\u00f3n Chirac. Varios oradores hicieron sucesivamente uso de la palabra en la Sala L\u00e9vi-Strauss del Museo del Quai Branly. Descargar el programa completo (en franc\u00e9s) &nbsp; Rozenn Milin Rozenn Milin, [&hellip;]\" \/>\n<meta property=\"og:url\" content=\"https:\/\/www.sorosoro.org\/es\/2008\/06\/el-1er-reencuentro-de-sorosoro-del-9-de-junio-de-2008\/\" \/>\n<meta property=\"og:site_name\" content=\"Sorosoro\" \/>\n<meta property=\"article:published_time\" content=\"2008-06-09T20:16:06+00:00\" \/>\n<meta property=\"article:modified_time\" content=\"2015-10-06T20:40:48+00:00\" \/>\n<meta property=\"og:image\" content=\"http:\/\/www.sorosoro.org\/wp-content\/uploads\/bouton_retour.jpg\" \/>\n<meta name=\"author\" content=\"Sorosoro\" \/>\n<meta name=\"twitter:card\" content=\"summary_large_image\" \/>\n<meta name=\"twitter:label1\" content=\"Escrito por\" \/>\n\t<meta name=\"twitter:data1\" content=\"Sorosoro\" \/>\n\t<meta name=\"twitter:label2\" content=\"Tiempo de lectura\" \/>\n\t<meta name=\"twitter:data2\" content=\"3 minutos\" \/>\n<script type=\"application\/ld+json\" class=\"yoast-schema-graph\">{\"@context\":\"https:\/\/schema.org\",\"@graph\":[{\"@type\":\"Article\",\"@id\":\"https:\/\/www.sorosoro.org\/es\/2008\/06\/el-1er-reencuentro-de-sorosoro-del-9-de-junio-de-2008\/#article\",\"isPartOf\":{\"@id\":\"https:\/\/www.sorosoro.org\/es\/2008\/06\/el-1er-reencuentro-de-sorosoro-del-9-de-junio-de-2008\/\"},\"author\":{\"name\":\"Sorosoro\",\"@id\":\"https:\/\/www.sorosoro.org\/es\/#\/schema\/person\/a457def540d2d426a1f19547404f1917\"},\"headline\":\"El 1er Reencuentro de Sorosoro del 9 de junio de 2008\",\"datePublished\":\"2008-06-09T20:16:06+00:00\",\"dateModified\":\"2015-10-06T20:40:48+00:00\",\"mainEntityOfPage\":{\"@id\":\"https:\/\/www.sorosoro.org\/es\/2008\/06\/el-1er-reencuentro-de-sorosoro-del-9-de-junio-de-2008\/\"},\"wordCount\":571,\"image\":{\"@id\":\"https:\/\/www.sorosoro.org\/es\/2008\/06\/el-1er-reencuentro-de-sorosoro-del-9-de-junio-de-2008\/#primaryimage\"},\"thumbnailUrl\":\"http:\/\/www.sorosoro.org\/wp-content\/uploads\/bouton_retour.jpg\",\"articleSection\":[\"Videos de las conferencias Sorosoro\"],\"inLanguage\":\"es\"},{\"@type\":\"WebPage\",\"@id\":\"https:\/\/www.sorosoro.org\/es\/2008\/06\/el-1er-reencuentro-de-sorosoro-del-9-de-junio-de-2008\/\",\"url\":\"https:\/\/www.sorosoro.org\/es\/2008\/06\/el-1er-reencuentro-de-sorosoro-del-9-de-junio-de-2008\/\",\"name\":\"El 1er Reencuentro de Sorosoro del 9 de junio de 2008 - Sorosoro\",\"isPartOf\":{\"@id\":\"https:\/\/www.sorosoro.org\/es\/#website\"},\"primaryImageOfPage\":{\"@id\":\"https:\/\/www.sorosoro.org\/es\/2008\/06\/el-1er-reencuentro-de-sorosoro-del-9-de-junio-de-2008\/#primaryimage\"},\"image\":{\"@id\":\"https:\/\/www.sorosoro.org\/es\/2008\/06\/el-1er-reencuentro-de-sorosoro-del-9-de-junio-de-2008\/#primaryimage\"},\"thumbnailUrl\":\"http:\/\/www.sorosoro.org\/wp-content\/uploads\/bouton_retour.jpg\",\"datePublished\":\"2008-06-09T20:16:06+00:00\",\"dateModified\":\"2015-10-06T20:40:48+00:00\",\"author\":{\"@id\":\"https:\/\/www.sorosoro.org\/es\/#\/schema\/person\/a457def540d2d426a1f19547404f1917\"},\"breadcrumb\":{\"@id\":\"https:\/\/www.sorosoro.org\/es\/2008\/06\/el-1er-reencuentro-de-sorosoro-del-9-de-junio-de-2008\/#breadcrumb\"},\"inLanguage\":\"es\",\"potentialAction\":[{\"@type\":\"ReadAction\",\"target\":[\"https:\/\/www.sorosoro.org\/es\/2008\/06\/el-1er-reencuentro-de-sorosoro-del-9-de-junio-de-2008\/\"]}]},{\"@type\":\"ImageObject\",\"inLanguage\":\"es\",\"@id\":\"https:\/\/www.sorosoro.org\/es\/2008\/06\/el-1er-reencuentro-de-sorosoro-del-9-de-junio-de-2008\/#primaryimage\",\"url\":\"http:\/\/www.sorosoro.org\/wp-content\/uploads\/bouton_retour.jpg\",\"contentUrl\":\"http:\/\/www.sorosoro.org\/wp-content\/uploads\/bouton_retour.jpg\"},{\"@type\":\"BreadcrumbList\",\"@id\":\"https:\/\/www.sorosoro.org\/es\/2008\/06\/el-1er-reencuentro-de-sorosoro-del-9-de-junio-de-2008\/#breadcrumb\",\"itemListElement\":[{\"@type\":\"ListItem\",\"position\":1,\"name\":\"Accueil\",\"item\":\"https:\/\/www.sorosoro.org\/es\/\"},{\"@type\":\"ListItem\",\"position\":2,\"name\":\"El 1er Reencuentro de Sorosoro del 9 de junio de 2008\"}]},{\"@type\":\"WebSite\",\"@id\":\"https:\/\/www.sorosoro.org\/es\/#website\",\"url\":\"https:\/\/www.sorosoro.org\/es\/\",\"name\":\"Sorosoro\",\"description\":\"Pour que vivent les langues du monde !\",\"potentialAction\":[{\"@type\":\"SearchAction\",\"target\":{\"@type\":\"EntryPoint\",\"urlTemplate\":\"https:\/\/www.sorosoro.org\/es\/?s={search_term_string}\"},\"query-input\":{\"@type\":\"PropertyValueSpecification\",\"valueRequired\":true,\"valueName\":\"search_term_string\"}}],\"inLanguage\":\"es\"},{\"@type\":\"Person\",\"@id\":\"https:\/\/www.sorosoro.org\/es\/#\/schema\/person\/a457def540d2d426a1f19547404f1917\",\"name\":\"Sorosoro\",\"url\":\"https:\/\/www.sorosoro.org\/es\/author\/admin\/\"}]}<\/script>\n<!-- \/ Yoast SEO plugin. -->","yoast_head_json":{"title":"El 1er Reencuentro de Sorosoro del 9 de junio de 2008 - Sorosoro","robots":{"index":"index","follow":"follow","max-snippet":"max-snippet:-1","max-image-preview":"max-image-preview:large","max-video-preview":"max-video-preview:-1"},"canonical":"https:\/\/www.sorosoro.org\/es\/2008\/06\/el-1er-reencuentro-de-sorosoro-del-9-de-junio-de-2008\/","og_locale":"es_ES","og_type":"article","og_title":"El 1er Reencuentro de Sorosoro del 9 de junio de 2008 - Sorosoro","og_description":"Despu\u00e9s de una fase de desarrollo del 2006 al 2008, Sorosoro estaba listo para ser lanzado en junio de 2008, bajo los auspicios de la Fundaci\u00f3n Chirac. Varios oradores hicieron sucesivamente uso de la palabra en la Sala L\u00e9vi-Strauss del Museo del Quai Branly. Descargar el programa completo (en franc\u00e9s) &nbsp; Rozenn Milin Rozenn Milin, [&hellip;]","og_url":"https:\/\/www.sorosoro.org\/es\/2008\/06\/el-1er-reencuentro-de-sorosoro-del-9-de-junio-de-2008\/","og_site_name":"Sorosoro","article_published_time":"2008-06-09T20:16:06+00:00","article_modified_time":"2015-10-06T20:40:48+00:00","og_image":[{"url":"http:\/\/www.sorosoro.org\/wp-content\/uploads\/bouton_retour.jpg","type":"","width":"","height":""}],"author":"Sorosoro","twitter_card":"summary_large_image","twitter_misc":{"Escrito por":"Sorosoro","Tiempo de lectura":"3 minutos"},"schema":{"@context":"https:\/\/schema.org","@graph":[{"@type":"Article","@id":"https:\/\/www.sorosoro.org\/es\/2008\/06\/el-1er-reencuentro-de-sorosoro-del-9-de-junio-de-2008\/#article","isPartOf":{"@id":"https:\/\/www.sorosoro.org\/es\/2008\/06\/el-1er-reencuentro-de-sorosoro-del-9-de-junio-de-2008\/"},"author":{"name":"Sorosoro","@id":"https:\/\/www.sorosoro.org\/es\/#\/schema\/person\/a457def540d2d426a1f19547404f1917"},"headline":"El 1er Reencuentro de Sorosoro del 9 de junio de 2008","datePublished":"2008-06-09T20:16:06+00:00","dateModified":"2015-10-06T20:40:48+00:00","mainEntityOfPage":{"@id":"https:\/\/www.sorosoro.org\/es\/2008\/06\/el-1er-reencuentro-de-sorosoro-del-9-de-junio-de-2008\/"},"wordCount":571,"image":{"@id":"https:\/\/www.sorosoro.org\/es\/2008\/06\/el-1er-reencuentro-de-sorosoro-del-9-de-junio-de-2008\/#primaryimage"},"thumbnailUrl":"http:\/\/www.sorosoro.org\/wp-content\/uploads\/bouton_retour.jpg","articleSection":["Videos de las conferencias Sorosoro"],"inLanguage":"es"},{"@type":"WebPage","@id":"https:\/\/www.sorosoro.org\/es\/2008\/06\/el-1er-reencuentro-de-sorosoro-del-9-de-junio-de-2008\/","url":"https:\/\/www.sorosoro.org\/es\/2008\/06\/el-1er-reencuentro-de-sorosoro-del-9-de-junio-de-2008\/","name":"El 1er Reencuentro de Sorosoro del 9 de junio de 2008 - Sorosoro","isPartOf":{"@id":"https:\/\/www.sorosoro.org\/es\/#website"},"primaryImageOfPage":{"@id":"https:\/\/www.sorosoro.org\/es\/2008\/06\/el-1er-reencuentro-de-sorosoro-del-9-de-junio-de-2008\/#primaryimage"},"image":{"@id":"https:\/\/www.sorosoro.org\/es\/2008\/06\/el-1er-reencuentro-de-sorosoro-del-9-de-junio-de-2008\/#primaryimage"},"thumbnailUrl":"http:\/\/www.sorosoro.org\/wp-content\/uploads\/bouton_retour.jpg","datePublished":"2008-06-09T20:16:06+00:00","dateModified":"2015-10-06T20:40:48+00:00","author":{"@id":"https:\/\/www.sorosoro.org\/es\/#\/schema\/person\/a457def540d2d426a1f19547404f1917"},"breadcrumb":{"@id":"https:\/\/www.sorosoro.org\/es\/2008\/06\/el-1er-reencuentro-de-sorosoro-del-9-de-junio-de-2008\/#breadcrumb"},"inLanguage":"es","potentialAction":[{"@type":"ReadAction","target":["https:\/\/www.sorosoro.org\/es\/2008\/06\/el-1er-reencuentro-de-sorosoro-del-9-de-junio-de-2008\/"]}]},{"@type":"ImageObject","inLanguage":"es","@id":"https:\/\/www.sorosoro.org\/es\/2008\/06\/el-1er-reencuentro-de-sorosoro-del-9-de-junio-de-2008\/#primaryimage","url":"http:\/\/www.sorosoro.org\/wp-content\/uploads\/bouton_retour.jpg","contentUrl":"http:\/\/www.sorosoro.org\/wp-content\/uploads\/bouton_retour.jpg"},{"@type":"BreadcrumbList","@id":"https:\/\/www.sorosoro.org\/es\/2008\/06\/el-1er-reencuentro-de-sorosoro-del-9-de-junio-de-2008\/#breadcrumb","itemListElement":[{"@type":"ListItem","position":1,"name":"Accueil","item":"https:\/\/www.sorosoro.org\/es\/"},{"@type":"ListItem","position":2,"name":"El 1er Reencuentro de Sorosoro del 9 de junio de 2008"}]},{"@type":"WebSite","@id":"https:\/\/www.sorosoro.org\/es\/#website","url":"https:\/\/www.sorosoro.org\/es\/","name":"Sorosoro","description":"Pour que vivent les langues du monde !","potentialAction":[{"@type":"SearchAction","target":{"@type":"EntryPoint","urlTemplate":"https:\/\/www.sorosoro.org\/es\/?s={search_term_string}"},"query-input":{"@type":"PropertyValueSpecification","valueRequired":true,"valueName":"search_term_string"}}],"inLanguage":"es"},{"@type":"Person","@id":"https:\/\/www.sorosoro.org\/es\/#\/schema\/person\/a457def540d2d426a1f19547404f1917","name":"Sorosoro","url":"https:\/\/www.sorosoro.org\/es\/author\/admin\/"}]}},"_links":{"self":[{"href":"https:\/\/www.sorosoro.org\/es\/wp-json\/wp\/v2\/posts\/68468","targetHints":{"allow":["GET"]}}],"collection":[{"href":"https:\/\/www.sorosoro.org\/es\/wp-json\/wp\/v2\/posts"}],"about":[{"href":"https:\/\/www.sorosoro.org\/es\/wp-json\/wp\/v2\/types\/post"}],"author":[{"embeddable":true,"href":"https:\/\/www.sorosoro.org\/es\/wp-json\/wp\/v2\/users\/1"}],"replies":[{"embeddable":true,"href":"https:\/\/www.sorosoro.org\/es\/wp-json\/wp\/v2\/comments?post=68468"}],"version-history":[{"count":0,"href":"https:\/\/www.sorosoro.org\/es\/wp-json\/wp\/v2\/posts\/68468\/revisions"}],"wp:attachment":[{"href":"https:\/\/www.sorosoro.org\/es\/wp-json\/wp\/v2\/media?parent=68468"}],"wp:term":[{"taxonomy":"category","embeddable":true,"href":"https:\/\/www.sorosoro.org\/es\/wp-json\/wp\/v2\/categories?post=68468"},{"taxonomy":"post_tag","embeddable":true,"href":"https:\/\/www.sorosoro.org\/es\/wp-json\/wp\/v2\/tags?post=68468"}],"curies":[{"name":"wp","href":"https:\/\/api.w.org\/{rel}","templated":true}]}}