{"id":32844,"date":"2010-11-26T01:13:30","date_gmt":"2010-11-26T00:13:30","guid":{"rendered":"http:\/\/www.sorosoro.org\/?p=32844"},"modified":"2010-11-27T11:22:11","modified_gmt":"2010-11-27T10:22:11","slug":"26-de-noviembre-de-2010-conferencia-sobre-los-criollos-en-el-laboratorio-dinamico-del-lenguaje-ddl-de-la-ciudad-de-lyon-francia","status":"publish","type":"post","link":"https:\/\/www.sorosoro.org\/es\/2010\/11\/26-de-noviembre-de-2010-conferencia-sobre-los-criollos-en-el-laboratorio-dinamico-del-lenguaje-ddl-de-la-ciudad-de-lyon-francia\/","title":{"rendered":"26 de noviembre de 2010: conferencia sobre los criollos en el laboratorio Din\u00e1mico del Lenguaje (DDL) de la ciudad de Lyon, Francia"},"content":{"rendered":"<p style=\"text-align: justify;\">\u00ab La <strong>emergencia de los criollos<\/strong>: algunos mitos que ya no deber\u00edan mantenerse \u00bb, as\u00ed es como se intitula la conferencia que dar\u00e1 en la ciudad de Lyon el <strong>ling\u00fcista Saliloko Mufwene<\/strong>, de la Universidad de Chicago, en el marco de los seminarios de laboratorio DDL.<\/p>\n<p style=\"text-align: justify;\">\n<p style=\"text-align: justify;\">Nacido en la Rep\u00fablica Democr\u00e1tica del Congo, S. Mufwene trabaja particularmente sobre las lenguas criollas, as\u00ed como en el ingl\u00e9s vern\u00e1culo de los afroamericanos.<\/p>\n<p style=\"text-align: justify;\">\n<p style=\"text-align: justify;\">El ling\u00fcista se dedicar\u00e1 a resconstru\u00edr los <strong>mitos y las ideas recibidas<\/strong> que rodean la emergencia y el desarrollo de los criollos. Entre estas hip\u00f3tesis juzgadas err\u00f3neas y que reflejan prejuicios del siglo XIX, encontramos en particular:<\/p>\n<p style=\"text-align: justify; padding-left: 30px;\">&#8211; Los criollos estar\u00edan dentro de las lenguas m\u00e1s simples, o las menos complejas, del mundo;<\/p>\n<p style=\"text-align: justify; padding-left: 30px;\">&#8211; No podr\u00edamos clasificar a los criollos gen\u00e9ticamente, porque no se prestar\u00edan f\u00e1cilmente al m\u00e9todo comparativo<\/p>\n<p style=\"text-align: justify; padding-left: 30px;\">&#8211; Los criollos habr\u00edan retenido \u00fanicamente el vocabulario de las lenguas europeas y habr\u00edan escogido o heredado su gram\u00e1tica de las lenguas substractivas y\\o de los universales de la adquisici\u00f3n de la lengua segunda.<\/p>\n<p style=\"text-align: justify; padding-left: 30px;\">&#8211; Los Criollos se habr\u00edan desarrollado a partir de pidgins, los cuales no habr\u00edan tenido ninguna gram\u00e1tica<\/p>\n<p style=\"text-align: justify; padding-left: 30px;\">&#8211; Los criollos habr\u00edan sido formados por los ni\u00f1os, gracias a su acceso privilegiado a la gram\u00e1tica universal chomskiana. etc.<\/p>\n<p style=\"text-align: justify;\">\n<p style=\"text-align: justify;\"><em>El 26 de noviembre de las 10am a las 12<\/em><\/p>\n<p style=\"text-align: justify;\"><em>Sala Ennat L\u00e9ger<\/em><\/p>\n<p><em>Instituto de las Ciencias del Hombre<\/em><\/p>\n<p><em>14 avenida Berthelot<\/em><\/p>\n<p><em>7\u00e8me arrondissement<\/em><\/p>\n<p><em>LYON<\/em><\/p>\n","protected":false},"excerpt":{"rendered":"<p>\u00ab La emergencia de los criollos: algunos mitos que ya no deber\u00edan mantenerse \u00bb, as\u00ed es como se intitula la conferencia que dar\u00e1 en la ciudad de Lyon el ling\u00fcista Saliloko Mufwene, de la Universidad de Chicago, en el marco de los seminarios de laboratorio DDL. Nacido en la Rep\u00fablica Democr\u00e1tica del Congo, S. Mufwene [&hellip;]<\/p>\n","protected":false},"author":12,"featured_media":0,"comment_status":"closed","ping_status":"open","sticky":false,"template":"","format":"standard","meta":{"footnotes":""},"categories":[10],"tags":[375,1009,385,1010,935,1012,1014,557,1011,981,1013],"class_list":["post-32844","post","type-post","status-publish","format-standard","hentry","category-calendario","tag-conferencia","tag-criollo","tag-ddl","tag-emergencia-de-los-criollos","tag-francia","tag-ideas-recibidas","tag-laboratorio-dinamico-del-lenguaje","tag-lyon","tag-mitos","tag-saliloko-mufwene","tag-universidad-de-chicago"],"yoast_head":"<!-- This site is optimized with the Yoast SEO plugin v27.0 - https:\/\/yoast.com\/product\/yoast-seo-wordpress\/ -->\n<title>26 de noviembre de 2010: conferencia sobre los criollos en el laboratorio Din\u00e1mico del Lenguaje (DDL) de la ciudad de Lyon, Francia - Sorosoro<\/title>\n<meta name=\"robots\" content=\"index, follow, max-snippet:-1, max-image-preview:large, max-video-preview:-1\" \/>\n<link rel=\"canonical\" href=\"https:\/\/www.sorosoro.org\/es\/2010\/11\/26-de-noviembre-de-2010-conferencia-sobre-los-criollos-en-el-laboratorio-dinamico-del-lenguaje-ddl-de-la-ciudad-de-lyon-francia\/\" \/>\n<meta property=\"og:locale\" content=\"es_ES\" \/>\n<meta property=\"og:type\" content=\"article\" \/>\n<meta property=\"og:title\" content=\"26 de noviembre de 2010: conferencia sobre los criollos en el laboratorio Din\u00e1mico del Lenguaje (DDL) de la ciudad de Lyon, Francia - Sorosoro\" \/>\n<meta property=\"og:description\" content=\"\u00ab La emergencia de los criollos: algunos mitos que ya no deber\u00edan mantenerse \u00bb, as\u00ed es como se intitula la conferencia que dar\u00e1 en la ciudad de Lyon el ling\u00fcista Saliloko Mufwene, de la Universidad de Chicago, en el marco de los seminarios de laboratorio DDL. Nacido en la Rep\u00fablica Democr\u00e1tica del Congo, S. Mufwene [&hellip;]\" \/>\n<meta property=\"og:url\" content=\"https:\/\/www.sorosoro.org\/es\/2010\/11\/26-de-noviembre-de-2010-conferencia-sobre-los-criollos-en-el-laboratorio-dinamico-del-lenguaje-ddl-de-la-ciudad-de-lyon-francia\/\" \/>\n<meta property=\"og:site_name\" content=\"Sorosoro\" \/>\n<meta property=\"article:published_time\" content=\"2010-11-26T00:13:30+00:00\" \/>\n<meta property=\"article:modified_time\" content=\"2010-11-27T10:22:11+00:00\" \/>\n<meta name=\"author\" content=\"Rozenn Milin\" \/>\n<meta name=\"twitter:card\" content=\"summary_large_image\" \/>\n<meta name=\"twitter:label1\" content=\"Escrito por\" \/>\n\t<meta name=\"twitter:data1\" content=\"Rozenn Milin\" \/>\n\t<meta name=\"twitter:label2\" content=\"Tiempo de lectura\" \/>\n\t<meta name=\"twitter:data2\" content=\"1 minuto\" \/>\n<script type=\"application\/ld+json\" class=\"yoast-schema-graph\">{\"@context\":\"https:\/\/schema.org\",\"@graph\":[{\"@type\":\"Article\",\"@id\":\"https:\/\/www.sorosoro.org\/es\/2010\/11\/26-de-noviembre-de-2010-conferencia-sobre-los-criollos-en-el-laboratorio-dinamico-del-lenguaje-ddl-de-la-ciudad-de-lyon-francia\/#article\",\"isPartOf\":{\"@id\":\"https:\/\/www.sorosoro.org\/es\/2010\/11\/26-de-noviembre-de-2010-conferencia-sobre-los-criollos-en-el-laboratorio-dinamico-del-lenguaje-ddl-de-la-ciudad-de-lyon-francia\/\"},\"author\":{\"name\":\"Rozenn Milin\",\"@id\":\"https:\/\/www.sorosoro.org\/es\/#\/schema\/person\/dd9df1e0efca59879d3133588ff0dfc1\"},\"headline\":\"26 de noviembre de 2010: conferencia sobre los criollos en el laboratorio Din\u00e1mico del Lenguaje (DDL) de la ciudad de Lyon, Francia\",\"datePublished\":\"2010-11-26T00:13:30+00:00\",\"dateModified\":\"2010-11-27T10:22:11+00:00\",\"mainEntityOfPage\":{\"@id\":\"https:\/\/www.sorosoro.org\/es\/2010\/11\/26-de-noviembre-de-2010-conferencia-sobre-los-criollos-en-el-laboratorio-dinamico-del-lenguaje-ddl-de-la-ciudad-de-lyon-francia\/\"},\"wordCount\":280,\"keywords\":[\"conferencia\",\"criollo\",\"DDL\",\"emergencia de los criollos\",\"Francia\",\"ideas recibidas\",\"laboratorio Din\u00e1mico del Lenguaje\",\"lyon\",\"mitos\",\"Saliloko Mufwene\",\"Universidad de Chicago\"],\"articleSection\":[\"Calendario\"],\"inLanguage\":\"es\"},{\"@type\":\"WebPage\",\"@id\":\"https:\/\/www.sorosoro.org\/es\/2010\/11\/26-de-noviembre-de-2010-conferencia-sobre-los-criollos-en-el-laboratorio-dinamico-del-lenguaje-ddl-de-la-ciudad-de-lyon-francia\/\",\"url\":\"https:\/\/www.sorosoro.org\/es\/2010\/11\/26-de-noviembre-de-2010-conferencia-sobre-los-criollos-en-el-laboratorio-dinamico-del-lenguaje-ddl-de-la-ciudad-de-lyon-francia\/\",\"name\":\"26 de noviembre de 2010: conferencia sobre los criollos en el laboratorio Din\u00e1mico del Lenguaje (DDL) de la ciudad de Lyon, Francia - Sorosoro\",\"isPartOf\":{\"@id\":\"https:\/\/www.sorosoro.org\/es\/#website\"},\"datePublished\":\"2010-11-26T00:13:30+00:00\",\"dateModified\":\"2010-11-27T10:22:11+00:00\",\"author\":{\"@id\":\"https:\/\/www.sorosoro.org\/es\/#\/schema\/person\/dd9df1e0efca59879d3133588ff0dfc1\"},\"breadcrumb\":{\"@id\":\"https:\/\/www.sorosoro.org\/es\/2010\/11\/26-de-noviembre-de-2010-conferencia-sobre-los-criollos-en-el-laboratorio-dinamico-del-lenguaje-ddl-de-la-ciudad-de-lyon-francia\/#breadcrumb\"},\"inLanguage\":\"es\",\"potentialAction\":[{\"@type\":\"ReadAction\",\"target\":[\"https:\/\/www.sorosoro.org\/es\/2010\/11\/26-de-noviembre-de-2010-conferencia-sobre-los-criollos-en-el-laboratorio-dinamico-del-lenguaje-ddl-de-la-ciudad-de-lyon-francia\/\"]}]},{\"@type\":\"BreadcrumbList\",\"@id\":\"https:\/\/www.sorosoro.org\/es\/2010\/11\/26-de-noviembre-de-2010-conferencia-sobre-los-criollos-en-el-laboratorio-dinamico-del-lenguaje-ddl-de-la-ciudad-de-lyon-francia\/#breadcrumb\",\"itemListElement\":[{\"@type\":\"ListItem\",\"position\":1,\"name\":\"Accueil\",\"item\":\"https:\/\/www.sorosoro.org\/es\/\"},{\"@type\":\"ListItem\",\"position\":2,\"name\":\"26 de noviembre de 2010: conferencia sobre los criollos en el laboratorio Din\u00e1mico del Lenguaje (DDL) de la ciudad de Lyon, Francia\"}]},{\"@type\":\"WebSite\",\"@id\":\"https:\/\/www.sorosoro.org\/es\/#website\",\"url\":\"https:\/\/www.sorosoro.org\/es\/\",\"name\":\"Sorosoro\",\"description\":\"Pour que vivent les langues du monde !\",\"potentialAction\":[{\"@type\":\"SearchAction\",\"target\":{\"@type\":\"EntryPoint\",\"urlTemplate\":\"https:\/\/www.sorosoro.org\/es\/?s={search_term_string}\"},\"query-input\":{\"@type\":\"PropertyValueSpecification\",\"valueRequired\":true,\"valueName\":\"search_term_string\"}}],\"inLanguage\":\"es\"},{\"@type\":\"Person\",\"@id\":\"https:\/\/www.sorosoro.org\/es\/#\/schema\/person\/dd9df1e0efca59879d3133588ff0dfc1\",\"name\":\"Rozenn Milin\",\"url\":\"https:\/\/www.sorosoro.org\/es\/author\/rozenn-milin\/\"}]}<\/script>\n<!-- \/ Yoast SEO plugin. -->","yoast_head_json":{"title":"26 de noviembre de 2010: conferencia sobre los criollos en el laboratorio Din\u00e1mico del Lenguaje (DDL) de la ciudad de Lyon, Francia - Sorosoro","robots":{"index":"index","follow":"follow","max-snippet":"max-snippet:-1","max-image-preview":"max-image-preview:large","max-video-preview":"max-video-preview:-1"},"canonical":"https:\/\/www.sorosoro.org\/es\/2010\/11\/26-de-noviembre-de-2010-conferencia-sobre-los-criollos-en-el-laboratorio-dinamico-del-lenguaje-ddl-de-la-ciudad-de-lyon-francia\/","og_locale":"es_ES","og_type":"article","og_title":"26 de noviembre de 2010: conferencia sobre los criollos en el laboratorio Din\u00e1mico del Lenguaje (DDL) de la ciudad de Lyon, Francia - Sorosoro","og_description":"\u00ab La emergencia de los criollos: algunos mitos que ya no deber\u00edan mantenerse \u00bb, as\u00ed es como se intitula la conferencia que dar\u00e1 en la ciudad de Lyon el ling\u00fcista Saliloko Mufwene, de la Universidad de Chicago, en el marco de los seminarios de laboratorio DDL. Nacido en la Rep\u00fablica Democr\u00e1tica del Congo, S. Mufwene [&hellip;]","og_url":"https:\/\/www.sorosoro.org\/es\/2010\/11\/26-de-noviembre-de-2010-conferencia-sobre-los-criollos-en-el-laboratorio-dinamico-del-lenguaje-ddl-de-la-ciudad-de-lyon-francia\/","og_site_name":"Sorosoro","article_published_time":"2010-11-26T00:13:30+00:00","article_modified_time":"2010-11-27T10:22:11+00:00","author":"Rozenn Milin","twitter_card":"summary_large_image","twitter_misc":{"Escrito por":"Rozenn Milin","Tiempo de lectura":"1 minuto"},"schema":{"@context":"https:\/\/schema.org","@graph":[{"@type":"Article","@id":"https:\/\/www.sorosoro.org\/es\/2010\/11\/26-de-noviembre-de-2010-conferencia-sobre-los-criollos-en-el-laboratorio-dinamico-del-lenguaje-ddl-de-la-ciudad-de-lyon-francia\/#article","isPartOf":{"@id":"https:\/\/www.sorosoro.org\/es\/2010\/11\/26-de-noviembre-de-2010-conferencia-sobre-los-criollos-en-el-laboratorio-dinamico-del-lenguaje-ddl-de-la-ciudad-de-lyon-francia\/"},"author":{"name":"Rozenn Milin","@id":"https:\/\/www.sorosoro.org\/es\/#\/schema\/person\/dd9df1e0efca59879d3133588ff0dfc1"},"headline":"26 de noviembre de 2010: conferencia sobre los criollos en el laboratorio Din\u00e1mico del Lenguaje (DDL) de la ciudad de Lyon, Francia","datePublished":"2010-11-26T00:13:30+00:00","dateModified":"2010-11-27T10:22:11+00:00","mainEntityOfPage":{"@id":"https:\/\/www.sorosoro.org\/es\/2010\/11\/26-de-noviembre-de-2010-conferencia-sobre-los-criollos-en-el-laboratorio-dinamico-del-lenguaje-ddl-de-la-ciudad-de-lyon-francia\/"},"wordCount":280,"keywords":["conferencia","criollo","DDL","emergencia de los criollos","Francia","ideas recibidas","laboratorio Din\u00e1mico del Lenguaje","lyon","mitos","Saliloko Mufwene","Universidad de Chicago"],"articleSection":["Calendario"],"inLanguage":"es"},{"@type":"WebPage","@id":"https:\/\/www.sorosoro.org\/es\/2010\/11\/26-de-noviembre-de-2010-conferencia-sobre-los-criollos-en-el-laboratorio-dinamico-del-lenguaje-ddl-de-la-ciudad-de-lyon-francia\/","url":"https:\/\/www.sorosoro.org\/es\/2010\/11\/26-de-noviembre-de-2010-conferencia-sobre-los-criollos-en-el-laboratorio-dinamico-del-lenguaje-ddl-de-la-ciudad-de-lyon-francia\/","name":"26 de noviembre de 2010: conferencia sobre los criollos en el laboratorio Din\u00e1mico del Lenguaje (DDL) de la ciudad de Lyon, Francia - Sorosoro","isPartOf":{"@id":"https:\/\/www.sorosoro.org\/es\/#website"},"datePublished":"2010-11-26T00:13:30+00:00","dateModified":"2010-11-27T10:22:11+00:00","author":{"@id":"https:\/\/www.sorosoro.org\/es\/#\/schema\/person\/dd9df1e0efca59879d3133588ff0dfc1"},"breadcrumb":{"@id":"https:\/\/www.sorosoro.org\/es\/2010\/11\/26-de-noviembre-de-2010-conferencia-sobre-los-criollos-en-el-laboratorio-dinamico-del-lenguaje-ddl-de-la-ciudad-de-lyon-francia\/#breadcrumb"},"inLanguage":"es","potentialAction":[{"@type":"ReadAction","target":["https:\/\/www.sorosoro.org\/es\/2010\/11\/26-de-noviembre-de-2010-conferencia-sobre-los-criollos-en-el-laboratorio-dinamico-del-lenguaje-ddl-de-la-ciudad-de-lyon-francia\/"]}]},{"@type":"BreadcrumbList","@id":"https:\/\/www.sorosoro.org\/es\/2010\/11\/26-de-noviembre-de-2010-conferencia-sobre-los-criollos-en-el-laboratorio-dinamico-del-lenguaje-ddl-de-la-ciudad-de-lyon-francia\/#breadcrumb","itemListElement":[{"@type":"ListItem","position":1,"name":"Accueil","item":"https:\/\/www.sorosoro.org\/es\/"},{"@type":"ListItem","position":2,"name":"26 de noviembre de 2010: conferencia sobre los criollos en el laboratorio Din\u00e1mico del Lenguaje (DDL) de la ciudad de Lyon, Francia"}]},{"@type":"WebSite","@id":"https:\/\/www.sorosoro.org\/es\/#website","url":"https:\/\/www.sorosoro.org\/es\/","name":"Sorosoro","description":"Pour que vivent les langues du monde !","potentialAction":[{"@type":"SearchAction","target":{"@type":"EntryPoint","urlTemplate":"https:\/\/www.sorosoro.org\/es\/?s={search_term_string}"},"query-input":{"@type":"PropertyValueSpecification","valueRequired":true,"valueName":"search_term_string"}}],"inLanguage":"es"},{"@type":"Person","@id":"https:\/\/www.sorosoro.org\/es\/#\/schema\/person\/dd9df1e0efca59879d3133588ff0dfc1","name":"Rozenn Milin","url":"https:\/\/www.sorosoro.org\/es\/author\/rozenn-milin\/"}]}},"_links":{"self":[{"href":"https:\/\/www.sorosoro.org\/es\/wp-json\/wp\/v2\/posts\/32844","targetHints":{"allow":["GET"]}}],"collection":[{"href":"https:\/\/www.sorosoro.org\/es\/wp-json\/wp\/v2\/posts"}],"about":[{"href":"https:\/\/www.sorosoro.org\/es\/wp-json\/wp\/v2\/types\/post"}],"author":[{"embeddable":true,"href":"https:\/\/www.sorosoro.org\/es\/wp-json\/wp\/v2\/users\/12"}],"replies":[{"embeddable":true,"href":"https:\/\/www.sorosoro.org\/es\/wp-json\/wp\/v2\/comments?post=32844"}],"version-history":[{"count":0,"href":"https:\/\/www.sorosoro.org\/es\/wp-json\/wp\/v2\/posts\/32844\/revisions"}],"wp:attachment":[{"href":"https:\/\/www.sorosoro.org\/es\/wp-json\/wp\/v2\/media?parent=32844"}],"wp:term":[{"taxonomy":"category","embeddable":true,"href":"https:\/\/www.sorosoro.org\/es\/wp-json\/wp\/v2\/categories?post=32844"},{"taxonomy":"post_tag","embeddable":true,"href":"https:\/\/www.sorosoro.org\/es\/wp-json\/wp\/v2\/tags?post=32844"}],"curies":[{"name":"wp","href":"https:\/\/api.w.org\/{rel}","templated":true}]}}