{"id":31870,"date":"2010-11-02T22:17:44","date_gmt":"2010-11-02T21:17:44","guid":{"rendered":"http:\/\/www.sorosoro.org\/?p=31870"},"modified":"2010-11-05T15:45:19","modified_gmt":"2010-11-05T14:45:19","slug":"2-de-noviembre-de-2010-5-diputados-presentaran-un-texto-de-ley-sobre-las-lenguas-regionales-francia","status":"publish","type":"post","link":"https:\/\/www.sorosoro.org\/es\/2010\/11\/2-de-noviembre-de-2010-5-diputados-presentaran-un-texto-de-ley-sobre-las-lenguas-regionales-francia\/","title":{"rendered":"2 de noviembre de 2010: 5 diputados presentar\u00e1n un texto de ley sobre las lenguas regionales, Francia"},"content":{"rendered":"<p style=\"text-align: justify;\">En un comunicado, los diputados del departamento franc\u00e9s del Finisterre Jean-Jacques Urvoas, Patricia Adam, Marylise Lebranchu, Annick Le Loch y Gilbert Le Bris se felicitan:<\/p>\n<p style=\"text-align: justify;\">\u00abEl grupo de estudios de la <strong>Asamblea nacional<\/strong> sobre las <strong>lenguas regionales<\/strong> acaba de terminar la redacci\u00f3n de su <strong>propuesta de ley<\/strong>. \u00c9sta ser\u00e1 presentada en los pr\u00f3ximos d\u00edas. Fruto de un procedimiento transpartidario, este texto, apoyado tanto por diputados de la oposici\u00f3n como de la mayor\u00eda, aumenta la oportunidad de ser inscrito a la orden del d\u00eda del Parlamento\u00bb.<\/p>\n<p style=\"text-align: justify;\">\n<p style=\"text-align: justify;\">Contin\u00faan as\u00ed: \u00abSe trata de una propuesta de ley extremadamente ambiciosa, que llega para quitar el conjunto de cerrojos jur\u00eddicos que, al d\u00eda de hoy, contrar\u00edan los esfuerzos a menudo consecuentes consentidos por el por el tejido asociativo y las colectividades territoriales a favor del desarrollo de estas lenguas\u00bb.<\/p>\n<p style=\"text-align: justify;\">\n<p style=\"text-align: justify;\">Efectivamente, un texto as\u00ed no es el primero sobre este tema, y uno se puede preguntar si esta vez el procedimiento tiene la posibilidad de realizarse. Ya que la cuesti\u00f3n de las lenguas regionales suscita siempre pol\u00e9micas en Francia y, a pesar de las promesas electorales de los unos y los otros, la situaci\u00f3n evoluciona a paso de tortuga\u2026<\/p>\n<p style=\"text-align: justify;\">\n","protected":false},"excerpt":{"rendered":"<p>En un comunicado, los diputados del departamento franc\u00e9s del Finisterre Jean-Jacques Urvoas, Patricia Adam, Marylise Lebranchu, Annick Le Loch y Gilbert Le Bris se felicitan: \u00abEl grupo de estudios de la Asamblea nacional sobre las lenguas regionales acaba de terminar la redacci\u00f3n de su propuesta de ley. \u00c9sta ser\u00e1 presentada en los pr\u00f3ximos d\u00edas. Fruto [&hellip;]<\/p>\n","protected":false},"author":12,"featured_media":0,"comment_status":"closed","ping_status":"open","sticky":false,"template":"","format":"standard","meta":{"footnotes":""},"categories":[7],"tags":[909,934,932,935,910,936,933,908,907],"class_list":["post-31870","post","type-post","status-publish","format-standard","hentry","category-noticias","tag-annick-le-loch","tag-diputados","tag-finisterre","tag-francia","tag-gilbert-le-bris","tag-grupo-de-estudios","tag-jean-jacques-urvoas","tag-marylise-lebranchu","tag-patricia-adam"],"yoast_head":"<!-- This site is optimized with the Yoast SEO plugin v27.0 - https:\/\/yoast.com\/product\/yoast-seo-wordpress\/ -->\n<title>2 de noviembre de 2010: 5 diputados presentar\u00e1n un texto de ley sobre las lenguas regionales, Francia - Sorosoro<\/title>\n<meta name=\"robots\" content=\"index, follow, max-snippet:-1, max-image-preview:large, max-video-preview:-1\" \/>\n<link rel=\"canonical\" href=\"https:\/\/www.sorosoro.org\/es\/2010\/11\/2-de-noviembre-de-2010-5-diputados-presentaran-un-texto-de-ley-sobre-las-lenguas-regionales-francia\/\" \/>\n<meta property=\"og:locale\" content=\"es_ES\" \/>\n<meta property=\"og:type\" content=\"article\" \/>\n<meta property=\"og:title\" content=\"2 de noviembre de 2010: 5 diputados presentar\u00e1n un texto de ley sobre las lenguas regionales, Francia - Sorosoro\" \/>\n<meta property=\"og:description\" content=\"En un comunicado, los diputados del departamento franc\u00e9s del Finisterre Jean-Jacques Urvoas, Patricia Adam, Marylise Lebranchu, Annick Le Loch y Gilbert Le Bris se felicitan: \u00abEl grupo de estudios de la Asamblea nacional sobre las lenguas regionales acaba de terminar la redacci\u00f3n de su propuesta de ley. \u00c9sta ser\u00e1 presentada en los pr\u00f3ximos d\u00edas. Fruto [&hellip;]\" \/>\n<meta property=\"og:url\" content=\"https:\/\/www.sorosoro.org\/es\/2010\/11\/2-de-noviembre-de-2010-5-diputados-presentaran-un-texto-de-ley-sobre-las-lenguas-regionales-francia\/\" \/>\n<meta property=\"og:site_name\" content=\"Sorosoro\" \/>\n<meta property=\"article:published_time\" content=\"2010-11-02T21:17:44+00:00\" \/>\n<meta property=\"article:modified_time\" content=\"2010-11-05T14:45:19+00:00\" \/>\n<meta name=\"author\" content=\"Rozenn Milin\" \/>\n<meta name=\"twitter:card\" content=\"summary_large_image\" \/>\n<meta name=\"twitter:label1\" content=\"Escrito por\" \/>\n\t<meta name=\"twitter:data1\" content=\"Rozenn Milin\" \/>\n\t<meta name=\"twitter:label2\" content=\"Tiempo de lectura\" \/>\n\t<meta name=\"twitter:data2\" content=\"1 minuto\" \/>\n<script type=\"application\/ld+json\" class=\"yoast-schema-graph\">{\"@context\":\"https:\/\/schema.org\",\"@graph\":[{\"@type\":\"Article\",\"@id\":\"https:\/\/www.sorosoro.org\/es\/2010\/11\/2-de-noviembre-de-2010-5-diputados-presentaran-un-texto-de-ley-sobre-las-lenguas-regionales-francia\/#article\",\"isPartOf\":{\"@id\":\"https:\/\/www.sorosoro.org\/es\/2010\/11\/2-de-noviembre-de-2010-5-diputados-presentaran-un-texto-de-ley-sobre-las-lenguas-regionales-francia\/\"},\"author\":{\"name\":\"Rozenn Milin\",\"@id\":\"https:\/\/www.sorosoro.org\/es\/#\/schema\/person\/dd9df1e0efca59879d3133588ff0dfc1\"},\"headline\":\"2 de noviembre de 2010: 5 diputados presentar\u00e1n un texto de ley sobre las lenguas regionales, Francia\",\"datePublished\":\"2010-11-02T21:17:44+00:00\",\"dateModified\":\"2010-11-05T14:45:19+00:00\",\"mainEntityOfPage\":{\"@id\":\"https:\/\/www.sorosoro.org\/es\/2010\/11\/2-de-noviembre-de-2010-5-diputados-presentaran-un-texto-de-ley-sobre-las-lenguas-regionales-francia\/\"},\"wordCount\":222,\"keywords\":[\"Annick Le Loch\",\"diputados\",\"Finisterre\",\"Francia\",\"Gilbert Le Bris\",\"grupo de estudios\",\"Jean-Jacques Urvoas\",\"Marylise Lebranchu\",\"Patricia Adam\"],\"articleSection\":[\"Noticias sobre los idiomas en peligro\"],\"inLanguage\":\"es\"},{\"@type\":\"WebPage\",\"@id\":\"https:\/\/www.sorosoro.org\/es\/2010\/11\/2-de-noviembre-de-2010-5-diputados-presentaran-un-texto-de-ley-sobre-las-lenguas-regionales-francia\/\",\"url\":\"https:\/\/www.sorosoro.org\/es\/2010\/11\/2-de-noviembre-de-2010-5-diputados-presentaran-un-texto-de-ley-sobre-las-lenguas-regionales-francia\/\",\"name\":\"2 de noviembre de 2010: 5 diputados presentar\u00e1n un texto de ley sobre las lenguas regionales, Francia - Sorosoro\",\"isPartOf\":{\"@id\":\"https:\/\/www.sorosoro.org\/es\/#website\"},\"datePublished\":\"2010-11-02T21:17:44+00:00\",\"dateModified\":\"2010-11-05T14:45:19+00:00\",\"author\":{\"@id\":\"https:\/\/www.sorosoro.org\/es\/#\/schema\/person\/dd9df1e0efca59879d3133588ff0dfc1\"},\"breadcrumb\":{\"@id\":\"https:\/\/www.sorosoro.org\/es\/2010\/11\/2-de-noviembre-de-2010-5-diputados-presentaran-un-texto-de-ley-sobre-las-lenguas-regionales-francia\/#breadcrumb\"},\"inLanguage\":\"es\",\"potentialAction\":[{\"@type\":\"ReadAction\",\"target\":[\"https:\/\/www.sorosoro.org\/es\/2010\/11\/2-de-noviembre-de-2010-5-diputados-presentaran-un-texto-de-ley-sobre-las-lenguas-regionales-francia\/\"]}]},{\"@type\":\"BreadcrumbList\",\"@id\":\"https:\/\/www.sorosoro.org\/es\/2010\/11\/2-de-noviembre-de-2010-5-diputados-presentaran-un-texto-de-ley-sobre-las-lenguas-regionales-francia\/#breadcrumb\",\"itemListElement\":[{\"@type\":\"ListItem\",\"position\":1,\"name\":\"Accueil\",\"item\":\"https:\/\/www.sorosoro.org\/es\/\"},{\"@type\":\"ListItem\",\"position\":2,\"name\":\"2 de noviembre de 2010: 5 diputados presentar\u00e1n un texto de ley sobre las lenguas regionales, Francia\"}]},{\"@type\":\"WebSite\",\"@id\":\"https:\/\/www.sorosoro.org\/es\/#website\",\"url\":\"https:\/\/www.sorosoro.org\/es\/\",\"name\":\"Sorosoro\",\"description\":\"Pour que vivent les langues du monde !\",\"potentialAction\":[{\"@type\":\"SearchAction\",\"target\":{\"@type\":\"EntryPoint\",\"urlTemplate\":\"https:\/\/www.sorosoro.org\/es\/?s={search_term_string}\"},\"query-input\":{\"@type\":\"PropertyValueSpecification\",\"valueRequired\":true,\"valueName\":\"search_term_string\"}}],\"inLanguage\":\"es\"},{\"@type\":\"Person\",\"@id\":\"https:\/\/www.sorosoro.org\/es\/#\/schema\/person\/dd9df1e0efca59879d3133588ff0dfc1\",\"name\":\"Rozenn Milin\",\"url\":\"https:\/\/www.sorosoro.org\/es\/author\/rozenn-milin\/\"}]}<\/script>\n<!-- \/ Yoast SEO plugin. -->","yoast_head_json":{"title":"2 de noviembre de 2010: 5 diputados presentar\u00e1n un texto de ley sobre las lenguas regionales, Francia - Sorosoro","robots":{"index":"index","follow":"follow","max-snippet":"max-snippet:-1","max-image-preview":"max-image-preview:large","max-video-preview":"max-video-preview:-1"},"canonical":"https:\/\/www.sorosoro.org\/es\/2010\/11\/2-de-noviembre-de-2010-5-diputados-presentaran-un-texto-de-ley-sobre-las-lenguas-regionales-francia\/","og_locale":"es_ES","og_type":"article","og_title":"2 de noviembre de 2010: 5 diputados presentar\u00e1n un texto de ley sobre las lenguas regionales, Francia - Sorosoro","og_description":"En un comunicado, los diputados del departamento franc\u00e9s del Finisterre Jean-Jacques Urvoas, Patricia Adam, Marylise Lebranchu, Annick Le Loch y Gilbert Le Bris se felicitan: \u00abEl grupo de estudios de la Asamblea nacional sobre las lenguas regionales acaba de terminar la redacci\u00f3n de su propuesta de ley. \u00c9sta ser\u00e1 presentada en los pr\u00f3ximos d\u00edas. Fruto [&hellip;]","og_url":"https:\/\/www.sorosoro.org\/es\/2010\/11\/2-de-noviembre-de-2010-5-diputados-presentaran-un-texto-de-ley-sobre-las-lenguas-regionales-francia\/","og_site_name":"Sorosoro","article_published_time":"2010-11-02T21:17:44+00:00","article_modified_time":"2010-11-05T14:45:19+00:00","author":"Rozenn Milin","twitter_card":"summary_large_image","twitter_misc":{"Escrito por":"Rozenn Milin","Tiempo de lectura":"1 minuto"},"schema":{"@context":"https:\/\/schema.org","@graph":[{"@type":"Article","@id":"https:\/\/www.sorosoro.org\/es\/2010\/11\/2-de-noviembre-de-2010-5-diputados-presentaran-un-texto-de-ley-sobre-las-lenguas-regionales-francia\/#article","isPartOf":{"@id":"https:\/\/www.sorosoro.org\/es\/2010\/11\/2-de-noviembre-de-2010-5-diputados-presentaran-un-texto-de-ley-sobre-las-lenguas-regionales-francia\/"},"author":{"name":"Rozenn Milin","@id":"https:\/\/www.sorosoro.org\/es\/#\/schema\/person\/dd9df1e0efca59879d3133588ff0dfc1"},"headline":"2 de noviembre de 2010: 5 diputados presentar\u00e1n un texto de ley sobre las lenguas regionales, Francia","datePublished":"2010-11-02T21:17:44+00:00","dateModified":"2010-11-05T14:45:19+00:00","mainEntityOfPage":{"@id":"https:\/\/www.sorosoro.org\/es\/2010\/11\/2-de-noviembre-de-2010-5-diputados-presentaran-un-texto-de-ley-sobre-las-lenguas-regionales-francia\/"},"wordCount":222,"keywords":["Annick Le Loch","diputados","Finisterre","Francia","Gilbert Le Bris","grupo de estudios","Jean-Jacques Urvoas","Marylise Lebranchu","Patricia Adam"],"articleSection":["Noticias sobre los idiomas en peligro"],"inLanguage":"es"},{"@type":"WebPage","@id":"https:\/\/www.sorosoro.org\/es\/2010\/11\/2-de-noviembre-de-2010-5-diputados-presentaran-un-texto-de-ley-sobre-las-lenguas-regionales-francia\/","url":"https:\/\/www.sorosoro.org\/es\/2010\/11\/2-de-noviembre-de-2010-5-diputados-presentaran-un-texto-de-ley-sobre-las-lenguas-regionales-francia\/","name":"2 de noviembre de 2010: 5 diputados presentar\u00e1n un texto de ley sobre las lenguas regionales, Francia - Sorosoro","isPartOf":{"@id":"https:\/\/www.sorosoro.org\/es\/#website"},"datePublished":"2010-11-02T21:17:44+00:00","dateModified":"2010-11-05T14:45:19+00:00","author":{"@id":"https:\/\/www.sorosoro.org\/es\/#\/schema\/person\/dd9df1e0efca59879d3133588ff0dfc1"},"breadcrumb":{"@id":"https:\/\/www.sorosoro.org\/es\/2010\/11\/2-de-noviembre-de-2010-5-diputados-presentaran-un-texto-de-ley-sobre-las-lenguas-regionales-francia\/#breadcrumb"},"inLanguage":"es","potentialAction":[{"@type":"ReadAction","target":["https:\/\/www.sorosoro.org\/es\/2010\/11\/2-de-noviembre-de-2010-5-diputados-presentaran-un-texto-de-ley-sobre-las-lenguas-regionales-francia\/"]}]},{"@type":"BreadcrumbList","@id":"https:\/\/www.sorosoro.org\/es\/2010\/11\/2-de-noviembre-de-2010-5-diputados-presentaran-un-texto-de-ley-sobre-las-lenguas-regionales-francia\/#breadcrumb","itemListElement":[{"@type":"ListItem","position":1,"name":"Accueil","item":"https:\/\/www.sorosoro.org\/es\/"},{"@type":"ListItem","position":2,"name":"2 de noviembre de 2010: 5 diputados presentar\u00e1n un texto de ley sobre las lenguas regionales, Francia"}]},{"@type":"WebSite","@id":"https:\/\/www.sorosoro.org\/es\/#website","url":"https:\/\/www.sorosoro.org\/es\/","name":"Sorosoro","description":"Pour que vivent les langues du monde !","potentialAction":[{"@type":"SearchAction","target":{"@type":"EntryPoint","urlTemplate":"https:\/\/www.sorosoro.org\/es\/?s={search_term_string}"},"query-input":{"@type":"PropertyValueSpecification","valueRequired":true,"valueName":"search_term_string"}}],"inLanguage":"es"},{"@type":"Person","@id":"https:\/\/www.sorosoro.org\/es\/#\/schema\/person\/dd9df1e0efca59879d3133588ff0dfc1","name":"Rozenn Milin","url":"https:\/\/www.sorosoro.org\/es\/author\/rozenn-milin\/"}]}},"_links":{"self":[{"href":"https:\/\/www.sorosoro.org\/es\/wp-json\/wp\/v2\/posts\/31870","targetHints":{"allow":["GET"]}}],"collection":[{"href":"https:\/\/www.sorosoro.org\/es\/wp-json\/wp\/v2\/posts"}],"about":[{"href":"https:\/\/www.sorosoro.org\/es\/wp-json\/wp\/v2\/types\/post"}],"author":[{"embeddable":true,"href":"https:\/\/www.sorosoro.org\/es\/wp-json\/wp\/v2\/users\/12"}],"replies":[{"embeddable":true,"href":"https:\/\/www.sorosoro.org\/es\/wp-json\/wp\/v2\/comments?post=31870"}],"version-history":[{"count":0,"href":"https:\/\/www.sorosoro.org\/es\/wp-json\/wp\/v2\/posts\/31870\/revisions"}],"wp:attachment":[{"href":"https:\/\/www.sorosoro.org\/es\/wp-json\/wp\/v2\/media?parent=31870"}],"wp:term":[{"taxonomy":"category","embeddable":true,"href":"https:\/\/www.sorosoro.org\/es\/wp-json\/wp\/v2\/categories?post=31870"},{"taxonomy":"post_tag","embeddable":true,"href":"https:\/\/www.sorosoro.org\/es\/wp-json\/wp\/v2\/tags?post=31870"}],"curies":[{"name":"wp","href":"https:\/\/api.w.org\/{rel}","templated":true}]}}