{"id":31593,"date":"2010-11-05T00:05:22","date_gmt":"2010-11-04T23:05:22","guid":{"rendered":"http:\/\/www.sorosoro.org\/?p=31593"},"modified":"2017-02-01T11:10:28","modified_gmt":"2017-02-01T10:10:28","slug":"cielo","status":"publish","type":"post","link":"https:\/\/www.sorosoro.org\/es\/2010\/11\/cielo\/","title":{"rendered":"Cielo"},"content":{"rendered":"<p><strong>En ainu<\/strong>, por Marie Sevela: <span style=\"color: #ff6600;\">kanto<\/span><\/p>\n<p>Se habla esta lengua en Jap\u00f3n.<\/p>\n<p>Precisi\u00f3n: dialecto saru.<\/p>\n<p><strong>En alban\u00e9s<\/strong>, por Leli: <span style=\"color: #ff6600;\">Qiell<\/span><\/p>\n<p>Esta lengua se habla en Albania, en Kosovo, en Macedonia, y en Montenegro<\/p>\n<p><strong>En alem\u00e1n<\/strong>, por Pierre Favresse y Maria: <span style=\"color: #ff6600;\">himmel<\/span><\/p>\n<p>Se habla esta lengua en Alemania, Austria y Suiza.<\/p>\n<p><strong>En amharic<\/strong>, por Pierre Favresse: <span style=\"color: #ff6600;\">s\u00e4may<\/span><\/p>\n<p>Se habla esta lengua en Etiop\u00eda.<\/p>\n<p><strong>En \u00e1rabe<\/strong>, por Saidi Elmahdi: <span style=\"color: #ff6600;\">sama<\/span><\/p>\n<p><strong>En armenio<\/strong>, por Nersissian: <span style=\"color: #ff6600;\">\u0565\u0580\u056f\u056b\u0576\u0584<\/span><\/p>\n<p>Se habla esta lengua en Armenia.<\/p>\n<p>Transcripci\u00f3n al alfabeto latino: \u201cyerkinq\u201d.<\/p>\n<p><strong>En arpit\u00e1n (franco-provenzal)<\/strong>, por Nicole Margot: <span style=\"color: #ff6600;\">ci\u00e8l<\/span><\/p>\n<p>Se habla esta lengua en Saboya y en el Este de Francia, en Suiza romanda, en el Valle de Aosta y en algunos valles de Piamonte (en Italia).<\/p>\n<p>Precisi\u00f3n: a veces, la l no se pronuncia.<\/p>\n<p><strong>En batanga<\/strong>, por Medy: <span style=\"color: #ff6600;\">Loba<\/span><\/p>\n<p>Se habla esta lengua en Camer\u00fan.<\/p>\n<p><strong>En bielorruso<\/strong>, por Marcin: <span style=\"color: #ff6600;\">\u043d\u0435\u0431\u0430<\/span><\/p>\n<p>Esta lengua se habla en Bielorrusia.<\/p>\n<p>Precisi\u00f3n: nieva.<\/p>\n<p><strong>En bret\u00f3n (brezhoneg)<\/strong>, por Luc Morvan, Bernez, Kristian y Mona Maze: <span style=\"color: #ff6600;\">oabl<\/span><\/p>\n<p>Esta lengua se habla en la Breta\u00f1a (Francia).<\/p>\n<p>En un sentido religioso, se dice: \u201cNe\u00f1v\u201d.<\/p>\n<p><strong>En catal\u00e1n<\/strong>, por Caillis-bonet Florence y Fabrice Corrons: <span style=\"color: #ff6600;\">cel<\/span><\/p>\n<p>Se habla esta lengua en Espa\u00f1a (Catalu\u00f1a, Comunidad Valenciana, Baleares), en Francia (en los Pirineos Orientales), en Andorra y en Cerde\u00f1a (Italia).<\/p>\n<p><strong>En checo<\/strong>, por Ilona : <span style=\"color: #ff6600;\">nebe<\/span><\/p>\n<p>Se habla esta lengua en Rep\u00fablica Checa.<\/p>\n<p><strong>En chucoto<\/strong>, por Weinstein Charles: <span style=\"color: #ff6600;\">\u0438\u2019\u0438\u2019\u043d<\/span><\/p>\n<p>Se habla esta lengua en Choukotka (Rusia).<\/p>\n<p><strong>En c\u00f3rnico<\/strong>, por James Hawken: <span style=\"color: #ff6600;\">ebrenn<\/span><\/p>\n<p>Se habla esta lengua en Cornualles (Reino Unido).<\/p>\n<p><strong>En corso,<\/strong> por David: <span style=\"color: #ff6600;\">celu<\/span><\/p>\n<p>Se habla esta lengua en C\u00f3rcega (Francia)<\/p>\n<p><strong>En criollo casamanc\u00e9s<\/strong>, por Biagui No\u00ebl Bernard: <span style=\"color: #ff6600;\">sew<\/span><\/p>\n<p>Se habla esta lengua en Ziguinchor (Senegal).<\/p>\n<p><strong>En drehu<\/strong>, por St\u00e9phanie Geneix-Rabault : <span style=\"color: #ff6600;\">hneng\u00f6drai<\/span><\/p>\n<p>Se habla esta lengua en Lifou (Islas de la Lealtad, Nueva Caledonia).<\/p>\n<p><strong>En elip<\/strong>, por Patrick Ahinaga: <span style=\"color: #ff6600;\">kumon<\/span><\/p>\n<p>Se habla esta lengua en el centro de Camer\u00fan.<\/p>\n<p><strong>En esperanto<\/strong>, por Nicole Margot, Cvi Solt, Aleks y Mirejo: <span style=\"color: #ff6600;\">\u0109ielo<\/span><\/p>\n<p>Se habla esta lengua en el mundo entero.<\/p>\n<p>Precisi\u00f3n: Si no se puede teclear la letra \u0109, se puede remplazar el acento circunflejo por una h, tras la c: \u201cchielo\u201d.<\/p>\n<p>Pronunciaci\u00f3n: tchielo, con el acento t\u00f3nico sobre la e.<\/p>\n<p><strong>En ese ejja<\/strong>, por Marine: <span style=\"color: #ff6600;\">eya<\/span><\/p>\n<p>Se habla esta lengua en Bolivia y Per\u00fa.<\/p>\n<p><strong>En fala<\/strong>, por Eusebio Mart\u00edn: <span style=\"color: #ff6600;\">ceu<\/span><\/p>\n<p>Se habla esta lengua en el Norte de Extremadura (Espa\u00f1a).<\/p>\n<p>Precisi\u00f3n: el plural es: \u201cCeus\u201d.<\/p>\n<p><strong>En franc\u00e9s<\/strong>, por Tania Le Baut Ayuso: <span style=\"color: #ff6600;\">ciel<\/span><\/p>\n<p><strong>En franconiano<\/strong>, por Bina Meusl: <span style=\"color: #ff6600;\">himml<\/span><\/p>\n<p>Se habla esta lengua en Franconia, Alemania.<\/p>\n<p>Precisi\u00f3n: esta lengua tiene muchas variaciones, por lo que existen muchas otras traducciones.<\/p>\n<p><strong>En fula (pulaar, fulfude)<\/strong>, por Seydou: <span style=\"color: #ff6600;\">kammu<\/span><\/p>\n<p>Se habla esta lengua en Camer\u00fan, en la Rep\u00fablica Centroafricana, en el Chad, en Sud\u00e1n, en Nigeria, en N\u00edger, Burkina Faso, en Mauritania, en Senegal, en Gambia, en Guinea, en Guinea Bissau, en Liberia, en Sierra Leona, en Ghana, en el Togo y en Ben\u00edn.<\/p>\n<p>D\u00e9me y Duunde proponen la traducci\u00f3n: \u201casamaan\u201d (asam\u00e2n).<\/p>\n<p><strong>En gbaya kara \u2018bodoe<\/strong>, por roulon-doko:<span style=\"color: #ff6600;\"> yi\u0301k-za\u0302n, za\u0302n<\/span><\/p>\n<p>Se habla esta lengua en la Rep\u00fablica Centroafricana, en la regi\u00f3n de Bouar.<\/p>\n<p>Precisi\u00f3n: \u201cza\u0302n\u201d designa el exterior y por consiguiente, al \u201ccielo\u201d; mientras que el segundo t\u00e9rmino significa literalmente, \u201csuperficie del exterior\u201d, pero solo se refiere al cielo.<\/p>\n<p><strong>En griego<\/strong>, por Nicolas: <span style=\"color: #ff6600;\">\u03bf\u03c5\u03c1\u03b1\u03bd\u03cc\u03c2 \/ouran\u03ccs<\/span><\/p>\n<p>Se habla esta lengua en Grecia.<\/p>\n<p><strong>En hebreo<\/strong>, por Cvi Solt y Marie Sevela: <span style=\"color: #ff6600;\">\u05e9\u05de\u05d9\u05dd<\/span><\/p>\n<p>Se habla esta lengua en Israel.<\/p>\n<p>Pronunciaci\u00f3n: [shama\u2019im]<\/p>\n<p><strong>En h\u00fangaro<\/strong>, por Cvi Solt y Anna S\u00f6r\u00e9s: <span style=\"color: #ff6600;\">\u00e9g<\/span><\/p>\n<p>Se habla esta lengua en Hungr\u00eda y en Europa Central.<\/p>\n<p><strong>En ingl\u00e9s<\/strong>, por Michel y Cvi Solt: <span style=\"color: #ff6600;\">sky<\/span><\/p>\n<p><strong>En island\u00e9s<\/strong>, por Christopher Smith: <span style=\"color: #ff6600;\">himinn<\/span><\/p>\n<p>Se habla esta lengua en Islandia.<\/p>\n<p><strong>En italiano<\/strong>, por Pierre Favresse y Maria: <span style=\"color: #ff6600;\">cielo<\/span><\/p>\n<p>Se habla esta lengua en Italia.<\/p>\n<p>Se pronuncia tchelo<\/p>\n<p><strong>En japon\u00e9s<\/strong>, por Pierre Rudloff, Marie Sevela y Becky: <span style=\"color: #ff6600;\">\u7a7a<\/span><\/p>\n<p>Se habla esta lengua en Jap\u00f3n.<\/p>\n<p>Pronunciaci\u00f3n: [sora].<\/p>\n<p><strong>En kali\u2019na<\/strong>, por Serge: <span style=\"color: #ff6600;\">kapulutu<\/span><\/p>\n<p>Se habla esta lengua en Venezuela, el Surinam, en la Guayana Francesa, en la Guyana y en Brasil.<\/p>\n<p>Precisi\u00f3n: la p se prononcia b, y la t se prononcia d.<\/p>\n<p><strong>En kaqchikel<\/strong>, por Gelber: <span style=\"color: #ff6600;\">ka\u2019aj<\/span><\/p>\n<p>Se habla esta lengua en Comalapa, en el Departamento Chimaltenango, Guatemala.<\/p>\n<p><strong>En khmer<\/strong>, por Pierre Favresse: <span style=\"color: #ff6600;\">meik<\/span><\/p>\n<p>Se habla esta lengua en Camboya y en ciertas partes del Sur de Vietnam.<\/p>\n<p><strong>En kiholo (holu)<\/strong>, por Mvwala Katshinga: <span style=\"color: #ff6600;\">Wulu<\/span><span style=\"color: #ff6600;\"><\/span><\/p>\n<p>Se habla esta lengua en la Rep\u00fablica Democr\u00e1tica del Congo y en Angola.<\/p>\n<p><strong>En libinza<\/strong>, por Constant Bopima M. Bokoto: <span style=\"color: #ff6600;\">Likolo<\/span><\/p>\n<p>Se habla esta lengua en la Rep\u00fablica Democr\u00e1tica del Congo.<\/p>\n<p>Precisi\u00f3n: cuando el cielo se confunde con las nubes, se traduce por \u201cmampata\u201d.<\/p>\n<p><strong>En malgache (malagache)<\/strong>, por Ralalaoherivony Baholisoa: <span style=\"color: #ff6600;\">lanitra<\/span><\/p>\n<p>Se habla esta lengua en Madagascar.<\/p>\n<p><strong>En maori<\/strong>, por Sarah: <span style=\"color: #ff6600;\">rangi<\/span><\/p>\n<p>Se habla esta lengua en Nueva-Zelanda.<\/p>\n<p>Precisi\u00f3n: esta palabra designa tambi\u00e9n al \u201cPara\u00edso\u201d.<\/p>\n<p><strong>En mapudungun<\/strong>, por Alejandra Vergara: <span style=\"color: #ff6600;\">wenumapu<\/span><\/p>\n<p>Se habla esta lengua en Chile y en Argentina (Araucan\u00eda).<\/p>\n<p><strong>En marquisiano<\/strong>, por Alain Boinot: <span style=\"color: #ff6600;\">ani, aki<\/span><\/p>\n<p>Se habla esta lengua en las Islas Marquesas, en la Polinesia Francesa.<\/p>\n<p>Precisi\u00f3n: tambi\u00e9n significa \u201cPara\u00edso\u201d (referencia: grammaire et dictionnaire de la langue des iles Marquises, 1904).<\/p>\n<p><strong>En maya del Yucat\u00e1n (yucateco)<\/strong>, por Jhonnatan rangel: <span style=\"color: #ff6600;\">ka\u2019an<\/span><\/p>\n<p>Se habla esta lengua en la Pen\u00ednsula del Yucat\u00e1n, M\u00e9xico.<\/p>\n<p>Variante: \u201cchaknike\u2019en ka\u2019an\u201d<\/p>\n<p><strong>En neerland\u00e9s<\/strong>, por Pierre Favresse y Nathalie: <span style=\"color: #ff6600;\">hemel<\/span><\/p>\n<p>Se habla esta lengua en Holanda y en Flandes (al Norte de B\u00e9lgica) .<\/p>\n<p><strong>En noruego<\/strong>, por Dominique Colonia: <span style=\"color: #ff6600;\">himmel<\/span><\/p>\n<p>Se habla esta lengua en Noruega.<\/p>\n<p><strong>En occitano<\/strong>, por Teiric: <span style=\"color: #ff6600;\">c\u00e8l, c\u00e8u<\/span><\/p>\n<p>Se habla esta lengua en el Sur de Francia, en el Valle de Ar\u00e1n (Espa\u00f1a) y en los Valles del Sur de Piamonte (Italia).<\/p>\n<p>Precisi\u00f3n: existen otras variantes, seg\u00fan el dialecto.<\/p>\n<p><strong>En picardo<\/strong>, por G\u00e9o: <span style=\"color: #ff6600;\">Ech tans<\/span><\/p>\n<p>Se habla esta lengua en Francia (Picard\u00eda) y en B\u00e9lgica.<\/p>\n<p>Variante: <em> l&#8217;ciel<\/em><\/p>\n<p><strong>En polaco<\/strong>, por Marcin: <span style=\"color: #ff6600;\">niebo<\/span><\/p>\n<p>Se habla esta lengua en Polonia.<\/p>\n<p><strong>En portugu\u00e9s<\/strong>, por Alexis: <span style=\"color: #ff6600;\">c\u00e9u<\/span><\/p>\n<p>Se habla esta lengua en Portugal, Brasil, Guinea-Bissau, Cabo Verde, etc.<\/p>\n<p><strong>En punu<\/strong>, por Jean-Louis Mbadinga: <span style=\"color: #ff6600;\">nzambi<\/span><\/p>\n<p>Se habla esta lengua en Gab\u00f3n y en el Congo-Brazzaville.<\/p>\n<p><strong>En quechua<\/strong>, por Gloria Caceres: <span style=\"color: #ff6600;\">hanaq-pacha<\/span><\/p>\n<p>Se habla esta lengua en los Andes (Per\u00fa, Bolivia y Ecuador).<\/p>\n<p>Precisi\u00f3n: \u201chanaq-pacha\u201d significa \u201cel gran cielo\u201d.<\/p>\n<p>Variante: \u201csilu\u201d (del espa\u00f1ol).<\/p>\n<p><strong>En romanche<\/strong>, por Nicole Margot: <span style=\"color: #ff6600;\">tschiel<\/span><\/p>\n<p>Se habla esta lengua en el cat\u00f3n suizo de los Grisons.<\/p>\n<p>Precisi\u00f3n: el romanche es una de las cuatro lenguas nacionales de Suiza, con el alem\u00e1n, el franc\u00e9s y el italiano. En el cant\u00f3n de los Grisons, donde se habla, se divide en cuatro dialectos: Suprasilvano, subsilvano, supramirano, alto engadino y bajo engadino.<\/p>\n<p>En 1982, el ling\u00fcista Heinrich Schmid propuso bajo responsabilidad de la \u201cLia rumantscha\u201d (Liga romanche) una forma estandarizada, el rumantsch-grischun (RG), que supuso poder escribir esta lengua. Se publica diariamente en esta lengua y en sus dialectos un peri\u00f3dico: \u201cla Quotidana\u201d.<\/p>\n<p><strong>En rumano<\/strong>, por Florica Razumiev: <span style=\"color: #ff6600;\">cer, ceruri<\/span>, s. n.<\/p>\n<p>Se habla esta lengua en Ruman\u00eda y en la Rep\u00fablica de Moldavia.<\/p>\n<p><strong>En ruso<\/strong>, por Marie Sevela: <span style=\"color: #ff6600;\">nebo<\/span><\/p>\n<p><strong>En serbio<\/strong>, por Miona: <span style=\"color: #ff6600;\">nebo<\/span><\/p>\n<p>Se habla esta lengua en Serbia y en ciertas regiones de la ex-Yugoslavia.<\/p>\n<p>Precisi\u00f3n: \u043d\u0435\u0431\u043e en cir\u00edlico.<\/p>\n<p><strong>En swahili (suajili)<\/strong>, por Pierre Favresse: <span style=\"color: #ff6600;\">mbingu<\/span><\/p>\n<p>Se habla esta legua en Kenia y en Tanzania.<\/p>\n<p>Precisi\u00f3n: este idioma es segunda lengua y se habla (o se comprende) en todos los pa\u00edses de \u00c1frica Central y del Este.<\/p>\n<p><strong>En tahitiano<\/strong>, por Alain Boinot: <span style=\"color: #ff6600;\">ao, rai<\/span><\/p>\n<p>Se habla esta lengua en la Polinesia Francesa.<\/p>\n<p>Precisi\u00f3n: significa tambi\u00e9n \u201cPara\u00edso\u201d (referencia Grammaire et dictionnaire Tahitiens 1949)<\/p>\n<p><strong>En tailand\u00e9s (tha\u00ef)<\/strong>, por Gilles Delouche :<span style=\"color: #ff6600;\"> \u0e1f\u0e49\u0e32 \u0e17\u0e49\u0e2d\u0e07\u0e1f\u0e49\u0e32<\/span><\/p>\n<p>Se habla esta lengua en Tailandia.<\/p>\n<p><strong>En tashelhit (tachlhit)<\/strong>, por Elmahdi saidi: <span style=\"color: #ff6600;\">ignna<\/span><\/p>\n<p>Se habla principalmente esta lengua en la regi\u00f3n de Souss, en Marruecos.<\/p>\n<p><strong>En tibetano<\/strong>, pour Juliette Hansen: <span style=\"color: #ff6600;\">Namkha<\/span><\/p>\n<p>Se habla esta lengua en Tibet (China), Nepal y la India.<\/p>\n<p><strong>En toura<\/strong>, por Singo: <span style=\"color: #ff6600;\">t\u00e8nta<\/span><\/p>\n<p>Se habla esta lengua en la regi\u00f3n de Man y de Biankouma, en Costa de Marfil.<\/p>\n<p><strong>En tuareg (tamasheq, tamahaq)<\/strong>, por Boutefna: <span style=\"color: #ff6600;\">aganna<\/span><\/p>\n<p>Se habla esta lengua en Argelia, en Libia, en Mali, en N\u00edger y en Burkina Faso.<\/p>\n<p>Precisi\u00f3n: tambi\u00e9n significa \u201clluvia\u201d.<\/p>\n<p>Ibrahim sugiere tambi\u00e9n la traducci\u00f3n \u201caguina\u201d.<\/p>\n<p><strong>En ucraniano<\/strong>, por Marcin: <span style=\"color: #ff6600;\">\u041d\u0415\u0411\u041e<\/span><\/p>\n<p>Se habla esta lengua en Ucrania.<\/p>\n<p>Pronunciaci\u00f3n: [nebo].<\/p>\n<p><strong>En urdu<\/strong>, por Tomek: <span style=\"color: #ff6600;\">Asmaan<\/span><\/p>\n<p>Se habla esta lengua en  Pakist\u00e1n y el norte de India<\/p>\n<p><strong>En vasco<\/strong>, por Pierre: <span style=\"color: #ff6600;\">zeru<\/span><\/p>\n<p>Se habla esta lengua en Espa\u00f1a y en Francia.<\/p>\n<p>Pronunciaci\u00f3n: seru<\/p>\n<p>Felix sugiere tambi\u00e9n las traducciones: \u201czerua\u201d y \u201cortzi\u201d.<\/p>\n<p><strong>En vilamoviciano<\/strong>, por Marcin: <span style=\"color: #ff6600;\">hym\u00f3\u0142<\/span><\/p>\n<p>Se habla esta lengua en Wilamowice, Polonia.<\/p>\n<p>Pronunciaci\u00f3n: h\u00e9muu.<\/p>\n<p><strong>En zul\u00fa<\/strong>, por Jacques Macaire: <span style=\"color: #ff6600;\">izulu<\/span><\/p>\n<p>Se habla esta legua en la Provincia de KwaZulu-Natal, en \u00c1frica del Sur.<\/p>\n<p>Precisi\u00f3n: el zul\u00fa es una de las lenguas m\u00e1s habladas en \u00c1frica. \u201cAma zul\u00fa\u201d significa \u201cpueblo del cielo\u201d.<\/p>\n","protected":false},"excerpt":{"rendered":"<p>En ainu, por Marie Sevela: kanto Se habla esta lengua en Jap\u00f3n. Precisi\u00f3n: dialecto saru. En alban\u00e9s, por Leli: Qiell Esta lengua se habla en Albania, en Kosovo, en Macedonia, y en Montenegro En alem\u00e1n, por Pierre Favresse y Maria: himmel Se habla esta lengua en Alemania, Austria y Suiza. En amharic, por Pierre Favresse: [&hellip;]<\/p>\n","protected":false},"author":12,"featured_media":0,"comment_status":"closed","ping_status":"open","sticky":false,"template":"","format":"standard","meta":{"footnotes":""},"categories":[16],"tags":[],"class_list":["post-31593","post","type-post","status-publish","format-standard","hentry","category-la-palabra-del-mes"],"yoast_head":"<!-- This site is optimized with the Yoast SEO plugin v27.0 - https:\/\/yoast.com\/product\/yoast-seo-wordpress\/ -->\n<title>Cielo - Sorosoro<\/title>\n<meta name=\"robots\" content=\"index, follow, max-snippet:-1, max-image-preview:large, max-video-preview:-1\" \/>\n<link rel=\"canonical\" href=\"https:\/\/www.sorosoro.org\/es\/2010\/11\/cielo\/\" \/>\n<meta property=\"og:locale\" content=\"es_ES\" \/>\n<meta property=\"og:type\" content=\"article\" \/>\n<meta property=\"og:title\" content=\"Cielo - Sorosoro\" \/>\n<meta property=\"og:description\" content=\"En ainu, por Marie Sevela: kanto Se habla esta lengua en Jap\u00f3n. Precisi\u00f3n: dialecto saru. En alban\u00e9s, por Leli: Qiell Esta lengua se habla en Albania, en Kosovo, en Macedonia, y en Montenegro En alem\u00e1n, por Pierre Favresse y Maria: himmel Se habla esta lengua en Alemania, Austria y Suiza. En amharic, por Pierre Favresse: [&hellip;]\" \/>\n<meta property=\"og:url\" content=\"https:\/\/www.sorosoro.org\/es\/2010\/11\/cielo\/\" \/>\n<meta property=\"og:site_name\" content=\"Sorosoro\" \/>\n<meta property=\"article:published_time\" content=\"2010-11-04T23:05:22+00:00\" \/>\n<meta property=\"article:modified_time\" content=\"2017-02-01T10:10:28+00:00\" \/>\n<meta name=\"author\" content=\"Rozenn Milin\" \/>\n<meta name=\"twitter:card\" content=\"summary_large_image\" \/>\n<meta name=\"twitter:label1\" content=\"Escrito por\" \/>\n\t<meta name=\"twitter:data1\" content=\"Rozenn Milin\" \/>\n\t<meta name=\"twitter:label2\" content=\"Tiempo de lectura\" \/>\n\t<meta name=\"twitter:data2\" content=\"8 minutos\" \/>\n<script type=\"application\/ld+json\" class=\"yoast-schema-graph\">{\"@context\":\"https:\/\/schema.org\",\"@graph\":[{\"@type\":\"Article\",\"@id\":\"https:\/\/www.sorosoro.org\/es\/2010\/11\/cielo\/#article\",\"isPartOf\":{\"@id\":\"https:\/\/www.sorosoro.org\/es\/2010\/11\/cielo\/\"},\"author\":{\"name\":\"Rozenn Milin\",\"@id\":\"https:\/\/www.sorosoro.org\/es\/#\/schema\/person\/dd9df1e0efca59879d3133588ff0dfc1\"},\"headline\":\"Cielo\",\"datePublished\":\"2010-11-04T23:05:22+00:00\",\"dateModified\":\"2017-02-01T10:10:28+00:00\",\"mainEntityOfPage\":{\"@id\":\"https:\/\/www.sorosoro.org\/es\/2010\/11\/cielo\/\"},\"wordCount\":1593,\"articleSection\":[\"El abecedario de Sorosoro\"],\"inLanguage\":\"es\"},{\"@type\":\"WebPage\",\"@id\":\"https:\/\/www.sorosoro.org\/es\/2010\/11\/cielo\/\",\"url\":\"https:\/\/www.sorosoro.org\/es\/2010\/11\/cielo\/\",\"name\":\"Cielo - Sorosoro\",\"isPartOf\":{\"@id\":\"https:\/\/www.sorosoro.org\/es\/#website\"},\"datePublished\":\"2010-11-04T23:05:22+00:00\",\"dateModified\":\"2017-02-01T10:10:28+00:00\",\"author\":{\"@id\":\"https:\/\/www.sorosoro.org\/es\/#\/schema\/person\/dd9df1e0efca59879d3133588ff0dfc1\"},\"breadcrumb\":{\"@id\":\"https:\/\/www.sorosoro.org\/es\/2010\/11\/cielo\/#breadcrumb\"},\"inLanguage\":\"es\",\"potentialAction\":[{\"@type\":\"ReadAction\",\"target\":[\"https:\/\/www.sorosoro.org\/es\/2010\/11\/cielo\/\"]}]},{\"@type\":\"BreadcrumbList\",\"@id\":\"https:\/\/www.sorosoro.org\/es\/2010\/11\/cielo\/#breadcrumb\",\"itemListElement\":[{\"@type\":\"ListItem\",\"position\":1,\"name\":\"Accueil\",\"item\":\"https:\/\/www.sorosoro.org\/es\/\"},{\"@type\":\"ListItem\",\"position\":2,\"name\":\"Cielo\"}]},{\"@type\":\"WebSite\",\"@id\":\"https:\/\/www.sorosoro.org\/es\/#website\",\"url\":\"https:\/\/www.sorosoro.org\/es\/\",\"name\":\"Sorosoro\",\"description\":\"Pour que vivent les langues du monde !\",\"potentialAction\":[{\"@type\":\"SearchAction\",\"target\":{\"@type\":\"EntryPoint\",\"urlTemplate\":\"https:\/\/www.sorosoro.org\/es\/?s={search_term_string}\"},\"query-input\":{\"@type\":\"PropertyValueSpecification\",\"valueRequired\":true,\"valueName\":\"search_term_string\"}}],\"inLanguage\":\"es\"},{\"@type\":\"Person\",\"@id\":\"https:\/\/www.sorosoro.org\/es\/#\/schema\/person\/dd9df1e0efca59879d3133588ff0dfc1\",\"name\":\"Rozenn Milin\",\"url\":\"https:\/\/www.sorosoro.org\/es\/author\/rozenn-milin\/\"}]}<\/script>\n<!-- \/ Yoast SEO plugin. -->","yoast_head_json":{"title":"Cielo - Sorosoro","robots":{"index":"index","follow":"follow","max-snippet":"max-snippet:-1","max-image-preview":"max-image-preview:large","max-video-preview":"max-video-preview:-1"},"canonical":"https:\/\/www.sorosoro.org\/es\/2010\/11\/cielo\/","og_locale":"es_ES","og_type":"article","og_title":"Cielo - Sorosoro","og_description":"En ainu, por Marie Sevela: kanto Se habla esta lengua en Jap\u00f3n. Precisi\u00f3n: dialecto saru. En alban\u00e9s, por Leli: Qiell Esta lengua se habla en Albania, en Kosovo, en Macedonia, y en Montenegro En alem\u00e1n, por Pierre Favresse y Maria: himmel Se habla esta lengua en Alemania, Austria y Suiza. En amharic, por Pierre Favresse: [&hellip;]","og_url":"https:\/\/www.sorosoro.org\/es\/2010\/11\/cielo\/","og_site_name":"Sorosoro","article_published_time":"2010-11-04T23:05:22+00:00","article_modified_time":"2017-02-01T10:10:28+00:00","author":"Rozenn Milin","twitter_card":"summary_large_image","twitter_misc":{"Escrito por":"Rozenn Milin","Tiempo de lectura":"8 minutos"},"schema":{"@context":"https:\/\/schema.org","@graph":[{"@type":"Article","@id":"https:\/\/www.sorosoro.org\/es\/2010\/11\/cielo\/#article","isPartOf":{"@id":"https:\/\/www.sorosoro.org\/es\/2010\/11\/cielo\/"},"author":{"name":"Rozenn Milin","@id":"https:\/\/www.sorosoro.org\/es\/#\/schema\/person\/dd9df1e0efca59879d3133588ff0dfc1"},"headline":"Cielo","datePublished":"2010-11-04T23:05:22+00:00","dateModified":"2017-02-01T10:10:28+00:00","mainEntityOfPage":{"@id":"https:\/\/www.sorosoro.org\/es\/2010\/11\/cielo\/"},"wordCount":1593,"articleSection":["El abecedario de Sorosoro"],"inLanguage":"es"},{"@type":"WebPage","@id":"https:\/\/www.sorosoro.org\/es\/2010\/11\/cielo\/","url":"https:\/\/www.sorosoro.org\/es\/2010\/11\/cielo\/","name":"Cielo - Sorosoro","isPartOf":{"@id":"https:\/\/www.sorosoro.org\/es\/#website"},"datePublished":"2010-11-04T23:05:22+00:00","dateModified":"2017-02-01T10:10:28+00:00","author":{"@id":"https:\/\/www.sorosoro.org\/es\/#\/schema\/person\/dd9df1e0efca59879d3133588ff0dfc1"},"breadcrumb":{"@id":"https:\/\/www.sorosoro.org\/es\/2010\/11\/cielo\/#breadcrumb"},"inLanguage":"es","potentialAction":[{"@type":"ReadAction","target":["https:\/\/www.sorosoro.org\/es\/2010\/11\/cielo\/"]}]},{"@type":"BreadcrumbList","@id":"https:\/\/www.sorosoro.org\/es\/2010\/11\/cielo\/#breadcrumb","itemListElement":[{"@type":"ListItem","position":1,"name":"Accueil","item":"https:\/\/www.sorosoro.org\/es\/"},{"@type":"ListItem","position":2,"name":"Cielo"}]},{"@type":"WebSite","@id":"https:\/\/www.sorosoro.org\/es\/#website","url":"https:\/\/www.sorosoro.org\/es\/","name":"Sorosoro","description":"Pour que vivent les langues du monde !","potentialAction":[{"@type":"SearchAction","target":{"@type":"EntryPoint","urlTemplate":"https:\/\/www.sorosoro.org\/es\/?s={search_term_string}"},"query-input":{"@type":"PropertyValueSpecification","valueRequired":true,"valueName":"search_term_string"}}],"inLanguage":"es"},{"@type":"Person","@id":"https:\/\/www.sorosoro.org\/es\/#\/schema\/person\/dd9df1e0efca59879d3133588ff0dfc1","name":"Rozenn Milin","url":"https:\/\/www.sorosoro.org\/es\/author\/rozenn-milin\/"}]}},"_links":{"self":[{"href":"https:\/\/www.sorosoro.org\/es\/wp-json\/wp\/v2\/posts\/31593","targetHints":{"allow":["GET"]}}],"collection":[{"href":"https:\/\/www.sorosoro.org\/es\/wp-json\/wp\/v2\/posts"}],"about":[{"href":"https:\/\/www.sorosoro.org\/es\/wp-json\/wp\/v2\/types\/post"}],"author":[{"embeddable":true,"href":"https:\/\/www.sorosoro.org\/es\/wp-json\/wp\/v2\/users\/12"}],"replies":[{"embeddable":true,"href":"https:\/\/www.sorosoro.org\/es\/wp-json\/wp\/v2\/comments?post=31593"}],"version-history":[{"count":0,"href":"https:\/\/www.sorosoro.org\/es\/wp-json\/wp\/v2\/posts\/31593\/revisions"}],"wp:attachment":[{"href":"https:\/\/www.sorosoro.org\/es\/wp-json\/wp\/v2\/media?parent=31593"}],"wp:term":[{"taxonomy":"category","embeddable":true,"href":"https:\/\/www.sorosoro.org\/es\/wp-json\/wp\/v2\/categories?post=31593"},{"taxonomy":"post_tag","embeddable":true,"href":"https:\/\/www.sorosoro.org\/es\/wp-json\/wp\/v2\/tags?post=31593"}],"curies":[{"name":"wp","href":"https:\/\/api.w.org\/{rel}","templated":true}]}}