{"id":28830,"date":"2010-04-22T15:44:42","date_gmt":"2010-04-22T13:44:42","guid":{"rendered":"http:\/\/www.sorosoro.org\/?p=28830"},"modified":"2010-10-09T15:55:32","modified_gmt":"2010-10-09T13:55:32","slug":"22-de-abril-de-2010-%c2%bflos-ultimos-indigenas-de-colombia","status":"publish","type":"post","link":"https:\/\/www.sorosoro.org\/es\/2010\/04\/22-de-abril-de-2010-%c2%bflos-ultimos-indigenas-de-colombia\/","title":{"rendered":"22 de abril de 2010: \u00bflos \u00faltimos ind\u00edgenas de Colombia?"},"content":{"rendered":"<p style=\"text-align: justify;\">Un <a href=\"http:\/\/www.onic.org.co\/img_upload\/15342f9a0149717032ae4fbe1b57f9a2\/FINAL_CARTILLA_23_MARZO_6_PM.pdf\">reporte publicado el 22 de abril de 2010<\/a> por la <a href=\"http:\/\/www.onic.org.co\/nuevo\/index.shtml\">Organizaci\u00f3n Nacional de los Ind\u00edgenas de Colombia (ONIC)<\/a> intenta alertar a la comunidad internacional acerca de la situaci\u00f3n alarmante de estos pueblos en este pa\u00eds de Am\u00e9rica del Sur.<\/p>\n<p style=\"text-align: justify;\">\n<p style=\"text-align: justify;\">Seg\u00fan la organizaci\u00f3n\u00b8 de las 102 comunidades ind\u00edgenas aut\u00f3ctonas de Colombia, al menos 64 est\u00e1n amenazadas con desaparecer.<\/p>\n<p style=\"text-align: justify;\">\n<p style=\"text-align: justify;\">Muchas causas explican esta situaci\u00f3n cr\u00edtica:<\/p>\n<p style=\"text-align: justify;\">\n<p style=\"text-align: justify; padding-left: 30px;\">* El conflicto armado interno que act\u00faa con rigor desde hace 50 en el pa\u00eds, por una parte: desde 2002, mas de 1400 ind\u00edgenas habr\u00edan sido asesinados, y 74000 expulsados de sus tierras.<\/p>\n<p style=\"text-align: justify; padding-left: 30px;\">* Por otra parte, un \u00ab modelo de desarrollo econ\u00f3mico \u00bb que ignora el derecho de los ind\u00edgenas. Las amenazas catalogadas m\u00e1s pesadas fueron el petr\u00f3leo\u00b8 las presas hidroel\u00e9ctricas y las plantaciones de palmas de aceite;<\/p>\n<p style=\"text-align: justify; padding-left: 30px;\">* La pobreza, la falta de acceso a los servicios sanitarios y de salud, a la educaci\u00f3n.<\/p>\n<p style=\"text-align: justify;\">\n<p style=\"text-align: justify;\">En anexo del reporte (p.60), aparecen dos mapas que localizan precisamente los 64 pueblos en peligro y da una estimaci\u00f3n de n\u00famero de individuos que quedan actualmente. Estas estimaciones muestran por ejemplo que, diez de estas etnias cuentan con menos de cien miembros: los Yamalero, los Makaguaje, los Pisamira, los Tsiripu, los Eduria ( Taiwanno), los Piaroa, los Wipiji, los Muiname, los Yaruro, y los Dijo. La mayor\u00eda de sus lenguas es muy poco, v\u00e9ase, no documentada.<\/p>\n<p style=\"text-align: justify;\">\n<p style=\"text-align: justify;\">La ONIC lanzo, el pasado mes de marzo, una <a href=\"http:\/\/www.survival.es\/noticias\/5652\">campa\u00f1a de sensibilizaci\u00f3n a la situaci\u00f3n de los ind\u00edgenas de Colombia<\/a>, la cual considera que esta \u00ab bajo la responsabilidad de la humanidad entera \u00bb.<\/p>\n<p style=\"text-align: justify;\">\n<p style=\"text-align: justify;\">\n","protected":false},"excerpt":{"rendered":"<p>Un reporte publicado el 22 de abril de 2010 por la Organizaci\u00f3n Nacional de los Ind\u00edgenas de Colombia (ONIC) intenta alertar a la comunidad internacional acerca de la situaci\u00f3n alarmante de estos pueblos en este pa\u00eds de Am\u00e9rica del Sur. Seg\u00fan la organizaci\u00f3n\u00b8 de las 102 comunidades ind\u00edgenas aut\u00f3ctonas de Colombia, al menos 64 est\u00e1n [&hellip;]<\/p>\n","protected":false},"author":12,"featured_media":0,"comment_status":"closed","ping_status":"open","sticky":false,"template":"","format":"standard","meta":{"footnotes":""},"categories":[7],"tags":[727,673,729,728],"class_list":["post-28830","post","type-post","status-publish","format-standard","hentry","category-noticias","tag-colombia","tag-indigenas","tag-onic","tag-organizacion-nacional-de-los-indigenas-de-colombia"],"yoast_head":"<!-- This site is optimized with the Yoast SEO plugin v27.0 - https:\/\/yoast.com\/product\/yoast-seo-wordpress\/ -->\n<title>22 de abril de 2010: \u00bflos \u00faltimos ind\u00edgenas de Colombia? - Sorosoro<\/title>\n<meta name=\"robots\" content=\"index, follow, max-snippet:-1, max-image-preview:large, max-video-preview:-1\" \/>\n<link rel=\"canonical\" href=\"https:\/\/www.sorosoro.org\/es\/2010\/04\/22-de-abril-de-2010-%c2%bflos-ultimos-indigenas-de-colombia\/\" \/>\n<meta property=\"og:locale\" content=\"es_ES\" \/>\n<meta property=\"og:type\" content=\"article\" \/>\n<meta property=\"og:title\" content=\"22 de abril de 2010: \u00bflos \u00faltimos ind\u00edgenas de Colombia? - Sorosoro\" \/>\n<meta property=\"og:description\" content=\"Un reporte publicado el 22 de abril de 2010 por la Organizaci\u00f3n Nacional de los Ind\u00edgenas de Colombia (ONIC) intenta alertar a la comunidad internacional acerca de la situaci\u00f3n alarmante de estos pueblos en este pa\u00eds de Am\u00e9rica del Sur. Seg\u00fan la organizaci\u00f3n\u00b8 de las 102 comunidades ind\u00edgenas aut\u00f3ctonas de Colombia, al menos 64 est\u00e1n [&hellip;]\" \/>\n<meta property=\"og:url\" content=\"https:\/\/www.sorosoro.org\/es\/2010\/04\/22-de-abril-de-2010-%c2%bflos-ultimos-indigenas-de-colombia\/\" \/>\n<meta property=\"og:site_name\" content=\"Sorosoro\" \/>\n<meta property=\"article:published_time\" content=\"2010-04-22T13:44:42+00:00\" \/>\n<meta property=\"article:modified_time\" content=\"2010-10-09T13:55:32+00:00\" \/>\n<meta name=\"author\" content=\"Rozenn Milin\" \/>\n<meta name=\"twitter:card\" content=\"summary_large_image\" \/>\n<meta name=\"twitter:label1\" content=\"Escrito por\" \/>\n\t<meta name=\"twitter:data1\" content=\"Rozenn Milin\" \/>\n\t<meta name=\"twitter:label2\" content=\"Tiempo de lectura\" \/>\n\t<meta name=\"twitter:data2\" content=\"1 minuto\" \/>\n<script type=\"application\/ld+json\" class=\"yoast-schema-graph\">{\"@context\":\"https:\/\/schema.org\",\"@graph\":[{\"@type\":\"Article\",\"@id\":\"https:\/\/www.sorosoro.org\/es\/2010\/04\/22-de-abril-de-2010-%c2%bflos-ultimos-indigenas-de-colombia\/#article\",\"isPartOf\":{\"@id\":\"https:\/\/www.sorosoro.org\/es\/2010\/04\/22-de-abril-de-2010-%c2%bflos-ultimos-indigenas-de-colombia\/\"},\"author\":{\"name\":\"Rozenn Milin\",\"@id\":\"https:\/\/www.sorosoro.org\/es\/#\/schema\/person\/dd9df1e0efca59879d3133588ff0dfc1\"},\"headline\":\"22 de abril de 2010: \u00bflos \u00faltimos ind\u00edgenas de Colombia?\",\"datePublished\":\"2010-04-22T13:44:42+00:00\",\"dateModified\":\"2010-10-09T13:55:32+00:00\",\"mainEntityOfPage\":{\"@id\":\"https:\/\/www.sorosoro.org\/es\/2010\/04\/22-de-abril-de-2010-%c2%bflos-ultimos-indigenas-de-colombia\/\"},\"wordCount\":283,\"keywords\":[\"colombia\",\"ind\u00edgenas\",\"ONIC\",\"Organizaci\u00f3n Nacional de los Ind\u00edgenas de Colombia\"],\"articleSection\":[\"Noticias sobre los idiomas en peligro\"],\"inLanguage\":\"es\"},{\"@type\":\"WebPage\",\"@id\":\"https:\/\/www.sorosoro.org\/es\/2010\/04\/22-de-abril-de-2010-%c2%bflos-ultimos-indigenas-de-colombia\/\",\"url\":\"https:\/\/www.sorosoro.org\/es\/2010\/04\/22-de-abril-de-2010-%c2%bflos-ultimos-indigenas-de-colombia\/\",\"name\":\"22 de abril de 2010: \u00bflos \u00faltimos ind\u00edgenas de Colombia? - Sorosoro\",\"isPartOf\":{\"@id\":\"https:\/\/www.sorosoro.org\/es\/#website\"},\"datePublished\":\"2010-04-22T13:44:42+00:00\",\"dateModified\":\"2010-10-09T13:55:32+00:00\",\"author\":{\"@id\":\"https:\/\/www.sorosoro.org\/es\/#\/schema\/person\/dd9df1e0efca59879d3133588ff0dfc1\"},\"breadcrumb\":{\"@id\":\"https:\/\/www.sorosoro.org\/es\/2010\/04\/22-de-abril-de-2010-%c2%bflos-ultimos-indigenas-de-colombia\/#breadcrumb\"},\"inLanguage\":\"es\",\"potentialAction\":[{\"@type\":\"ReadAction\",\"target\":[\"https:\/\/www.sorosoro.org\/es\/2010\/04\/22-de-abril-de-2010-%c2%bflos-ultimos-indigenas-de-colombia\/\"]}]},{\"@type\":\"BreadcrumbList\",\"@id\":\"https:\/\/www.sorosoro.org\/es\/2010\/04\/22-de-abril-de-2010-%c2%bflos-ultimos-indigenas-de-colombia\/#breadcrumb\",\"itemListElement\":[{\"@type\":\"ListItem\",\"position\":1,\"name\":\"Accueil\",\"item\":\"https:\/\/www.sorosoro.org\/es\/\"},{\"@type\":\"ListItem\",\"position\":2,\"name\":\"22 de abril de 2010: \u00bflos \u00faltimos ind\u00edgenas de Colombia?\"}]},{\"@type\":\"WebSite\",\"@id\":\"https:\/\/www.sorosoro.org\/es\/#website\",\"url\":\"https:\/\/www.sorosoro.org\/es\/\",\"name\":\"Sorosoro\",\"description\":\"Pour que vivent les langues du monde !\",\"potentialAction\":[{\"@type\":\"SearchAction\",\"target\":{\"@type\":\"EntryPoint\",\"urlTemplate\":\"https:\/\/www.sorosoro.org\/es\/?s={search_term_string}\"},\"query-input\":{\"@type\":\"PropertyValueSpecification\",\"valueRequired\":true,\"valueName\":\"search_term_string\"}}],\"inLanguage\":\"es\"},{\"@type\":\"Person\",\"@id\":\"https:\/\/www.sorosoro.org\/es\/#\/schema\/person\/dd9df1e0efca59879d3133588ff0dfc1\",\"name\":\"Rozenn Milin\",\"url\":\"https:\/\/www.sorosoro.org\/es\/author\/rozenn-milin\/\"}]}<\/script>\n<!-- \/ Yoast SEO plugin. -->","yoast_head_json":{"title":"22 de abril de 2010: \u00bflos \u00faltimos ind\u00edgenas de Colombia? - Sorosoro","robots":{"index":"index","follow":"follow","max-snippet":"max-snippet:-1","max-image-preview":"max-image-preview:large","max-video-preview":"max-video-preview:-1"},"canonical":"https:\/\/www.sorosoro.org\/es\/2010\/04\/22-de-abril-de-2010-%c2%bflos-ultimos-indigenas-de-colombia\/","og_locale":"es_ES","og_type":"article","og_title":"22 de abril de 2010: \u00bflos \u00faltimos ind\u00edgenas de Colombia? - Sorosoro","og_description":"Un reporte publicado el 22 de abril de 2010 por la Organizaci\u00f3n Nacional de los Ind\u00edgenas de Colombia (ONIC) intenta alertar a la comunidad internacional acerca de la situaci\u00f3n alarmante de estos pueblos en este pa\u00eds de Am\u00e9rica del Sur. Seg\u00fan la organizaci\u00f3n\u00b8 de las 102 comunidades ind\u00edgenas aut\u00f3ctonas de Colombia, al menos 64 est\u00e1n [&hellip;]","og_url":"https:\/\/www.sorosoro.org\/es\/2010\/04\/22-de-abril-de-2010-%c2%bflos-ultimos-indigenas-de-colombia\/","og_site_name":"Sorosoro","article_published_time":"2010-04-22T13:44:42+00:00","article_modified_time":"2010-10-09T13:55:32+00:00","author":"Rozenn Milin","twitter_card":"summary_large_image","twitter_misc":{"Escrito por":"Rozenn Milin","Tiempo de lectura":"1 minuto"},"schema":{"@context":"https:\/\/schema.org","@graph":[{"@type":"Article","@id":"https:\/\/www.sorosoro.org\/es\/2010\/04\/22-de-abril-de-2010-%c2%bflos-ultimos-indigenas-de-colombia\/#article","isPartOf":{"@id":"https:\/\/www.sorosoro.org\/es\/2010\/04\/22-de-abril-de-2010-%c2%bflos-ultimos-indigenas-de-colombia\/"},"author":{"name":"Rozenn Milin","@id":"https:\/\/www.sorosoro.org\/es\/#\/schema\/person\/dd9df1e0efca59879d3133588ff0dfc1"},"headline":"22 de abril de 2010: \u00bflos \u00faltimos ind\u00edgenas de Colombia?","datePublished":"2010-04-22T13:44:42+00:00","dateModified":"2010-10-09T13:55:32+00:00","mainEntityOfPage":{"@id":"https:\/\/www.sorosoro.org\/es\/2010\/04\/22-de-abril-de-2010-%c2%bflos-ultimos-indigenas-de-colombia\/"},"wordCount":283,"keywords":["colombia","ind\u00edgenas","ONIC","Organizaci\u00f3n Nacional de los Ind\u00edgenas de Colombia"],"articleSection":["Noticias sobre los idiomas en peligro"],"inLanguage":"es"},{"@type":"WebPage","@id":"https:\/\/www.sorosoro.org\/es\/2010\/04\/22-de-abril-de-2010-%c2%bflos-ultimos-indigenas-de-colombia\/","url":"https:\/\/www.sorosoro.org\/es\/2010\/04\/22-de-abril-de-2010-%c2%bflos-ultimos-indigenas-de-colombia\/","name":"22 de abril de 2010: \u00bflos \u00faltimos ind\u00edgenas de Colombia? - Sorosoro","isPartOf":{"@id":"https:\/\/www.sorosoro.org\/es\/#website"},"datePublished":"2010-04-22T13:44:42+00:00","dateModified":"2010-10-09T13:55:32+00:00","author":{"@id":"https:\/\/www.sorosoro.org\/es\/#\/schema\/person\/dd9df1e0efca59879d3133588ff0dfc1"},"breadcrumb":{"@id":"https:\/\/www.sorosoro.org\/es\/2010\/04\/22-de-abril-de-2010-%c2%bflos-ultimos-indigenas-de-colombia\/#breadcrumb"},"inLanguage":"es","potentialAction":[{"@type":"ReadAction","target":["https:\/\/www.sorosoro.org\/es\/2010\/04\/22-de-abril-de-2010-%c2%bflos-ultimos-indigenas-de-colombia\/"]}]},{"@type":"BreadcrumbList","@id":"https:\/\/www.sorosoro.org\/es\/2010\/04\/22-de-abril-de-2010-%c2%bflos-ultimos-indigenas-de-colombia\/#breadcrumb","itemListElement":[{"@type":"ListItem","position":1,"name":"Accueil","item":"https:\/\/www.sorosoro.org\/es\/"},{"@type":"ListItem","position":2,"name":"22 de abril de 2010: \u00bflos \u00faltimos ind\u00edgenas de Colombia?"}]},{"@type":"WebSite","@id":"https:\/\/www.sorosoro.org\/es\/#website","url":"https:\/\/www.sorosoro.org\/es\/","name":"Sorosoro","description":"Pour que vivent les langues du monde !","potentialAction":[{"@type":"SearchAction","target":{"@type":"EntryPoint","urlTemplate":"https:\/\/www.sorosoro.org\/es\/?s={search_term_string}"},"query-input":{"@type":"PropertyValueSpecification","valueRequired":true,"valueName":"search_term_string"}}],"inLanguage":"es"},{"@type":"Person","@id":"https:\/\/www.sorosoro.org\/es\/#\/schema\/person\/dd9df1e0efca59879d3133588ff0dfc1","name":"Rozenn Milin","url":"https:\/\/www.sorosoro.org\/es\/author\/rozenn-milin\/"}]}},"_links":{"self":[{"href":"https:\/\/www.sorosoro.org\/es\/wp-json\/wp\/v2\/posts\/28830","targetHints":{"allow":["GET"]}}],"collection":[{"href":"https:\/\/www.sorosoro.org\/es\/wp-json\/wp\/v2\/posts"}],"about":[{"href":"https:\/\/www.sorosoro.org\/es\/wp-json\/wp\/v2\/types\/post"}],"author":[{"embeddable":true,"href":"https:\/\/www.sorosoro.org\/es\/wp-json\/wp\/v2\/users\/12"}],"replies":[{"embeddable":true,"href":"https:\/\/www.sorosoro.org\/es\/wp-json\/wp\/v2\/comments?post=28830"}],"version-history":[{"count":0,"href":"https:\/\/www.sorosoro.org\/es\/wp-json\/wp\/v2\/posts\/28830\/revisions"}],"wp:attachment":[{"href":"https:\/\/www.sorosoro.org\/es\/wp-json\/wp\/v2\/media?parent=28830"}],"wp:term":[{"taxonomy":"category","embeddable":true,"href":"https:\/\/www.sorosoro.org\/es\/wp-json\/wp\/v2\/categories?post=28830"},{"taxonomy":"post_tag","embeddable":true,"href":"https:\/\/www.sorosoro.org\/es\/wp-json\/wp\/v2\/tags?post=28830"}],"curies":[{"name":"wp","href":"https:\/\/api.w.org\/{rel}","templated":true}]}}