{"id":28324,"date":"2010-09-24T11:32:20","date_gmt":"2010-09-24T09:32:20","guid":{"rendered":"http:\/\/www.sorosoro.org\/?p=28324"},"modified":"2010-10-03T11:46:39","modified_gmt":"2010-10-03T09:46:39","slug":"21-y-24-de-septiembre-de-2010-%c2%a1sorosoro-en-las-noticias-neocaledonias","status":"publish","type":"post","link":"https:\/\/www.sorosoro.org\/es\/2010\/09\/21-y-24-de-septiembre-de-2010-%c2%a1sorosoro-en-las-noticias-neocaledonias\/","title":{"rendered":"21 y 24 de septiembre de 2010: \u00a1Sorosoro en las noticias neocaledonias!"},"content":{"rendered":"<p style=\"text-align: justify;\">\u00a1Sorosoro da de que hablar en Nueva Caledonia!<\/p>\n<p style=\"text-align: justify;\">\n<p style=\"text-align: justify;\">Rozenn MILIN, Directora de nuestro programa, particip\u00f3, el 21 y 22 de septiembre de 2010, en el <strong><a href=\"..\/es\/21-22-de-septiembre-de-2010-simposio-sobre-las-lenguas-melanesias-numea-nueva-caledonia\">Simposio sobre las lenguas melanesias<\/a><\/strong>, organizado por la Academia de las lenguas kanak, en Numea. Es en este marco que el peri\u00f3dico <strong><em>Les Nouvelles Cal\u00e9doniennes <\/em><\/strong>(Las Noticias Caledonias<strong><em><\/em><\/strong>) mostr\u00f3 su inter\u00e9s en la situaci\u00f3n de las lenguas kanak. \u00a1Hizo un llamado a Rozenn dos veces, con el fin de alertar la opini\u00f3n acerca de la amenaza de extinci\u00f3n que pesa sobre estas lenguas!<\/p>\n<p style=\"text-align: justify;\">\n<p style=\"text-align: justify;\">En una primera entrevista, el <a href=\"http:\/\/www.lnc.nc\/provinces\/province-sud\/ile-des-pins\/229767-il-faut-sauver-le-naa-kwenyii.html\">21 de septiembre de 2010<\/a>, Rozenn evoca la riqueza ling\u00fc\u00edstica de Melanesia, \u00a1que reagrupa no menos de 1000 lenguas de las 6000 habladas en el mundo!\u00a0 Rozenn subraya as\u00ed mismo que ya que un buen n\u00famero de esas lenguas no benefician de un estatus oficial y son habladas por un n\u00famero restringido de interlocutores, est\u00e1n potencialmente amenazadas con la desaparici\u00f3n.<\/p>\n<p style=\"text-align: justify;\">\n<p style=\"text-align: justify;\">El <a href=\"http:\/\/www.lnc.nc\/pays\/186-interview\/229827-l-certaines-langues-sont-en-tres-grand-danger-r.html?q=certaines+langues+sont+tr%C3%A8s+grand+danger\">24 de septiembre<\/a>, estar\u00e1 de nuevo presente en las p\u00e1ginas del peri\u00f3dico neocaledonio para una entrevista m\u00e1s larga. Ser\u00e1 la oportunidad para que precise los diferentes grados de vulnerabilidad de las lenguas kanak, pero tambi\u00e9n para que evoque las cuestiones de escritura y la manera de revitalizar esas lenguas. En fin, existe tambi\u00e9n una particularidad kanak: la importancia de los caminos de la costumbre\u2026.<\/p>\n<p style=\"text-align: justify;\">\n<p style=\"text-align: justify;\">\n<p style=\"text-align: justify;\">\n<p style=\"text-align: justify;\">\n<p style=\"text-align: justify;\">\n","protected":false},"excerpt":{"rendered":"<p>\u00a1Sorosoro da de que hablar en Nueva Caledonia! Rozenn MILIN, Directora de nuestro programa, particip\u00f3, el 21 y 22 de septiembre de 2010, en el Simposio sobre las lenguas melanesias, organizado por la Academia de las lenguas kanak, en Numea. Es en este marco que el peri\u00f3dico Les Nouvelles Cal\u00e9doniennes (Las Noticias Caledonias) mostr\u00f3 su [&hellip;]<\/p>\n","protected":false},"author":12,"featured_media":0,"comment_status":"closed","ping_status":"open","sticky":false,"template":"","format":"standard","meta":{"footnotes":""},"categories":[26],"tags":[674,636,119],"class_list":["post-28324","post","type-post","status-publish","format-standard","hentry","category-actualidades-de-sorosoro","tag-entrevista","tag-nouvelles-caledoniennes","tag-rozenn-milin"],"yoast_head":"<!-- This site is optimized with the Yoast SEO plugin v27.0 - https:\/\/yoast.com\/product\/yoast-seo-wordpress\/ -->\n<title>21 y 24 de septiembre de 2010: \u00a1Sorosoro en las noticias neocaledonias! - Sorosoro<\/title>\n<meta name=\"robots\" content=\"index, follow, max-snippet:-1, max-image-preview:large, max-video-preview:-1\" \/>\n<link rel=\"canonical\" href=\"https:\/\/www.sorosoro.org\/es\/2010\/09\/21-y-24-de-septiembre-de-2010-%c2%a1sorosoro-en-las-noticias-neocaledonias\/\" \/>\n<meta property=\"og:locale\" content=\"es_ES\" \/>\n<meta property=\"og:type\" content=\"article\" \/>\n<meta property=\"og:title\" content=\"21 y 24 de septiembre de 2010: \u00a1Sorosoro en las noticias neocaledonias! - Sorosoro\" \/>\n<meta property=\"og:description\" content=\"\u00a1Sorosoro da de que hablar en Nueva Caledonia! Rozenn MILIN, Directora de nuestro programa, particip\u00f3, el 21 y 22 de septiembre de 2010, en el Simposio sobre las lenguas melanesias, organizado por la Academia de las lenguas kanak, en Numea. Es en este marco que el peri\u00f3dico Les Nouvelles Cal\u00e9doniennes (Las Noticias Caledonias) mostr\u00f3 su [&hellip;]\" \/>\n<meta property=\"og:url\" content=\"https:\/\/www.sorosoro.org\/es\/2010\/09\/21-y-24-de-septiembre-de-2010-%c2%a1sorosoro-en-las-noticias-neocaledonias\/\" \/>\n<meta property=\"og:site_name\" content=\"Sorosoro\" \/>\n<meta property=\"article:published_time\" content=\"2010-09-24T09:32:20+00:00\" \/>\n<meta property=\"article:modified_time\" content=\"2010-10-03T09:46:39+00:00\" \/>\n<meta name=\"author\" content=\"Rozenn Milin\" \/>\n<meta name=\"twitter:card\" content=\"summary_large_image\" \/>\n<meta name=\"twitter:label1\" content=\"Escrito por\" \/>\n\t<meta name=\"twitter:data1\" content=\"Rozenn Milin\" \/>\n\t<meta name=\"twitter:label2\" content=\"Tiempo de lectura\" \/>\n\t<meta name=\"twitter:data2\" content=\"1 minuto\" \/>\n<script type=\"application\/ld+json\" class=\"yoast-schema-graph\">{\"@context\":\"https:\/\/schema.org\",\"@graph\":[{\"@type\":\"Article\",\"@id\":\"https:\/\/www.sorosoro.org\/es\/2010\/09\/21-y-24-de-septiembre-de-2010-%c2%a1sorosoro-en-las-noticias-neocaledonias\/#article\",\"isPartOf\":{\"@id\":\"https:\/\/www.sorosoro.org\/es\/2010\/09\/21-y-24-de-septiembre-de-2010-%c2%a1sorosoro-en-las-noticias-neocaledonias\/\"},\"author\":{\"name\":\"Rozenn Milin\",\"@id\":\"https:\/\/www.sorosoro.org\/es\/#\/schema\/person\/dd9df1e0efca59879d3133588ff0dfc1\"},\"headline\":\"21 y 24 de septiembre de 2010: \u00a1Sorosoro en las noticias neocaledonias!\",\"datePublished\":\"2010-09-24T09:32:20+00:00\",\"dateModified\":\"2010-10-03T09:46:39+00:00\",\"mainEntityOfPage\":{\"@id\":\"https:\/\/www.sorosoro.org\/es\/2010\/09\/21-y-24-de-septiembre-de-2010-%c2%a1sorosoro-en-las-noticias-neocaledonias\/\"},\"wordCount\":235,\"keywords\":[\"entrevista\",\"nouvelles cal\u00e9doniennes\",\"Rozenn Milin\"],\"articleSection\":[\"Novedades en Sorosoro\"],\"inLanguage\":\"es\"},{\"@type\":\"WebPage\",\"@id\":\"https:\/\/www.sorosoro.org\/es\/2010\/09\/21-y-24-de-septiembre-de-2010-%c2%a1sorosoro-en-las-noticias-neocaledonias\/\",\"url\":\"https:\/\/www.sorosoro.org\/es\/2010\/09\/21-y-24-de-septiembre-de-2010-%c2%a1sorosoro-en-las-noticias-neocaledonias\/\",\"name\":\"21 y 24 de septiembre de 2010: \u00a1Sorosoro en las noticias neocaledonias! - Sorosoro\",\"isPartOf\":{\"@id\":\"https:\/\/www.sorosoro.org\/es\/#website\"},\"datePublished\":\"2010-09-24T09:32:20+00:00\",\"dateModified\":\"2010-10-03T09:46:39+00:00\",\"author\":{\"@id\":\"https:\/\/www.sorosoro.org\/es\/#\/schema\/person\/dd9df1e0efca59879d3133588ff0dfc1\"},\"breadcrumb\":{\"@id\":\"https:\/\/www.sorosoro.org\/es\/2010\/09\/21-y-24-de-septiembre-de-2010-%c2%a1sorosoro-en-las-noticias-neocaledonias\/#breadcrumb\"},\"inLanguage\":\"es\",\"potentialAction\":[{\"@type\":\"ReadAction\",\"target\":[\"https:\/\/www.sorosoro.org\/es\/2010\/09\/21-y-24-de-septiembre-de-2010-%c2%a1sorosoro-en-las-noticias-neocaledonias\/\"]}]},{\"@type\":\"BreadcrumbList\",\"@id\":\"https:\/\/www.sorosoro.org\/es\/2010\/09\/21-y-24-de-septiembre-de-2010-%c2%a1sorosoro-en-las-noticias-neocaledonias\/#breadcrumb\",\"itemListElement\":[{\"@type\":\"ListItem\",\"position\":1,\"name\":\"Accueil\",\"item\":\"https:\/\/www.sorosoro.org\/es\/\"},{\"@type\":\"ListItem\",\"position\":2,\"name\":\"21 y 24 de septiembre de 2010: \u00a1Sorosoro en las noticias neocaledonias!\"}]},{\"@type\":\"WebSite\",\"@id\":\"https:\/\/www.sorosoro.org\/es\/#website\",\"url\":\"https:\/\/www.sorosoro.org\/es\/\",\"name\":\"Sorosoro\",\"description\":\"Pour que vivent les langues du monde !\",\"potentialAction\":[{\"@type\":\"SearchAction\",\"target\":{\"@type\":\"EntryPoint\",\"urlTemplate\":\"https:\/\/www.sorosoro.org\/es\/?s={search_term_string}\"},\"query-input\":{\"@type\":\"PropertyValueSpecification\",\"valueRequired\":true,\"valueName\":\"search_term_string\"}}],\"inLanguage\":\"es\"},{\"@type\":\"Person\",\"@id\":\"https:\/\/www.sorosoro.org\/es\/#\/schema\/person\/dd9df1e0efca59879d3133588ff0dfc1\",\"name\":\"Rozenn Milin\",\"url\":\"https:\/\/www.sorosoro.org\/es\/author\/rozenn-milin\/\"}]}<\/script>\n<!-- \/ Yoast SEO plugin. -->","yoast_head_json":{"title":"21 y 24 de septiembre de 2010: \u00a1Sorosoro en las noticias neocaledonias! - Sorosoro","robots":{"index":"index","follow":"follow","max-snippet":"max-snippet:-1","max-image-preview":"max-image-preview:large","max-video-preview":"max-video-preview:-1"},"canonical":"https:\/\/www.sorosoro.org\/es\/2010\/09\/21-y-24-de-septiembre-de-2010-%c2%a1sorosoro-en-las-noticias-neocaledonias\/","og_locale":"es_ES","og_type":"article","og_title":"21 y 24 de septiembre de 2010: \u00a1Sorosoro en las noticias neocaledonias! - Sorosoro","og_description":"\u00a1Sorosoro da de que hablar en Nueva Caledonia! Rozenn MILIN, Directora de nuestro programa, particip\u00f3, el 21 y 22 de septiembre de 2010, en el Simposio sobre las lenguas melanesias, organizado por la Academia de las lenguas kanak, en Numea. Es en este marco que el peri\u00f3dico Les Nouvelles Cal\u00e9doniennes (Las Noticias Caledonias) mostr\u00f3 su [&hellip;]","og_url":"https:\/\/www.sorosoro.org\/es\/2010\/09\/21-y-24-de-septiembre-de-2010-%c2%a1sorosoro-en-las-noticias-neocaledonias\/","og_site_name":"Sorosoro","article_published_time":"2010-09-24T09:32:20+00:00","article_modified_time":"2010-10-03T09:46:39+00:00","author":"Rozenn Milin","twitter_card":"summary_large_image","twitter_misc":{"Escrito por":"Rozenn Milin","Tiempo de lectura":"1 minuto"},"schema":{"@context":"https:\/\/schema.org","@graph":[{"@type":"Article","@id":"https:\/\/www.sorosoro.org\/es\/2010\/09\/21-y-24-de-septiembre-de-2010-%c2%a1sorosoro-en-las-noticias-neocaledonias\/#article","isPartOf":{"@id":"https:\/\/www.sorosoro.org\/es\/2010\/09\/21-y-24-de-septiembre-de-2010-%c2%a1sorosoro-en-las-noticias-neocaledonias\/"},"author":{"name":"Rozenn Milin","@id":"https:\/\/www.sorosoro.org\/es\/#\/schema\/person\/dd9df1e0efca59879d3133588ff0dfc1"},"headline":"21 y 24 de septiembre de 2010: \u00a1Sorosoro en las noticias neocaledonias!","datePublished":"2010-09-24T09:32:20+00:00","dateModified":"2010-10-03T09:46:39+00:00","mainEntityOfPage":{"@id":"https:\/\/www.sorosoro.org\/es\/2010\/09\/21-y-24-de-septiembre-de-2010-%c2%a1sorosoro-en-las-noticias-neocaledonias\/"},"wordCount":235,"keywords":["entrevista","nouvelles cal\u00e9doniennes","Rozenn Milin"],"articleSection":["Novedades en Sorosoro"],"inLanguage":"es"},{"@type":"WebPage","@id":"https:\/\/www.sorosoro.org\/es\/2010\/09\/21-y-24-de-septiembre-de-2010-%c2%a1sorosoro-en-las-noticias-neocaledonias\/","url":"https:\/\/www.sorosoro.org\/es\/2010\/09\/21-y-24-de-septiembre-de-2010-%c2%a1sorosoro-en-las-noticias-neocaledonias\/","name":"21 y 24 de septiembre de 2010: \u00a1Sorosoro en las noticias neocaledonias! - Sorosoro","isPartOf":{"@id":"https:\/\/www.sorosoro.org\/es\/#website"},"datePublished":"2010-09-24T09:32:20+00:00","dateModified":"2010-10-03T09:46:39+00:00","author":{"@id":"https:\/\/www.sorosoro.org\/es\/#\/schema\/person\/dd9df1e0efca59879d3133588ff0dfc1"},"breadcrumb":{"@id":"https:\/\/www.sorosoro.org\/es\/2010\/09\/21-y-24-de-septiembre-de-2010-%c2%a1sorosoro-en-las-noticias-neocaledonias\/#breadcrumb"},"inLanguage":"es","potentialAction":[{"@type":"ReadAction","target":["https:\/\/www.sorosoro.org\/es\/2010\/09\/21-y-24-de-septiembre-de-2010-%c2%a1sorosoro-en-las-noticias-neocaledonias\/"]}]},{"@type":"BreadcrumbList","@id":"https:\/\/www.sorosoro.org\/es\/2010\/09\/21-y-24-de-septiembre-de-2010-%c2%a1sorosoro-en-las-noticias-neocaledonias\/#breadcrumb","itemListElement":[{"@type":"ListItem","position":1,"name":"Accueil","item":"https:\/\/www.sorosoro.org\/es\/"},{"@type":"ListItem","position":2,"name":"21 y 24 de septiembre de 2010: \u00a1Sorosoro en las noticias neocaledonias!"}]},{"@type":"WebSite","@id":"https:\/\/www.sorosoro.org\/es\/#website","url":"https:\/\/www.sorosoro.org\/es\/","name":"Sorosoro","description":"Pour que vivent les langues du monde !","potentialAction":[{"@type":"SearchAction","target":{"@type":"EntryPoint","urlTemplate":"https:\/\/www.sorosoro.org\/es\/?s={search_term_string}"},"query-input":{"@type":"PropertyValueSpecification","valueRequired":true,"valueName":"search_term_string"}}],"inLanguage":"es"},{"@type":"Person","@id":"https:\/\/www.sorosoro.org\/es\/#\/schema\/person\/dd9df1e0efca59879d3133588ff0dfc1","name":"Rozenn Milin","url":"https:\/\/www.sorosoro.org\/es\/author\/rozenn-milin\/"}]}},"_links":{"self":[{"href":"https:\/\/www.sorosoro.org\/es\/wp-json\/wp\/v2\/posts\/28324","targetHints":{"allow":["GET"]}}],"collection":[{"href":"https:\/\/www.sorosoro.org\/es\/wp-json\/wp\/v2\/posts"}],"about":[{"href":"https:\/\/www.sorosoro.org\/es\/wp-json\/wp\/v2\/types\/post"}],"author":[{"embeddable":true,"href":"https:\/\/www.sorosoro.org\/es\/wp-json\/wp\/v2\/users\/12"}],"replies":[{"embeddable":true,"href":"https:\/\/www.sorosoro.org\/es\/wp-json\/wp\/v2\/comments?post=28324"}],"version-history":[{"count":0,"href":"https:\/\/www.sorosoro.org\/es\/wp-json\/wp\/v2\/posts\/28324\/revisions"}],"wp:attachment":[{"href":"https:\/\/www.sorosoro.org\/es\/wp-json\/wp\/v2\/media?parent=28324"}],"wp:term":[{"taxonomy":"category","embeddable":true,"href":"https:\/\/www.sorosoro.org\/es\/wp-json\/wp\/v2\/categories?post=28324"},{"taxonomy":"post_tag","embeddable":true,"href":"https:\/\/www.sorosoro.org\/es\/wp-json\/wp\/v2\/tags?post=28324"}],"curies":[{"name":"wp","href":"https:\/\/api.w.org\/{rel}","templated":true}]}}