{"id":27987,"date":"2010-09-30T17:17:30","date_gmt":"2010-09-30T15:17:30","guid":{"rendered":"http:\/\/www.sorosoro.org\/?p=27987"},"modified":"2010-09-30T17:17:30","modified_gmt":"2010-09-30T15:17:30","slug":"los-sin-lengua","status":"publish","type":"post","link":"https:\/\/www.sorosoro.org\/es\/2010\/09\/los-sin-lengua\/","title":{"rendered":"Los sin lengua"},"content":{"rendered":"<p style=\"text-align: justify;\">Les vemos pasar, por la ma\u00f1ana de madrugada. Van a buscar en la basura del restaurante <em> deli<\/em> de la estaci\u00f3n de autobuses \u2013Si te apetece un s\u00e1ndwich smoked meat, es aqu\u00ed d\u00f3nde puedes encontrar el mejor &#8211; Son cuatro: tres hombres y una mujer- Roger, Omer, Ga\u00e9tan y Denise. Son del pueblo Abenaki, forman parte de las ocho naciones de la familia de los Algonquinos que viv\u00edan originariamente en un territorio que cubre el bosque boreal del Oeste al Este, de la bah\u00eda  James a la punta de Gasp\u00e9. Desde la llegada de los Blancos, los abenakis est\u00e1n agrupados en la ribera sur de Saint-Laurent, entre Qu\u00e9bec y Montreal, a la altura de Trois-R\u00edvi\u00e8res (Tres R\u00edos), en los valles de Bois-Francs. La <strong>naci\u00f3n abenaki<\/strong>, reunida bajo su nombre de origen Wabanaki que significa \u201cpa\u00eds del sol naciente\u201d, cuenta hoy en d\u00eda con 1965 miembros. <strong>Algunos ancianos siguen hablando la lengua abenaki<\/strong> , aunque la mayor\u00eda de ellos ya s\u00f3lo habla franc\u00e9s.<\/p>\n<p style=\"text-align: justify;\">Roger, Omer, Ga\u00e9tan y Denise son mudos.<\/p>\n<p style=\"text-align: justify;\">Aunque como todos los oriundos de Qu\u00e9bec, despu\u00e9s de  tragar una cuantas cervezas, blasfeman[1]  alegremente en la lengua de Flaubert, y a veces  incluso cantan aires tradicionales y ejecutan  unos pasos de baile &#8230;<\/p>\n<p style=\"text-align: justify;\">Aunque, la mayor parte del tiempo, Roger, Ga\u00e9tan y Denise  no se acuerdan de nada.<\/p>\n<p style=\"text-align: justify;\">A los cuatro a\u00f1os, <strong>se olvidaron de la lengua materna<\/strong>. Ocurri\u00f3 en la escuela bajo la amenaza de un bast\u00f3n severo de un maestro intransigente. A los seis a\u00f1os, olvidaron a sus padres, su pueblo, su comunidad en un internado administrado por los curas. El colegio estaba muy lejos de Trois-Rivi\u00e8res para que puedan volver a casa durante las vacaciones escolares. Los a\u00f1os han pasado. Han sido maltratados. Han terminado por fugarse. Se han perdido. Han olvidado el franc\u00e9s.<\/p>\n<p style=\"text-align: justify;\">A\u00f1os m\u00e1s tarde al regresar  a  Bois-Francs, Roger, Omer, Ga\u00e9tan y Denise descubrieron que sus padres hab\u00edan fallecido, que sus hermanos y hermanas estaban diseminados. La comunidad se parec\u00eda  a un s\u00f3rdido campamento, insalubre y aislado. Los perros sarnosos erraban entre las caba\u00f1as sesgadas. El primo Tom, apenas con treinta a\u00f1os de edad, ten\u00eda el aspecto de un anciano, se pasa el d\u00eda fumando crack delante de una pantalla de televisi\u00f3n. Su cuerpo  sacudido por espasmos, sentado en frente de la imagen de la televisi\u00f3n interrumpida  de vez en cuando por interferencias.  \u00bfA d\u00f3nde se ha ido todo el mundo?  Se preguntaban extra\u00f1ados  Roger, Omer, Ga\u00e9tan y Denise. Al Centro del pa\u00eds, les explica Tom. Al parque de atracciones\/  en albergues rurales\/ Galer\u00eda de arte\/ Tienda de souvenir para turistas\/ Descenso en canoas\/ Rituales ancestrales en audiovisi\u00f3n&#8230; donde se encuentra trabajo para ellos \u2013con trajes tradicionales made en China y t\u00f3tems[2] proporcionados por el gobierno.<\/p>\n<p style=\"text-align: justify;\">Roger, Omer, Ga\u00e9tan y Denise  no quisieron volver a vivir con su clan.<\/p>\n<p style=\"text-align: justify;\">Emprendieron el camino en el otro sentido, un largo errar.<\/p>\n<p style=\"text-align: justify;\">Hoy, podemos verles pasar, por la ma\u00f1ana, al alba, cerca de las estaciones de autobuses. Roger, Omer, Ga\u00e9tan y Denise buscan comida en la basura del restaurante delicatessens. Buscan, buscan, y buscan. Han olvidado, incluso, donde han nacido.<\/p>\n<p style=\"text-align: justify;\"><em>F\u00e9licie Dubois<\/em><\/p>\n<p style=\"text-align: justify;\">___________________________________________________________________________________________________________________________________________<\/p>\n<p>[1] En el texto en franc\u00e9s viene la palabra \u201cils sacrent\u201d utilizada en Quebec, sacrer signifca jurar o blasfemar que hemos elegido en la versi\u00f3n en espa\u00f1ol  y <em>les sacrements<\/em> son juramentos  inspirados del vocabulario de la liturgia cat\u00f3lica: <em>Tabarnak<\/em>! (Tabern\u00e1culo) <em> C\u00e2lisse<\/em>! (C\u00e1liz) <em> Crisse<\/em>! (Cristo) <em>Ostie<\/em>! (Ostia ) <em>Calvaire<\/em>! (Calvario) Etc.<\/p>\n<p>[2] <em>T\u00f3tem<\/em> es una palabra algonquina. La lengua francesa tiene varios: <em>Manitou<\/em> (\u00abgran esp\u00edritu\u00bb), <em>mocassin<\/em> (mocasines), <em>p\u00e9can<\/em> (\u00abnueces\u00bb), <em>toboggan<\/em> (\u00abtobog\u00e1n\u00bb). Adem\u00e1s de algunas palabras esquimales como <em>anorak<\/em> y <em> parka<\/em><\/p>\n<p style=\"text-align: justify;\">\n<p style=\"text-align: justify;\">\n","protected":false},"excerpt":{"rendered":"<p>Les vemos pasar, por la ma\u00f1ana de madrugada. Van a buscar en la basura del restaurante deli de la estaci\u00f3n de autobuses \u2013Si te apetece un s\u00e1ndwich smoked meat, es aqu\u00ed d\u00f3nde puedes encontrar el mejor &#8211; Son cuatro: tres hombres y una mujer- Roger, Omer, Ga\u00e9tan y Denise. Son del pueblo Abenaki, forman parte [&hellip;]<\/p>\n","protected":false},"author":12,"featured_media":0,"comment_status":"closed","ping_status":"open","sticky":false,"template":"","format":"standard","meta":{"footnotes":""},"categories":[4],"tags":[619,620,616,618,617],"class_list":["post-27987","post","type-post","status-publish","format-standard","hentry","category-otro","tag-abenaki","tag-algonquin","tag-lengua-materna","tag-olvidarse-de-su-lengua","tag-sin-lengua"],"yoast_head":"<!-- This site is optimized with the Yoast SEO plugin v27.0 - https:\/\/yoast.com\/product\/yoast-seo-wordpress\/ -->\n<title>Los sin lengua - Sorosoro<\/title>\n<meta name=\"robots\" content=\"index, follow, max-snippet:-1, max-image-preview:large, max-video-preview:-1\" \/>\n<link rel=\"canonical\" href=\"https:\/\/www.sorosoro.org\/es\/2010\/09\/los-sin-lengua\/\" \/>\n<meta property=\"og:locale\" content=\"es_ES\" \/>\n<meta property=\"og:type\" content=\"article\" \/>\n<meta property=\"og:title\" content=\"Los sin lengua - Sorosoro\" \/>\n<meta property=\"og:description\" content=\"Les vemos pasar, por la ma\u00f1ana de madrugada. Van a buscar en la basura del restaurante deli de la estaci\u00f3n de autobuses \u2013Si te apetece un s\u00e1ndwich smoked meat, es aqu\u00ed d\u00f3nde puedes encontrar el mejor &#8211; Son cuatro: tres hombres y una mujer- Roger, Omer, Ga\u00e9tan y Denise. Son del pueblo Abenaki, forman parte [&hellip;]\" \/>\n<meta property=\"og:url\" content=\"https:\/\/www.sorosoro.org\/es\/2010\/09\/los-sin-lengua\/\" \/>\n<meta property=\"og:site_name\" content=\"Sorosoro\" \/>\n<meta property=\"article:published_time\" content=\"2010-09-30T15:17:30+00:00\" \/>\n<meta name=\"author\" content=\"Rozenn Milin\" \/>\n<meta name=\"twitter:card\" content=\"summary_large_image\" \/>\n<meta name=\"twitter:label1\" content=\"Escrito por\" \/>\n\t<meta name=\"twitter:data1\" content=\"Rozenn Milin\" \/>\n\t<meta name=\"twitter:label2\" content=\"Tiempo de lectura\" \/>\n\t<meta name=\"twitter:data2\" content=\"3 minutos\" \/>\n<script type=\"application\/ld+json\" class=\"yoast-schema-graph\">{\"@context\":\"https:\/\/schema.org\",\"@graph\":[{\"@type\":\"Article\",\"@id\":\"https:\/\/www.sorosoro.org\/es\/2010\/09\/los-sin-lengua\/#article\",\"isPartOf\":{\"@id\":\"https:\/\/www.sorosoro.org\/es\/2010\/09\/los-sin-lengua\/\"},\"author\":{\"name\":\"Rozenn Milin\",\"@id\":\"https:\/\/www.sorosoro.org\/es\/#\/schema\/person\/dd9df1e0efca59879d3133588ff0dfc1\"},\"headline\":\"Los sin lengua\",\"datePublished\":\"2010-09-30T15:17:30+00:00\",\"mainEntityOfPage\":{\"@id\":\"https:\/\/www.sorosoro.org\/es\/2010\/09\/los-sin-lengua\/\"},\"wordCount\":654,\"keywords\":[\"abenaki\",\"algonquin\",\"lengua materna\",\"olvidarse de su lengua\",\"sin lengua\"],\"articleSection\":[\"Otro\"],\"inLanguage\":\"es\"},{\"@type\":\"WebPage\",\"@id\":\"https:\/\/www.sorosoro.org\/es\/2010\/09\/los-sin-lengua\/\",\"url\":\"https:\/\/www.sorosoro.org\/es\/2010\/09\/los-sin-lengua\/\",\"name\":\"Los sin lengua - Sorosoro\",\"isPartOf\":{\"@id\":\"https:\/\/www.sorosoro.org\/es\/#website\"},\"datePublished\":\"2010-09-30T15:17:30+00:00\",\"author\":{\"@id\":\"https:\/\/www.sorosoro.org\/es\/#\/schema\/person\/dd9df1e0efca59879d3133588ff0dfc1\"},\"breadcrumb\":{\"@id\":\"https:\/\/www.sorosoro.org\/es\/2010\/09\/los-sin-lengua\/#breadcrumb\"},\"inLanguage\":\"es\",\"potentialAction\":[{\"@type\":\"ReadAction\",\"target\":[\"https:\/\/www.sorosoro.org\/es\/2010\/09\/los-sin-lengua\/\"]}]},{\"@type\":\"BreadcrumbList\",\"@id\":\"https:\/\/www.sorosoro.org\/es\/2010\/09\/los-sin-lengua\/#breadcrumb\",\"itemListElement\":[{\"@type\":\"ListItem\",\"position\":1,\"name\":\"Accueil\",\"item\":\"https:\/\/www.sorosoro.org\/es\/\"},{\"@type\":\"ListItem\",\"position\":2,\"name\":\"Los sin lengua\"}]},{\"@type\":\"WebSite\",\"@id\":\"https:\/\/www.sorosoro.org\/es\/#website\",\"url\":\"https:\/\/www.sorosoro.org\/es\/\",\"name\":\"Sorosoro\",\"description\":\"Pour que vivent les langues du monde !\",\"potentialAction\":[{\"@type\":\"SearchAction\",\"target\":{\"@type\":\"EntryPoint\",\"urlTemplate\":\"https:\/\/www.sorosoro.org\/es\/?s={search_term_string}\"},\"query-input\":{\"@type\":\"PropertyValueSpecification\",\"valueRequired\":true,\"valueName\":\"search_term_string\"}}],\"inLanguage\":\"es\"},{\"@type\":\"Person\",\"@id\":\"https:\/\/www.sorosoro.org\/es\/#\/schema\/person\/dd9df1e0efca59879d3133588ff0dfc1\",\"name\":\"Rozenn Milin\",\"url\":\"https:\/\/www.sorosoro.org\/es\/author\/rozenn-milin\/\"}]}<\/script>\n<!-- \/ Yoast SEO plugin. -->","yoast_head_json":{"title":"Los sin lengua - Sorosoro","robots":{"index":"index","follow":"follow","max-snippet":"max-snippet:-1","max-image-preview":"max-image-preview:large","max-video-preview":"max-video-preview:-1"},"canonical":"https:\/\/www.sorosoro.org\/es\/2010\/09\/los-sin-lengua\/","og_locale":"es_ES","og_type":"article","og_title":"Los sin lengua - Sorosoro","og_description":"Les vemos pasar, por la ma\u00f1ana de madrugada. Van a buscar en la basura del restaurante deli de la estaci\u00f3n de autobuses \u2013Si te apetece un s\u00e1ndwich smoked meat, es aqu\u00ed d\u00f3nde puedes encontrar el mejor &#8211; Son cuatro: tres hombres y una mujer- Roger, Omer, Ga\u00e9tan y Denise. Son del pueblo Abenaki, forman parte [&hellip;]","og_url":"https:\/\/www.sorosoro.org\/es\/2010\/09\/los-sin-lengua\/","og_site_name":"Sorosoro","article_published_time":"2010-09-30T15:17:30+00:00","author":"Rozenn Milin","twitter_card":"summary_large_image","twitter_misc":{"Escrito por":"Rozenn Milin","Tiempo de lectura":"3 minutos"},"schema":{"@context":"https:\/\/schema.org","@graph":[{"@type":"Article","@id":"https:\/\/www.sorosoro.org\/es\/2010\/09\/los-sin-lengua\/#article","isPartOf":{"@id":"https:\/\/www.sorosoro.org\/es\/2010\/09\/los-sin-lengua\/"},"author":{"name":"Rozenn Milin","@id":"https:\/\/www.sorosoro.org\/es\/#\/schema\/person\/dd9df1e0efca59879d3133588ff0dfc1"},"headline":"Los sin lengua","datePublished":"2010-09-30T15:17:30+00:00","mainEntityOfPage":{"@id":"https:\/\/www.sorosoro.org\/es\/2010\/09\/los-sin-lengua\/"},"wordCount":654,"keywords":["abenaki","algonquin","lengua materna","olvidarse de su lengua","sin lengua"],"articleSection":["Otro"],"inLanguage":"es"},{"@type":"WebPage","@id":"https:\/\/www.sorosoro.org\/es\/2010\/09\/los-sin-lengua\/","url":"https:\/\/www.sorosoro.org\/es\/2010\/09\/los-sin-lengua\/","name":"Los sin lengua - Sorosoro","isPartOf":{"@id":"https:\/\/www.sorosoro.org\/es\/#website"},"datePublished":"2010-09-30T15:17:30+00:00","author":{"@id":"https:\/\/www.sorosoro.org\/es\/#\/schema\/person\/dd9df1e0efca59879d3133588ff0dfc1"},"breadcrumb":{"@id":"https:\/\/www.sorosoro.org\/es\/2010\/09\/los-sin-lengua\/#breadcrumb"},"inLanguage":"es","potentialAction":[{"@type":"ReadAction","target":["https:\/\/www.sorosoro.org\/es\/2010\/09\/los-sin-lengua\/"]}]},{"@type":"BreadcrumbList","@id":"https:\/\/www.sorosoro.org\/es\/2010\/09\/los-sin-lengua\/#breadcrumb","itemListElement":[{"@type":"ListItem","position":1,"name":"Accueil","item":"https:\/\/www.sorosoro.org\/es\/"},{"@type":"ListItem","position":2,"name":"Los sin lengua"}]},{"@type":"WebSite","@id":"https:\/\/www.sorosoro.org\/es\/#website","url":"https:\/\/www.sorosoro.org\/es\/","name":"Sorosoro","description":"Pour que vivent les langues du monde !","potentialAction":[{"@type":"SearchAction","target":{"@type":"EntryPoint","urlTemplate":"https:\/\/www.sorosoro.org\/es\/?s={search_term_string}"},"query-input":{"@type":"PropertyValueSpecification","valueRequired":true,"valueName":"search_term_string"}}],"inLanguage":"es"},{"@type":"Person","@id":"https:\/\/www.sorosoro.org\/es\/#\/schema\/person\/dd9df1e0efca59879d3133588ff0dfc1","name":"Rozenn Milin","url":"https:\/\/www.sorosoro.org\/es\/author\/rozenn-milin\/"}]}},"_links":{"self":[{"href":"https:\/\/www.sorosoro.org\/es\/wp-json\/wp\/v2\/posts\/27987","targetHints":{"allow":["GET"]}}],"collection":[{"href":"https:\/\/www.sorosoro.org\/es\/wp-json\/wp\/v2\/posts"}],"about":[{"href":"https:\/\/www.sorosoro.org\/es\/wp-json\/wp\/v2\/types\/post"}],"author":[{"embeddable":true,"href":"https:\/\/www.sorosoro.org\/es\/wp-json\/wp\/v2\/users\/12"}],"replies":[{"embeddable":true,"href":"https:\/\/www.sorosoro.org\/es\/wp-json\/wp\/v2\/comments?post=27987"}],"version-history":[{"count":0,"href":"https:\/\/www.sorosoro.org\/es\/wp-json\/wp\/v2\/posts\/27987\/revisions"}],"wp:attachment":[{"href":"https:\/\/www.sorosoro.org\/es\/wp-json\/wp\/v2\/media?parent=27987"}],"wp:term":[{"taxonomy":"category","embeddable":true,"href":"https:\/\/www.sorosoro.org\/es\/wp-json\/wp\/v2\/categories?post=27987"},{"taxonomy":"post_tag","embeddable":true,"href":"https:\/\/www.sorosoro.org\/es\/wp-json\/wp\/v2\/tags?post=27987"}],"curies":[{"name":"wp","href":"https:\/\/api.w.org\/{rel}","templated":true}]}}