{"id":27314,"date":"2010-09-17T23:56:19","date_gmt":"2010-09-17T21:56:19","guid":{"rendered":"http:\/\/www.sorosoro.org\/?p=27314"},"modified":"2010-09-17T17:47:44","modified_gmt":"2010-09-17T15:47:44","slug":"17-de-septiembre-de-2010-proyeccion-de-la-pelicula-%c2%ab-la-profecia-de-piatsaw-%c2%bb-en-la-casa-de-america-latina-en-paris","status":"publish","type":"post","link":"https:\/\/www.sorosoro.org\/es\/2010\/09\/17-de-septiembre-de-2010-proyeccion-de-la-pelicula-%c2%ab-la-profecia-de-piatsaw-%c2%bb-en-la-casa-de-america-latina-en-paris\/","title":{"rendered":"17 de septiembre de 2010: Proyecci\u00f3n de la pel\u00edcula \u00ab La profec\u00eda de Piatsaw \u00bb en la Casa de Am\u00e9rica latina, en Paris."},"content":{"rendered":"<p style=\"text-align: justify;\">\n<p style=\"text-align: justify;\"><strong>\u00bfQui\u00e9nes son los Z\u00e1para?<\/strong> Establecidos en los confines del Amazonas, en la frontera entre Ecuador y Per\u00fa, los Z\u00e1para son un pueblo amerindio, del cual Piatsaw, el fundador, hab\u00eda predicho su desaparici\u00f3n desde el principio.<\/p>\n<p style=\"text-align: justify;\">\n<p style=\"text-align: justify;\">Hoy luchan por la <strong>preservaci\u00f3n de su identidad<\/strong> y la pel\u00edcula de Pierre Bessard honra sus esfuerzos de revitalizar su idioma y su cultura. Particularmente podemos ver el periplo de una mujer, que se encuentra con diversas comunidades ind\u00edgenas, en las cuales espera encontrar sus ra\u00edces y los medios para fortificar la cultura de los suyos.<\/p>\n<p style=\"text-align: justify;\">\n<p style=\"text-align: justify;\"><strong>Anne-Ga\u00ebl Bilhaut<\/strong>, etn\u00f3loga  y especialista de los Z\u00e1para, de los cuales ha estudiado las bases de la transmisi\u00f3n cultural, estar\u00e1 presente durante la proyecci\u00f3n. Aclarar\u00e1 el documental a partir de su propia experiencia.<\/p>\n<p style=\"text-align: justify;\">\n<p style=\"text-align: justify;\"><em>\u00ab La Profec\u00eda de Piatsaw \u00bb, realizada por Pierre Bessard<\/em><\/p>\n<p style=\"text-align: justify;\"><em>Proyecci\u00f3n viernes 17 septiembre de 2010, de 18h30-20h30, entrada gratuita<\/em><\/p>\n<p style=\"text-align: justify;\"><em>Casa de Am\u00e9rica latina, Bulevar Saint-Germain 217, 75007 Paris<\/em><\/p>\n<p style=\"text-align: justify;\"><em>Metro Solf\u00e9rino \/ Rue du Bac<\/em><\/p>\n<p style=\"text-align: justify;\">\n<p style=\"text-align: justify;\">Para mayores informes :<\/p>\n<p style=\"text-align: justify;\"><a href=\"http:\/\/culturel.mal217.org\/fr\/Agenda\/Actualites\/La-prophetie-de-Piatsaw-3716.htm   \">Casa de Am\u00e9rica latina<\/a><\/p>\n<p><a href=\"http:\/\/associationlupuna.blogspot.com\/\">Asociaci\u00f3n Lupuna<\/a><\/p>\n","protected":false},"excerpt":{"rendered":"<p>\u00bfQui\u00e9nes son los Z\u00e1para? Establecidos en los confines del Amazonas, en la frontera entre Ecuador y Per\u00fa, los Z\u00e1para son un pueblo amerindio, del cual Piatsaw, el fundador, hab\u00eda predicho su desaparici\u00f3n desde el principio. Hoy luchan por la preservaci\u00f3n de su identidad y la pel\u00edcula de Pierre Bessard honra sus esfuerzos de revitalizar su [&hellip;]<\/p>\n","protected":false},"author":12,"featured_media":0,"comment_status":"closed","ping_status":"open","sticky":false,"template":"","format":"standard","meta":{"footnotes":""},"categories":[10],"tags":[543,505,542,544,545,541,503,540,546,499],"class_list":["post-27314","post","type-post","status-publish","format-standard","hentry","category-calendario","tag-amazona","tag-anne-gael-bilhaut","tag-cassa-america-latina","tag-ecuador","tag-peru","tag-piatsaw","tag-pierre-bessard","tag-profecia","tag-proyeccion","tag-zapara"],"yoast_head":"<!-- This site is optimized with the Yoast SEO plugin v27.0 - https:\/\/yoast.com\/product\/yoast-seo-wordpress\/ -->\n<title>17 de septiembre de 2010: Proyecci\u00f3n de la pel\u00edcula \u00ab La profec\u00eda de Piatsaw \u00bb en la Casa de Am\u00e9rica latina, en Paris. - Sorosoro<\/title>\n<meta name=\"robots\" content=\"index, follow, max-snippet:-1, max-image-preview:large, max-video-preview:-1\" \/>\n<link rel=\"canonical\" href=\"https:\/\/www.sorosoro.org\/es\/2010\/09\/17-de-septiembre-de-2010-proyeccion-de-la-pelicula-%c2%ab-la-profecia-de-piatsaw-%c2%bb-en-la-casa-de-america-latina-en-paris\/\" \/>\n<meta property=\"og:locale\" content=\"es_ES\" \/>\n<meta property=\"og:type\" content=\"article\" \/>\n<meta property=\"og:title\" content=\"17 de septiembre de 2010: Proyecci\u00f3n de la pel\u00edcula \u00ab La profec\u00eda de Piatsaw \u00bb en la Casa de Am\u00e9rica latina, en Paris. - Sorosoro\" \/>\n<meta property=\"og:description\" content=\"\u00bfQui\u00e9nes son los Z\u00e1para? Establecidos en los confines del Amazonas, en la frontera entre Ecuador y Per\u00fa, los Z\u00e1para son un pueblo amerindio, del cual Piatsaw, el fundador, hab\u00eda predicho su desaparici\u00f3n desde el principio. Hoy luchan por la preservaci\u00f3n de su identidad y la pel\u00edcula de Pierre Bessard honra sus esfuerzos de revitalizar su [&hellip;]\" \/>\n<meta property=\"og:url\" content=\"https:\/\/www.sorosoro.org\/es\/2010\/09\/17-de-septiembre-de-2010-proyeccion-de-la-pelicula-%c2%ab-la-profecia-de-piatsaw-%c2%bb-en-la-casa-de-america-latina-en-paris\/\" \/>\n<meta property=\"og:site_name\" content=\"Sorosoro\" \/>\n<meta property=\"article:published_time\" content=\"2010-09-17T21:56:19+00:00\" \/>\n<meta name=\"author\" content=\"Rozenn Milin\" \/>\n<meta name=\"twitter:card\" content=\"summary_large_image\" \/>\n<meta name=\"twitter:label1\" content=\"Escrito por\" \/>\n\t<meta name=\"twitter:data1\" content=\"Rozenn Milin\" \/>\n\t<meta name=\"twitter:label2\" content=\"Tiempo de lectura\" \/>\n\t<meta name=\"twitter:data2\" content=\"1 minuto\" \/>\n<script type=\"application\/ld+json\" class=\"yoast-schema-graph\">{\"@context\":\"https:\/\/schema.org\",\"@graph\":[{\"@type\":\"Article\",\"@id\":\"https:\/\/www.sorosoro.org\/es\/2010\/09\/17-de-septiembre-de-2010-proyeccion-de-la-pelicula-%c2%ab-la-profecia-de-piatsaw-%c2%bb-en-la-casa-de-america-latina-en-paris\/#article\",\"isPartOf\":{\"@id\":\"https:\/\/www.sorosoro.org\/es\/2010\/09\/17-de-septiembre-de-2010-proyeccion-de-la-pelicula-%c2%ab-la-profecia-de-piatsaw-%c2%bb-en-la-casa-de-america-latina-en-paris\/\"},\"author\":{\"name\":\"Rozenn Milin\",\"@id\":\"https:\/\/www.sorosoro.org\/es\/#\/schema\/person\/dd9df1e0efca59879d3133588ff0dfc1\"},\"headline\":\"17 de septiembre de 2010: Proyecci\u00f3n de la pel\u00edcula \u00ab La profec\u00eda de Piatsaw \u00bb en la Casa de Am\u00e9rica latina, en Paris.\",\"datePublished\":\"2010-09-17T21:56:19+00:00\",\"mainEntityOfPage\":{\"@id\":\"https:\/\/www.sorosoro.org\/es\/2010\/09\/17-de-septiembre-de-2010-proyeccion-de-la-pelicula-%c2%ab-la-profecia-de-piatsaw-%c2%bb-en-la-casa-de-america-latina-en-paris\/\"},\"wordCount\":206,\"keywords\":[\"amazona\",\"Anne-Ga\u00ebl Bilhaut\",\"cassa america latina\",\"ecuador\",\"peru\",\"piatsaw\",\"pierre bessard\",\"profecia\",\"proyeccion\",\"zapara\"],\"articleSection\":[\"Calendario\"],\"inLanguage\":\"es\"},{\"@type\":\"WebPage\",\"@id\":\"https:\/\/www.sorosoro.org\/es\/2010\/09\/17-de-septiembre-de-2010-proyeccion-de-la-pelicula-%c2%ab-la-profecia-de-piatsaw-%c2%bb-en-la-casa-de-america-latina-en-paris\/\",\"url\":\"https:\/\/www.sorosoro.org\/es\/2010\/09\/17-de-septiembre-de-2010-proyeccion-de-la-pelicula-%c2%ab-la-profecia-de-piatsaw-%c2%bb-en-la-casa-de-america-latina-en-paris\/\",\"name\":\"17 de septiembre de 2010: Proyecci\u00f3n de la pel\u00edcula \u00ab La profec\u00eda de Piatsaw \u00bb en la Casa de Am\u00e9rica latina, en Paris. - Sorosoro\",\"isPartOf\":{\"@id\":\"https:\/\/www.sorosoro.org\/es\/#website\"},\"datePublished\":\"2010-09-17T21:56:19+00:00\",\"author\":{\"@id\":\"https:\/\/www.sorosoro.org\/es\/#\/schema\/person\/dd9df1e0efca59879d3133588ff0dfc1\"},\"breadcrumb\":{\"@id\":\"https:\/\/www.sorosoro.org\/es\/2010\/09\/17-de-septiembre-de-2010-proyeccion-de-la-pelicula-%c2%ab-la-profecia-de-piatsaw-%c2%bb-en-la-casa-de-america-latina-en-paris\/#breadcrumb\"},\"inLanguage\":\"es\",\"potentialAction\":[{\"@type\":\"ReadAction\",\"target\":[\"https:\/\/www.sorosoro.org\/es\/2010\/09\/17-de-septiembre-de-2010-proyeccion-de-la-pelicula-%c2%ab-la-profecia-de-piatsaw-%c2%bb-en-la-casa-de-america-latina-en-paris\/\"]}]},{\"@type\":\"BreadcrumbList\",\"@id\":\"https:\/\/www.sorosoro.org\/es\/2010\/09\/17-de-septiembre-de-2010-proyeccion-de-la-pelicula-%c2%ab-la-profecia-de-piatsaw-%c2%bb-en-la-casa-de-america-latina-en-paris\/#breadcrumb\",\"itemListElement\":[{\"@type\":\"ListItem\",\"position\":1,\"name\":\"Accueil\",\"item\":\"https:\/\/www.sorosoro.org\/es\/\"},{\"@type\":\"ListItem\",\"position\":2,\"name\":\"17 de septiembre de 2010: Proyecci\u00f3n de la pel\u00edcula \u00ab La profec\u00eda de Piatsaw \u00bb en la Casa de Am\u00e9rica latina, en Paris.\"}]},{\"@type\":\"WebSite\",\"@id\":\"https:\/\/www.sorosoro.org\/es\/#website\",\"url\":\"https:\/\/www.sorosoro.org\/es\/\",\"name\":\"Sorosoro\",\"description\":\"Pour que vivent les langues du monde !\",\"potentialAction\":[{\"@type\":\"SearchAction\",\"target\":{\"@type\":\"EntryPoint\",\"urlTemplate\":\"https:\/\/www.sorosoro.org\/es\/?s={search_term_string}\"},\"query-input\":{\"@type\":\"PropertyValueSpecification\",\"valueRequired\":true,\"valueName\":\"search_term_string\"}}],\"inLanguage\":\"es\"},{\"@type\":\"Person\",\"@id\":\"https:\/\/www.sorosoro.org\/es\/#\/schema\/person\/dd9df1e0efca59879d3133588ff0dfc1\",\"name\":\"Rozenn Milin\",\"url\":\"https:\/\/www.sorosoro.org\/es\/author\/rozenn-milin\/\"}]}<\/script>\n<!-- \/ Yoast SEO plugin. -->","yoast_head_json":{"title":"17 de septiembre de 2010: Proyecci\u00f3n de la pel\u00edcula \u00ab La profec\u00eda de Piatsaw \u00bb en la Casa de Am\u00e9rica latina, en Paris. - Sorosoro","robots":{"index":"index","follow":"follow","max-snippet":"max-snippet:-1","max-image-preview":"max-image-preview:large","max-video-preview":"max-video-preview:-1"},"canonical":"https:\/\/www.sorosoro.org\/es\/2010\/09\/17-de-septiembre-de-2010-proyeccion-de-la-pelicula-%c2%ab-la-profecia-de-piatsaw-%c2%bb-en-la-casa-de-america-latina-en-paris\/","og_locale":"es_ES","og_type":"article","og_title":"17 de septiembre de 2010: Proyecci\u00f3n de la pel\u00edcula \u00ab La profec\u00eda de Piatsaw \u00bb en la Casa de Am\u00e9rica latina, en Paris. - Sorosoro","og_description":"\u00bfQui\u00e9nes son los Z\u00e1para? Establecidos en los confines del Amazonas, en la frontera entre Ecuador y Per\u00fa, los Z\u00e1para son un pueblo amerindio, del cual Piatsaw, el fundador, hab\u00eda predicho su desaparici\u00f3n desde el principio. Hoy luchan por la preservaci\u00f3n de su identidad y la pel\u00edcula de Pierre Bessard honra sus esfuerzos de revitalizar su [&hellip;]","og_url":"https:\/\/www.sorosoro.org\/es\/2010\/09\/17-de-septiembre-de-2010-proyeccion-de-la-pelicula-%c2%ab-la-profecia-de-piatsaw-%c2%bb-en-la-casa-de-america-latina-en-paris\/","og_site_name":"Sorosoro","article_published_time":"2010-09-17T21:56:19+00:00","author":"Rozenn Milin","twitter_card":"summary_large_image","twitter_misc":{"Escrito por":"Rozenn Milin","Tiempo de lectura":"1 minuto"},"schema":{"@context":"https:\/\/schema.org","@graph":[{"@type":"Article","@id":"https:\/\/www.sorosoro.org\/es\/2010\/09\/17-de-septiembre-de-2010-proyeccion-de-la-pelicula-%c2%ab-la-profecia-de-piatsaw-%c2%bb-en-la-casa-de-america-latina-en-paris\/#article","isPartOf":{"@id":"https:\/\/www.sorosoro.org\/es\/2010\/09\/17-de-septiembre-de-2010-proyeccion-de-la-pelicula-%c2%ab-la-profecia-de-piatsaw-%c2%bb-en-la-casa-de-america-latina-en-paris\/"},"author":{"name":"Rozenn Milin","@id":"https:\/\/www.sorosoro.org\/es\/#\/schema\/person\/dd9df1e0efca59879d3133588ff0dfc1"},"headline":"17 de septiembre de 2010: Proyecci\u00f3n de la pel\u00edcula \u00ab La profec\u00eda de Piatsaw \u00bb en la Casa de Am\u00e9rica latina, en Paris.","datePublished":"2010-09-17T21:56:19+00:00","mainEntityOfPage":{"@id":"https:\/\/www.sorosoro.org\/es\/2010\/09\/17-de-septiembre-de-2010-proyeccion-de-la-pelicula-%c2%ab-la-profecia-de-piatsaw-%c2%bb-en-la-casa-de-america-latina-en-paris\/"},"wordCount":206,"keywords":["amazona","Anne-Ga\u00ebl Bilhaut","cassa america latina","ecuador","peru","piatsaw","pierre bessard","profecia","proyeccion","zapara"],"articleSection":["Calendario"],"inLanguage":"es"},{"@type":"WebPage","@id":"https:\/\/www.sorosoro.org\/es\/2010\/09\/17-de-septiembre-de-2010-proyeccion-de-la-pelicula-%c2%ab-la-profecia-de-piatsaw-%c2%bb-en-la-casa-de-america-latina-en-paris\/","url":"https:\/\/www.sorosoro.org\/es\/2010\/09\/17-de-septiembre-de-2010-proyeccion-de-la-pelicula-%c2%ab-la-profecia-de-piatsaw-%c2%bb-en-la-casa-de-america-latina-en-paris\/","name":"17 de septiembre de 2010: Proyecci\u00f3n de la pel\u00edcula \u00ab La profec\u00eda de Piatsaw \u00bb en la Casa de Am\u00e9rica latina, en Paris. - Sorosoro","isPartOf":{"@id":"https:\/\/www.sorosoro.org\/es\/#website"},"datePublished":"2010-09-17T21:56:19+00:00","author":{"@id":"https:\/\/www.sorosoro.org\/es\/#\/schema\/person\/dd9df1e0efca59879d3133588ff0dfc1"},"breadcrumb":{"@id":"https:\/\/www.sorosoro.org\/es\/2010\/09\/17-de-septiembre-de-2010-proyeccion-de-la-pelicula-%c2%ab-la-profecia-de-piatsaw-%c2%bb-en-la-casa-de-america-latina-en-paris\/#breadcrumb"},"inLanguage":"es","potentialAction":[{"@type":"ReadAction","target":["https:\/\/www.sorosoro.org\/es\/2010\/09\/17-de-septiembre-de-2010-proyeccion-de-la-pelicula-%c2%ab-la-profecia-de-piatsaw-%c2%bb-en-la-casa-de-america-latina-en-paris\/"]}]},{"@type":"BreadcrumbList","@id":"https:\/\/www.sorosoro.org\/es\/2010\/09\/17-de-septiembre-de-2010-proyeccion-de-la-pelicula-%c2%ab-la-profecia-de-piatsaw-%c2%bb-en-la-casa-de-america-latina-en-paris\/#breadcrumb","itemListElement":[{"@type":"ListItem","position":1,"name":"Accueil","item":"https:\/\/www.sorosoro.org\/es\/"},{"@type":"ListItem","position":2,"name":"17 de septiembre de 2010: Proyecci\u00f3n de la pel\u00edcula \u00ab La profec\u00eda de Piatsaw \u00bb en la Casa de Am\u00e9rica latina, en Paris."}]},{"@type":"WebSite","@id":"https:\/\/www.sorosoro.org\/es\/#website","url":"https:\/\/www.sorosoro.org\/es\/","name":"Sorosoro","description":"Pour que vivent les langues du monde !","potentialAction":[{"@type":"SearchAction","target":{"@type":"EntryPoint","urlTemplate":"https:\/\/www.sorosoro.org\/es\/?s={search_term_string}"},"query-input":{"@type":"PropertyValueSpecification","valueRequired":true,"valueName":"search_term_string"}}],"inLanguage":"es"},{"@type":"Person","@id":"https:\/\/www.sorosoro.org\/es\/#\/schema\/person\/dd9df1e0efca59879d3133588ff0dfc1","name":"Rozenn Milin","url":"https:\/\/www.sorosoro.org\/es\/author\/rozenn-milin\/"}]}},"_links":{"self":[{"href":"https:\/\/www.sorosoro.org\/es\/wp-json\/wp\/v2\/posts\/27314","targetHints":{"allow":["GET"]}}],"collection":[{"href":"https:\/\/www.sorosoro.org\/es\/wp-json\/wp\/v2\/posts"}],"about":[{"href":"https:\/\/www.sorosoro.org\/es\/wp-json\/wp\/v2\/types\/post"}],"author":[{"embeddable":true,"href":"https:\/\/www.sorosoro.org\/es\/wp-json\/wp\/v2\/users\/12"}],"replies":[{"embeddable":true,"href":"https:\/\/www.sorosoro.org\/es\/wp-json\/wp\/v2\/comments?post=27314"}],"version-history":[{"count":0,"href":"https:\/\/www.sorosoro.org\/es\/wp-json\/wp\/v2\/posts\/27314\/revisions"}],"wp:attachment":[{"href":"https:\/\/www.sorosoro.org\/es\/wp-json\/wp\/v2\/media?parent=27314"}],"wp:term":[{"taxonomy":"category","embeddable":true,"href":"https:\/\/www.sorosoro.org\/es\/wp-json\/wp\/v2\/categories?post=27314"},{"taxonomy":"post_tag","embeddable":true,"href":"https:\/\/www.sorosoro.org\/es\/wp-json\/wp\/v2\/tags?post=27314"}],"curies":[{"name":"wp","href":"https:\/\/api.w.org\/{rel}","templated":true}]}}