{"id":26473,"date":"2010-09-01T12:08:29","date_gmt":"2010-09-01T10:08:29","guid":{"rendered":"http:\/\/www.sorosoro.org\/?p=26473"},"modified":"2010-09-01T12:08:29","modified_gmt":"2010-09-01T10:08:29","slug":"27042010-%e2%80%93-09012011-exposicion-%c2%ab-rio-congo-%c2%bb-en-el-museo-de-tervuren-belgica","status":"publish","type":"post","link":"https:\/\/www.sorosoro.org\/es\/2010\/09\/27042010-%e2%80%93-09012011-exposicion-%c2%ab-rio-congo-%c2%bb-en-el-museo-de-tervuren-belgica\/","title":{"rendered":"27\/04\/2010 \u2013 09\/01\/2011 : Exposici\u00f3n \u00ab R\u00edo Congo \u00bb en el museo de Tervuren (B\u00e9lgica)"},"content":{"rendered":"<p style=\"text-align: justify;\">El <strong>R\u00edo Congo<\/strong>, en B\u00e9lgica tambi\u00e9n!<\/p>\n<p style=\"text-align: justify;\">\n<p style=\"text-align: justify;\">Mientras el \u00e9xito de la exposici\u00f3n del \u00abR\u00edo Congo\u00bb en el Museo de Quai Branly en Par\u00eds no recae, nuestros amigos belgas (\u00a1y sus visitantes!) estar\u00e1n encantados de saber que otra exposici\u00f3n le hace eco en el Mus\u00e9e royal d\u2019Afrique centrale (MRAC) \u201c<strong>Museo Real de \u00c1frica Central<\/strong>\u201d de Tervuren, cerca de Bruselas, <strong>del 27 de abril 2010 hasta el 09 de enero 2011<\/strong>.<\/p>\n<p style=\"text-align: justify;\">\n<p style=\"text-align: justify;\">\n<p style=\"text-align: justify;\">La misi\u00f3n cient\u00edfica  que est\u00e1 al origen de esta exposici\u00f3n refleja la riqueza de la orilla del r\u00edo, los investigadores han observado  unos 1750 kil\u00f3metros, entre Kisangani y Kinshasa.<\/p>\n<p style=\"text-align: justify;\">Tambi\u00e9n en este caso, la perspectiva es multidisciplinar, centr\u00e1ndose en las cuestiones relacionadas con la ecolog\u00eda, la biodiversidad y tambi\u00e9n en la lengua y la arqueolog\u00eda.<\/p>\n<p style=\"text-align: justify;\">\n<p style=\"text-align: justify;\">Los visitantes podr\u00e1n descubrir <strong>las lenguas <\/strong>que se hablan a lo largo de  las orillas del gran r\u00edo Congo, una verdadera \u201carteria de \u00c1frica Central\u201d. Varias entrevistas e instalaciones audiovisuales jalonan el recorrido de la muestra, que se divide en nueve etapas.<\/p>\n<p style=\"text-align: justify;\">\n<p style=\"text-align: justify;\">Les recomendamos visitar la exposici\u00f3n del museo de Tervuren, que celebra un doble aniversario: su propio centenario y la independencia del Congo, adquirida hace 50 a\u00f1os!<\/p>\n<p style=\"text-align: justify;\">\n<p style=\"text-align: justify;\"><em>Mus\u00e9e royal d\u2019Afrique centrale (MRAC)<\/em><\/p>\n<p style=\"text-align: justify;\"><em>Leuvensesteenweg 13<\/em><\/p>\n<p style=\"text-align: justify;\"><em>3080 Tervuren &#8211; B\u00e9lgica<\/em><\/p>\n<p><em>Tel. (+32) 02 769 52 11<\/em><\/p>\n<p><em>Fax (+32) 02 769 56 38<\/em><\/p>\n<p><em><br \/>\n<\/em><\/p>\n<p><a href=\"http:\/\/www.congo2010.be\/fr\/expositions\/fleuve-congo\">P\u00e1gina web <\/a>de la exposici\u00f3n<\/p>\n","protected":false},"excerpt":{"rendered":"<p>El R\u00edo Congo, en B\u00e9lgica tambi\u00e9n! Mientras el \u00e9xito de la exposici\u00f3n del \u00abR\u00edo Congo\u00bb en el Museo de Quai Branly en Par\u00eds no recae, nuestros amigos belgas (\u00a1y sus visitantes!) estar\u00e1n encantados de saber que otra exposici\u00f3n le hace eco en el Mus\u00e9e royal d\u2019Afrique centrale (MRAC) \u201cMuseo Real de \u00c1frica Central\u201d de Tervuren, [&hellip;]<\/p>\n","protected":false},"author":12,"featured_media":0,"comment_status":"closed","ping_status":"open","sticky":false,"template":"","format":"standard","meta":{"footnotes":""},"categories":[26],"tags":[],"class_list":["post-26473","post","type-post","status-publish","format-standard","hentry","category-actualidades-de-sorosoro"],"yoast_head":"<!-- This site is optimized with the Yoast SEO plugin v27.0 - https:\/\/yoast.com\/product\/yoast-seo-wordpress\/ -->\n<title>27\/04\/2010 \u2013 09\/01\/2011 : Exposici\u00f3n \u00ab R\u00edo Congo \u00bb en el museo de Tervuren (B\u00e9lgica) - Sorosoro<\/title>\n<meta name=\"robots\" content=\"index, follow, max-snippet:-1, max-image-preview:large, max-video-preview:-1\" \/>\n<link rel=\"canonical\" href=\"https:\/\/www.sorosoro.org\/es\/2010\/09\/27042010-%e2%80%93-09012011-exposicion-%c2%ab-rio-congo-%c2%bb-en-el-museo-de-tervuren-belgica\/\" \/>\n<meta property=\"og:locale\" content=\"es_ES\" \/>\n<meta property=\"og:type\" content=\"article\" \/>\n<meta property=\"og:title\" content=\"27\/04\/2010 \u2013 09\/01\/2011 : Exposici\u00f3n \u00ab R\u00edo Congo \u00bb en el museo de Tervuren (B\u00e9lgica) - Sorosoro\" \/>\n<meta property=\"og:description\" content=\"El R\u00edo Congo, en B\u00e9lgica tambi\u00e9n! Mientras el \u00e9xito de la exposici\u00f3n del \u00abR\u00edo Congo\u00bb en el Museo de Quai Branly en Par\u00eds no recae, nuestros amigos belgas (\u00a1y sus visitantes!) estar\u00e1n encantados de saber que otra exposici\u00f3n le hace eco en el Mus\u00e9e royal d\u2019Afrique centrale (MRAC) \u201cMuseo Real de \u00c1frica Central\u201d de Tervuren, [&hellip;]\" \/>\n<meta property=\"og:url\" content=\"https:\/\/www.sorosoro.org\/es\/2010\/09\/27042010-%e2%80%93-09012011-exposicion-%c2%ab-rio-congo-%c2%bb-en-el-museo-de-tervuren-belgica\/\" \/>\n<meta property=\"og:site_name\" content=\"Sorosoro\" \/>\n<meta property=\"article:published_time\" content=\"2010-09-01T10:08:29+00:00\" \/>\n<meta name=\"author\" content=\"Rozenn Milin\" \/>\n<meta name=\"twitter:card\" content=\"summary_large_image\" \/>\n<meta name=\"twitter:label1\" content=\"Escrito por\" \/>\n\t<meta name=\"twitter:data1\" content=\"Rozenn Milin\" \/>\n\t<meta name=\"twitter:label2\" content=\"Tiempo de lectura\" \/>\n\t<meta name=\"twitter:data2\" content=\"1 minuto\" \/>\n<script type=\"application\/ld+json\" class=\"yoast-schema-graph\">{\"@context\":\"https:\/\/schema.org\",\"@graph\":[{\"@type\":\"Article\",\"@id\":\"https:\/\/www.sorosoro.org\/es\/2010\/09\/27042010-%e2%80%93-09012011-exposicion-%c2%ab-rio-congo-%c2%bb-en-el-museo-de-tervuren-belgica\/#article\",\"isPartOf\":{\"@id\":\"https:\/\/www.sorosoro.org\/es\/2010\/09\/27042010-%e2%80%93-09012011-exposicion-%c2%ab-rio-congo-%c2%bb-en-el-museo-de-tervuren-belgica\/\"},\"author\":{\"name\":\"Rozenn Milin\",\"@id\":\"https:\/\/www.sorosoro.org\/es\/#\/schema\/person\/dd9df1e0efca59879d3133588ff0dfc1\"},\"headline\":\"27\/04\/2010 \u2013 09\/01\/2011 : Exposici\u00f3n \u00ab R\u00edo Congo \u00bb en el museo de Tervuren (B\u00e9lgica)\",\"datePublished\":\"2010-09-01T10:08:29+00:00\",\"mainEntityOfPage\":{\"@id\":\"https:\/\/www.sorosoro.org\/es\/2010\/09\/27042010-%e2%80%93-09012011-exposicion-%c2%ab-rio-congo-%c2%bb-en-el-museo-de-tervuren-belgica\/\"},\"wordCount\":243,\"articleSection\":[\"Novedades en Sorosoro\"],\"inLanguage\":\"es\"},{\"@type\":\"WebPage\",\"@id\":\"https:\/\/www.sorosoro.org\/es\/2010\/09\/27042010-%e2%80%93-09012011-exposicion-%c2%ab-rio-congo-%c2%bb-en-el-museo-de-tervuren-belgica\/\",\"url\":\"https:\/\/www.sorosoro.org\/es\/2010\/09\/27042010-%e2%80%93-09012011-exposicion-%c2%ab-rio-congo-%c2%bb-en-el-museo-de-tervuren-belgica\/\",\"name\":\"27\/04\/2010 \u2013 09\/01\/2011 : Exposici\u00f3n \u00ab R\u00edo Congo \u00bb en el museo de Tervuren (B\u00e9lgica) - Sorosoro\",\"isPartOf\":{\"@id\":\"https:\/\/www.sorosoro.org\/es\/#website\"},\"datePublished\":\"2010-09-01T10:08:29+00:00\",\"author\":{\"@id\":\"https:\/\/www.sorosoro.org\/es\/#\/schema\/person\/dd9df1e0efca59879d3133588ff0dfc1\"},\"breadcrumb\":{\"@id\":\"https:\/\/www.sorosoro.org\/es\/2010\/09\/27042010-%e2%80%93-09012011-exposicion-%c2%ab-rio-congo-%c2%bb-en-el-museo-de-tervuren-belgica\/#breadcrumb\"},\"inLanguage\":\"es\",\"potentialAction\":[{\"@type\":\"ReadAction\",\"target\":[\"https:\/\/www.sorosoro.org\/es\/2010\/09\/27042010-%e2%80%93-09012011-exposicion-%c2%ab-rio-congo-%c2%bb-en-el-museo-de-tervuren-belgica\/\"]}]},{\"@type\":\"BreadcrumbList\",\"@id\":\"https:\/\/www.sorosoro.org\/es\/2010\/09\/27042010-%e2%80%93-09012011-exposicion-%c2%ab-rio-congo-%c2%bb-en-el-museo-de-tervuren-belgica\/#breadcrumb\",\"itemListElement\":[{\"@type\":\"ListItem\",\"position\":1,\"name\":\"Accueil\",\"item\":\"https:\/\/www.sorosoro.org\/es\/\"},{\"@type\":\"ListItem\",\"position\":2,\"name\":\"27\/04\/2010 \u2013 09\/01\/2011 : Exposici\u00f3n \u00ab R\u00edo Congo \u00bb en el museo de Tervuren (B\u00e9lgica)\"}]},{\"@type\":\"WebSite\",\"@id\":\"https:\/\/www.sorosoro.org\/es\/#website\",\"url\":\"https:\/\/www.sorosoro.org\/es\/\",\"name\":\"Sorosoro\",\"description\":\"Pour que vivent les langues du monde !\",\"potentialAction\":[{\"@type\":\"SearchAction\",\"target\":{\"@type\":\"EntryPoint\",\"urlTemplate\":\"https:\/\/www.sorosoro.org\/es\/?s={search_term_string}\"},\"query-input\":{\"@type\":\"PropertyValueSpecification\",\"valueRequired\":true,\"valueName\":\"search_term_string\"}}],\"inLanguage\":\"es\"},{\"@type\":\"Person\",\"@id\":\"https:\/\/www.sorosoro.org\/es\/#\/schema\/person\/dd9df1e0efca59879d3133588ff0dfc1\",\"name\":\"Rozenn Milin\",\"url\":\"https:\/\/www.sorosoro.org\/es\/author\/rozenn-milin\/\"}]}<\/script>\n<!-- \/ Yoast SEO plugin. -->","yoast_head_json":{"title":"27\/04\/2010 \u2013 09\/01\/2011 : Exposici\u00f3n \u00ab R\u00edo Congo \u00bb en el museo de Tervuren (B\u00e9lgica) - Sorosoro","robots":{"index":"index","follow":"follow","max-snippet":"max-snippet:-1","max-image-preview":"max-image-preview:large","max-video-preview":"max-video-preview:-1"},"canonical":"https:\/\/www.sorosoro.org\/es\/2010\/09\/27042010-%e2%80%93-09012011-exposicion-%c2%ab-rio-congo-%c2%bb-en-el-museo-de-tervuren-belgica\/","og_locale":"es_ES","og_type":"article","og_title":"27\/04\/2010 \u2013 09\/01\/2011 : Exposici\u00f3n \u00ab R\u00edo Congo \u00bb en el museo de Tervuren (B\u00e9lgica) - Sorosoro","og_description":"El R\u00edo Congo, en B\u00e9lgica tambi\u00e9n! Mientras el \u00e9xito de la exposici\u00f3n del \u00abR\u00edo Congo\u00bb en el Museo de Quai Branly en Par\u00eds no recae, nuestros amigos belgas (\u00a1y sus visitantes!) estar\u00e1n encantados de saber que otra exposici\u00f3n le hace eco en el Mus\u00e9e royal d\u2019Afrique centrale (MRAC) \u201cMuseo Real de \u00c1frica Central\u201d de Tervuren, [&hellip;]","og_url":"https:\/\/www.sorosoro.org\/es\/2010\/09\/27042010-%e2%80%93-09012011-exposicion-%c2%ab-rio-congo-%c2%bb-en-el-museo-de-tervuren-belgica\/","og_site_name":"Sorosoro","article_published_time":"2010-09-01T10:08:29+00:00","author":"Rozenn Milin","twitter_card":"summary_large_image","twitter_misc":{"Escrito por":"Rozenn Milin","Tiempo de lectura":"1 minuto"},"schema":{"@context":"https:\/\/schema.org","@graph":[{"@type":"Article","@id":"https:\/\/www.sorosoro.org\/es\/2010\/09\/27042010-%e2%80%93-09012011-exposicion-%c2%ab-rio-congo-%c2%bb-en-el-museo-de-tervuren-belgica\/#article","isPartOf":{"@id":"https:\/\/www.sorosoro.org\/es\/2010\/09\/27042010-%e2%80%93-09012011-exposicion-%c2%ab-rio-congo-%c2%bb-en-el-museo-de-tervuren-belgica\/"},"author":{"name":"Rozenn Milin","@id":"https:\/\/www.sorosoro.org\/es\/#\/schema\/person\/dd9df1e0efca59879d3133588ff0dfc1"},"headline":"27\/04\/2010 \u2013 09\/01\/2011 : Exposici\u00f3n \u00ab R\u00edo Congo \u00bb en el museo de Tervuren (B\u00e9lgica)","datePublished":"2010-09-01T10:08:29+00:00","mainEntityOfPage":{"@id":"https:\/\/www.sorosoro.org\/es\/2010\/09\/27042010-%e2%80%93-09012011-exposicion-%c2%ab-rio-congo-%c2%bb-en-el-museo-de-tervuren-belgica\/"},"wordCount":243,"articleSection":["Novedades en Sorosoro"],"inLanguage":"es"},{"@type":"WebPage","@id":"https:\/\/www.sorosoro.org\/es\/2010\/09\/27042010-%e2%80%93-09012011-exposicion-%c2%ab-rio-congo-%c2%bb-en-el-museo-de-tervuren-belgica\/","url":"https:\/\/www.sorosoro.org\/es\/2010\/09\/27042010-%e2%80%93-09012011-exposicion-%c2%ab-rio-congo-%c2%bb-en-el-museo-de-tervuren-belgica\/","name":"27\/04\/2010 \u2013 09\/01\/2011 : Exposici\u00f3n \u00ab R\u00edo Congo \u00bb en el museo de Tervuren (B\u00e9lgica) - Sorosoro","isPartOf":{"@id":"https:\/\/www.sorosoro.org\/es\/#website"},"datePublished":"2010-09-01T10:08:29+00:00","author":{"@id":"https:\/\/www.sorosoro.org\/es\/#\/schema\/person\/dd9df1e0efca59879d3133588ff0dfc1"},"breadcrumb":{"@id":"https:\/\/www.sorosoro.org\/es\/2010\/09\/27042010-%e2%80%93-09012011-exposicion-%c2%ab-rio-congo-%c2%bb-en-el-museo-de-tervuren-belgica\/#breadcrumb"},"inLanguage":"es","potentialAction":[{"@type":"ReadAction","target":["https:\/\/www.sorosoro.org\/es\/2010\/09\/27042010-%e2%80%93-09012011-exposicion-%c2%ab-rio-congo-%c2%bb-en-el-museo-de-tervuren-belgica\/"]}]},{"@type":"BreadcrumbList","@id":"https:\/\/www.sorosoro.org\/es\/2010\/09\/27042010-%e2%80%93-09012011-exposicion-%c2%ab-rio-congo-%c2%bb-en-el-museo-de-tervuren-belgica\/#breadcrumb","itemListElement":[{"@type":"ListItem","position":1,"name":"Accueil","item":"https:\/\/www.sorosoro.org\/es\/"},{"@type":"ListItem","position":2,"name":"27\/04\/2010 \u2013 09\/01\/2011 : Exposici\u00f3n \u00ab R\u00edo Congo \u00bb en el museo de Tervuren (B\u00e9lgica)"}]},{"@type":"WebSite","@id":"https:\/\/www.sorosoro.org\/es\/#website","url":"https:\/\/www.sorosoro.org\/es\/","name":"Sorosoro","description":"Pour que vivent les langues du monde !","potentialAction":[{"@type":"SearchAction","target":{"@type":"EntryPoint","urlTemplate":"https:\/\/www.sorosoro.org\/es\/?s={search_term_string}"},"query-input":{"@type":"PropertyValueSpecification","valueRequired":true,"valueName":"search_term_string"}}],"inLanguage":"es"},{"@type":"Person","@id":"https:\/\/www.sorosoro.org\/es\/#\/schema\/person\/dd9df1e0efca59879d3133588ff0dfc1","name":"Rozenn Milin","url":"https:\/\/www.sorosoro.org\/es\/author\/rozenn-milin\/"}]}},"_links":{"self":[{"href":"https:\/\/www.sorosoro.org\/es\/wp-json\/wp\/v2\/posts\/26473","targetHints":{"allow":["GET"]}}],"collection":[{"href":"https:\/\/www.sorosoro.org\/es\/wp-json\/wp\/v2\/posts"}],"about":[{"href":"https:\/\/www.sorosoro.org\/es\/wp-json\/wp\/v2\/types\/post"}],"author":[{"embeddable":true,"href":"https:\/\/www.sorosoro.org\/es\/wp-json\/wp\/v2\/users\/12"}],"replies":[{"embeddable":true,"href":"https:\/\/www.sorosoro.org\/es\/wp-json\/wp\/v2\/comments?post=26473"}],"version-history":[{"count":0,"href":"https:\/\/www.sorosoro.org\/es\/wp-json\/wp\/v2\/posts\/26473\/revisions"}],"wp:attachment":[{"href":"https:\/\/www.sorosoro.org\/es\/wp-json\/wp\/v2\/media?parent=26473"}],"wp:term":[{"taxonomy":"category","embeddable":true,"href":"https:\/\/www.sorosoro.org\/es\/wp-json\/wp\/v2\/categories?post=26473"},{"taxonomy":"post_tag","embeddable":true,"href":"https:\/\/www.sorosoro.org\/es\/wp-json\/wp\/v2\/tags?post=26473"}],"curies":[{"name":"wp","href":"https:\/\/api.w.org\/{rel}","templated":true}]}}