{"id":2517,"date":"2009-10-02T15:09:56","date_gmt":"2009-10-02T13:09:56","guid":{"rendered":"http:\/\/www.sorosoro.org\/?p=2517"},"modified":"2009-10-02T15:09:56","modified_gmt":"2009-10-02T13:09:56","slug":"los-medios-de-comunicacion-han-hablado-de-sorosoro","status":"publish","type":"post","link":"https:\/\/www.sorosoro.org\/es\/2009\/10\/los-medios-de-comunicacion-han-hablado-de-sorosoro\/","title":{"rendered":"Los medios de comunicaci\u00f3n han hablado de Sorosoro."},"content":{"rendered":"<p><strong><em>Con motivo de la celebraci\u00f3n del D\u00eda internacional de la lengua materna, proclamado por la UNESCO el 21 de febrero, varios medios de comunicaci\u00f3n extranjeros han entrevistado a Rozenn Milin, Directora del programa \u201cSorosoro, \u00a1para que vivan las lenguas del mundo!\u201d. <\/em><\/strong><\/p>\n<p>En Europa, la principal agencia de prensa alemana, <strong>DPA<\/strong>, ha entrevistado extensamente a Rozenn Milin. Esta agencia desarroll\u00f3 ampliamente la noticia sobre la problem\u00e1tica de la diversidad cultural en el mundo y\u00a0 subray\u00f3 que la labor de Sorosoro aspira a completar la acci\u00f3n de los ling\u00fcistas y de la Unesco. Las lenguas amenazadas, que est\u00e1n siendo registradas\u00a0 por los equipos de Sorosoro, permitir\u00e1n crear una Enciclopedia digital de los Idiomas, adem\u00e1s de un canal de televisi\u00f3n de las Lenguas por Internet, aclara Rozenn Milin. De ese modo, \u201clas lenguas que grababen se conservar\u00e1n\u00a0 para la posteridad\u201d, recalca el periodista.\u00a0\u00a0\u00a0\u00a0 <strong> <\/strong><\/p>\n<p>Los diarios <strong>Der Standard<\/strong> y <strong>Mitteldeutsche Zeitung, <\/strong>explican<strong> <\/strong>el m\u00e9todo de trabajo de Sorosoro: filmar la vida cotidiana de los pueblos cuya lengua est\u00e1 en peligro, escucharles\u00a0 contar su historia, sus leyendas, su mitolog\u00eda y sus cuentos.<\/p>\n<p>El diario canadiense <strong>Le Devoir, <\/strong>por su parte<strong> <\/strong>describe el proyecto por la diversidad cultural de la fundaci\u00f3n. En un largo art\u00edculo, Fabien Deglise remonta a los or\u00edgenes del proyecto y a la ambici\u00f3n de Sorosoro: \u201cel plan de salvamento ling\u00fc\u00edstico va m\u00e1s all\u00e1 de una enciclopedia y de una televisi\u00f3n, porque se inscribe en una l\u00f3gica de desarrollo\u201d, aclara el periodista<\/p>\n<p>En America Latina, los peri\u00f3dicos argentino, <strong>La Gaceta<\/strong>,<strong> <\/strong> y el mejicano, <strong>La Jornada<\/strong>, consagran cada uno de ellos un art\u00edculo a Sorosoro. En \u201c<em>El 96% de las lenguas de todo el mundo es hablado por s\u00f3lo el 4% de la humanidad<\/em>\u201d (la Gaceta), Rozenn Milin recuerda la verdadera amenaza que pesa sobre la mayor\u00eda de las 6000 lenguas del mundo: desaparecer sin dejar ning\u00fan rastro escrito, y por lo tanto desaparecer de nuestras memorias. Por eso, se\u00f1ala en el art\u00edculo; \u201c<em>Atlas mundial de lenguas en v\u00edas de extinci\u00f3n<\/em>\u201d, (La Jornada) \u201ccuando muere una lengua, tambi\u00e9n se pierden la cultura y la tradici\u00f3n que est\u00e1n unidas a ella\u201d. De ah\u00ed la importancia del programa\u00a0 Sorosoro, que permite preservar esa herencia ling\u00fc\u00edstica y cultural.<\/p>\n<p>La cadena de radio RFI,\u00a0 consagr\u00f3 asimismo toda una emisi\u00f3n a la cuesti\u00f3n de las \u201c<em>Lenguas en peligro en el mundo\u201d<\/em>, el 5 de marzo 2009.\u00a0 Para ilustrar el tema, la periodista elegi\u00f3 algunas iniciativas para la protecci\u00f3n de dicho patrimonio humano, entre ellas Sorosoro descrita por Rozenn Milin en antena.<\/p>\n<p>Por otro lado, la agencia de <strong>Prensa Latina<\/strong> anunci\u00f3 el 12 de febrero 2009, la participaci\u00f3n de Rozenn Milin a la mesa redonda sobre \u201cLenguas aut\u00f3ctonas: cosmovisiones, mondializaci\u00f3n, desarrollo y paz\u201d, organizada por el Movimiento de pa\u00edses no alineados en la sede de la UNESCO el 18 de febrero.<\/p>\n<p><strong> <\/strong><\/p>\n<p><strong>Referencias\u00a0:<\/strong><\/p>\n<p><strong> <\/strong><\/p>\n<p><strong>Agencias de prensa<\/strong><\/p>\n<p><strong> <\/strong><\/p>\n<p>&#8211;<a href=\"http:\/\/www.fondationchirac.eu\/wp-content\/uploads\/2009\/03\/dpa-unesco.pdf\">Jede zweite Sprache bedroht ? Chirac?Stiftung dokumentiert Vielfalt<\/a>, DPA, 18 de febrero 2009<\/p>\n<p>&#8211;\u00a0 <a href=\"http:\/\/www.prensalatina.com.mx\/Article.asp?ID=%7B427199FE-8A0E-4A26-B9F0-E670C4FC5C74%7D&amp;language=ES\">No Alineados en UNESCO auspician un foro sobre lenguas<\/a>, La Prensa Latina, 18 de febrero 2009, agencia de prensa latino-americana<\/p>\n<p><strong> <\/strong><\/p>\n<p><strong>Prensa escrita<\/strong>&#8211;<\/p>\n<p>&#8211;<a href=\"http:\/\/www.jornada.unam.mx\/2009\/02\/19\/index.php?section=cultura&amp;article=a07n1cul\">Atlas mundial de lenguas en v\u00edas de extinci\u00f3n<\/a>, , La Jornada, 18 de febrero 2009<\/p>\n<p>&#8211; <a href=\"http:\/\/www.lagaceta.com.ar\/nota\/314305\/Informacion_General\/96pc_lenguas_todo_mundo_hablado_solo_4pc_humanidad.html\">El 96% de las lenguas de todo el mundo es hablado por s\u00f3lo el 4% de la humanidad<\/a>,\u00a0 La Gaceta Tucum\u00e1n, 19 de febrero 2009, peri\u00f3dico argentino<\/p>\n<p>&#8211; <a href=\"http:\/\/derstandard.at\/?url=\/?id=1234507386829\">Video-Archivierung soll aussterbende Sprachen bewahren,<\/a> (archivos\u00a0 audiovisuales para preservar las lenguas en peligro, Der Standard, 18 f\u00e9brero 2009, peri\u00f3dico austriaco<\/p>\n<p>&#8211; <a href=\"http:\/\/www.mz-web.de\/servlet\/ContentServer?pagename=ksta\/page&amp;atype=ksArtikel&amp;aid=1229760805865\">Sprachenvielfalt in Deutschland nimmt ab<\/a>, (La diversidad ling\u00fc\u00edstica\u00a0 retrocede en Alemania), Mitteldeutsche Zeitung, 20 de febrero 2009, peri\u00f3dico regional de Sachsen-Anhalts, en Alemania<\/p>\n<p>&#8211;<a href=\"http:\/\/www.ledevoir.com\/2009\/03\/09\/238198.html\"> S.O.S. langues !<\/a>, (S.O.S.\u00a0 lenguas) Le Devoir, peri\u00f3dico canadiense, 9 de marzo\u00a0 2009<\/p>\n<p><strong>La radio<\/strong><\/p>\n<p>&#8211; <a href=\"http:\/\/www.rfi.fr\/espagnol\/actu\/articles\/111\/article_11048.asp\">Lenguas en peligro en el mundo<\/a>, RFI en espa\u00f1ol, el 5 marzo\u00a0 2009<strong> <\/strong><\/p>\n","protected":false},"excerpt":{"rendered":"<p>Con motivo de la celebraci\u00f3n del D\u00eda internacional de la lengua materna, proclamado por la UNESCO el 21 de febrero, varios medios de comunicaci\u00f3n extranjeros han entrevistado a Rozenn Milin, Directora del programa \u201cSorosoro, \u00a1para que vivan las lenguas del mundo!\u201d. En Europa, la principal agencia de prensa alemana, DPA, ha entrevistado extensamente a Rozenn [&hellip;]<\/p>\n","protected":false},"author":12,"featured_media":0,"comment_status":"closed","ping_status":"open","sticky":false,"template":"","format":"standard","meta":{"footnotes":""},"categories":[4],"tags":[],"class_list":["post-2517","post","type-post","status-publish","format-standard","hentry","category-otro"],"yoast_head":"<!-- This site is optimized with the Yoast SEO plugin v27.0 - https:\/\/yoast.com\/product\/yoast-seo-wordpress\/ -->\n<title>Los medios de comunicaci\u00f3n han hablado de Sorosoro.  - Sorosoro<\/title>\n<meta name=\"robots\" content=\"index, follow, max-snippet:-1, max-image-preview:large, max-video-preview:-1\" \/>\n<link rel=\"canonical\" href=\"https:\/\/www.sorosoro.org\/es\/2009\/10\/los-medios-de-comunicacion-han-hablado-de-sorosoro\/\" \/>\n<meta property=\"og:locale\" content=\"es_ES\" \/>\n<meta property=\"og:type\" content=\"article\" \/>\n<meta property=\"og:title\" content=\"Los medios de comunicaci\u00f3n han hablado de Sorosoro.  - Sorosoro\" \/>\n<meta property=\"og:description\" content=\"Con motivo de la celebraci\u00f3n del D\u00eda internacional de la lengua materna, proclamado por la UNESCO el 21 de febrero, varios medios de comunicaci\u00f3n extranjeros han entrevistado a Rozenn Milin, Directora del programa \u201cSorosoro, \u00a1para que vivan las lenguas del mundo!\u201d. En Europa, la principal agencia de prensa alemana, DPA, ha entrevistado extensamente a Rozenn [&hellip;]\" \/>\n<meta property=\"og:url\" content=\"https:\/\/www.sorosoro.org\/es\/2009\/10\/los-medios-de-comunicacion-han-hablado-de-sorosoro\/\" \/>\n<meta property=\"og:site_name\" content=\"Sorosoro\" \/>\n<meta property=\"article:published_time\" content=\"2009-10-02T13:09:56+00:00\" \/>\n<meta name=\"author\" content=\"Rozenn Milin\" \/>\n<meta name=\"twitter:card\" content=\"summary_large_image\" \/>\n<meta name=\"twitter:label1\" content=\"Escrito por\" \/>\n\t<meta name=\"twitter:data1\" content=\"Rozenn Milin\" \/>\n\t<meta name=\"twitter:label2\" content=\"Tiempo de lectura\" \/>\n\t<meta name=\"twitter:data2\" content=\"3 minutos\" \/>\n<script type=\"application\/ld+json\" class=\"yoast-schema-graph\">{\"@context\":\"https:\/\/schema.org\",\"@graph\":[{\"@type\":\"Article\",\"@id\":\"https:\/\/www.sorosoro.org\/es\/2009\/10\/los-medios-de-comunicacion-han-hablado-de-sorosoro\/#article\",\"isPartOf\":{\"@id\":\"https:\/\/www.sorosoro.org\/es\/2009\/10\/los-medios-de-comunicacion-han-hablado-de-sorosoro\/\"},\"author\":{\"name\":\"Rozenn Milin\",\"@id\":\"https:\/\/www.sorosoro.org\/es\/#\/schema\/person\/dd9df1e0efca59879d3133588ff0dfc1\"},\"headline\":\"Los medios de comunicaci\u00f3n han hablado de Sorosoro.\",\"datePublished\":\"2009-10-02T13:09:56+00:00\",\"mainEntityOfPage\":{\"@id\":\"https:\/\/www.sorosoro.org\/es\/2009\/10\/los-medios-de-comunicacion-han-hablado-de-sorosoro\/\"},\"wordCount\":655,\"articleSection\":[\"Otro\"],\"inLanguage\":\"es\"},{\"@type\":\"WebPage\",\"@id\":\"https:\/\/www.sorosoro.org\/es\/2009\/10\/los-medios-de-comunicacion-han-hablado-de-sorosoro\/\",\"url\":\"https:\/\/www.sorosoro.org\/es\/2009\/10\/los-medios-de-comunicacion-han-hablado-de-sorosoro\/\",\"name\":\"Los medios de comunicaci\u00f3n han hablado de Sorosoro. - Sorosoro\",\"isPartOf\":{\"@id\":\"https:\/\/www.sorosoro.org\/es\/#website\"},\"datePublished\":\"2009-10-02T13:09:56+00:00\",\"author\":{\"@id\":\"https:\/\/www.sorosoro.org\/es\/#\/schema\/person\/dd9df1e0efca59879d3133588ff0dfc1\"},\"breadcrumb\":{\"@id\":\"https:\/\/www.sorosoro.org\/es\/2009\/10\/los-medios-de-comunicacion-han-hablado-de-sorosoro\/#breadcrumb\"},\"inLanguage\":\"es\",\"potentialAction\":[{\"@type\":\"ReadAction\",\"target\":[\"https:\/\/www.sorosoro.org\/es\/2009\/10\/los-medios-de-comunicacion-han-hablado-de-sorosoro\/\"]}]},{\"@type\":\"BreadcrumbList\",\"@id\":\"https:\/\/www.sorosoro.org\/es\/2009\/10\/los-medios-de-comunicacion-han-hablado-de-sorosoro\/#breadcrumb\",\"itemListElement\":[{\"@type\":\"ListItem\",\"position\":1,\"name\":\"Accueil\",\"item\":\"https:\/\/www.sorosoro.org\/es\/\"},{\"@type\":\"ListItem\",\"position\":2,\"name\":\"Los medios de comunicaci\u00f3n han hablado de Sorosoro.\"}]},{\"@type\":\"WebSite\",\"@id\":\"https:\/\/www.sorosoro.org\/es\/#website\",\"url\":\"https:\/\/www.sorosoro.org\/es\/\",\"name\":\"Sorosoro\",\"description\":\"Pour que vivent les langues du monde !\",\"potentialAction\":[{\"@type\":\"SearchAction\",\"target\":{\"@type\":\"EntryPoint\",\"urlTemplate\":\"https:\/\/www.sorosoro.org\/es\/?s={search_term_string}\"},\"query-input\":{\"@type\":\"PropertyValueSpecification\",\"valueRequired\":true,\"valueName\":\"search_term_string\"}}],\"inLanguage\":\"es\"},{\"@type\":\"Person\",\"@id\":\"https:\/\/www.sorosoro.org\/es\/#\/schema\/person\/dd9df1e0efca59879d3133588ff0dfc1\",\"name\":\"Rozenn Milin\",\"url\":\"https:\/\/www.sorosoro.org\/es\/author\/rozenn-milin\/\"}]}<\/script>\n<!-- \/ Yoast SEO plugin. -->","yoast_head_json":{"title":"Los medios de comunicaci\u00f3n han hablado de Sorosoro.  - Sorosoro","robots":{"index":"index","follow":"follow","max-snippet":"max-snippet:-1","max-image-preview":"max-image-preview:large","max-video-preview":"max-video-preview:-1"},"canonical":"https:\/\/www.sorosoro.org\/es\/2009\/10\/los-medios-de-comunicacion-han-hablado-de-sorosoro\/","og_locale":"es_ES","og_type":"article","og_title":"Los medios de comunicaci\u00f3n han hablado de Sorosoro.  - Sorosoro","og_description":"Con motivo de la celebraci\u00f3n del D\u00eda internacional de la lengua materna, proclamado por la UNESCO el 21 de febrero, varios medios de comunicaci\u00f3n extranjeros han entrevistado a Rozenn Milin, Directora del programa \u201cSorosoro, \u00a1para que vivan las lenguas del mundo!\u201d. En Europa, la principal agencia de prensa alemana, DPA, ha entrevistado extensamente a Rozenn [&hellip;]","og_url":"https:\/\/www.sorosoro.org\/es\/2009\/10\/los-medios-de-comunicacion-han-hablado-de-sorosoro\/","og_site_name":"Sorosoro","article_published_time":"2009-10-02T13:09:56+00:00","author":"Rozenn Milin","twitter_card":"summary_large_image","twitter_misc":{"Escrito por":"Rozenn Milin","Tiempo de lectura":"3 minutos"},"schema":{"@context":"https:\/\/schema.org","@graph":[{"@type":"Article","@id":"https:\/\/www.sorosoro.org\/es\/2009\/10\/los-medios-de-comunicacion-han-hablado-de-sorosoro\/#article","isPartOf":{"@id":"https:\/\/www.sorosoro.org\/es\/2009\/10\/los-medios-de-comunicacion-han-hablado-de-sorosoro\/"},"author":{"name":"Rozenn Milin","@id":"https:\/\/www.sorosoro.org\/es\/#\/schema\/person\/dd9df1e0efca59879d3133588ff0dfc1"},"headline":"Los medios de comunicaci\u00f3n han hablado de Sorosoro.","datePublished":"2009-10-02T13:09:56+00:00","mainEntityOfPage":{"@id":"https:\/\/www.sorosoro.org\/es\/2009\/10\/los-medios-de-comunicacion-han-hablado-de-sorosoro\/"},"wordCount":655,"articleSection":["Otro"],"inLanguage":"es"},{"@type":"WebPage","@id":"https:\/\/www.sorosoro.org\/es\/2009\/10\/los-medios-de-comunicacion-han-hablado-de-sorosoro\/","url":"https:\/\/www.sorosoro.org\/es\/2009\/10\/los-medios-de-comunicacion-han-hablado-de-sorosoro\/","name":"Los medios de comunicaci\u00f3n han hablado de Sorosoro. - Sorosoro","isPartOf":{"@id":"https:\/\/www.sorosoro.org\/es\/#website"},"datePublished":"2009-10-02T13:09:56+00:00","author":{"@id":"https:\/\/www.sorosoro.org\/es\/#\/schema\/person\/dd9df1e0efca59879d3133588ff0dfc1"},"breadcrumb":{"@id":"https:\/\/www.sorosoro.org\/es\/2009\/10\/los-medios-de-comunicacion-han-hablado-de-sorosoro\/#breadcrumb"},"inLanguage":"es","potentialAction":[{"@type":"ReadAction","target":["https:\/\/www.sorosoro.org\/es\/2009\/10\/los-medios-de-comunicacion-han-hablado-de-sorosoro\/"]}]},{"@type":"BreadcrumbList","@id":"https:\/\/www.sorosoro.org\/es\/2009\/10\/los-medios-de-comunicacion-han-hablado-de-sorosoro\/#breadcrumb","itemListElement":[{"@type":"ListItem","position":1,"name":"Accueil","item":"https:\/\/www.sorosoro.org\/es\/"},{"@type":"ListItem","position":2,"name":"Los medios de comunicaci\u00f3n han hablado de Sorosoro."}]},{"@type":"WebSite","@id":"https:\/\/www.sorosoro.org\/es\/#website","url":"https:\/\/www.sorosoro.org\/es\/","name":"Sorosoro","description":"Pour que vivent les langues du monde !","potentialAction":[{"@type":"SearchAction","target":{"@type":"EntryPoint","urlTemplate":"https:\/\/www.sorosoro.org\/es\/?s={search_term_string}"},"query-input":{"@type":"PropertyValueSpecification","valueRequired":true,"valueName":"search_term_string"}}],"inLanguage":"es"},{"@type":"Person","@id":"https:\/\/www.sorosoro.org\/es\/#\/schema\/person\/dd9df1e0efca59879d3133588ff0dfc1","name":"Rozenn Milin","url":"https:\/\/www.sorosoro.org\/es\/author\/rozenn-milin\/"}]}},"_links":{"self":[{"href":"https:\/\/www.sorosoro.org\/es\/wp-json\/wp\/v2\/posts\/2517","targetHints":{"allow":["GET"]}}],"collection":[{"href":"https:\/\/www.sorosoro.org\/es\/wp-json\/wp\/v2\/posts"}],"about":[{"href":"https:\/\/www.sorosoro.org\/es\/wp-json\/wp\/v2\/types\/post"}],"author":[{"embeddable":true,"href":"https:\/\/www.sorosoro.org\/es\/wp-json\/wp\/v2\/users\/12"}],"replies":[{"embeddable":true,"href":"https:\/\/www.sorosoro.org\/es\/wp-json\/wp\/v2\/comments?post=2517"}],"version-history":[{"count":0,"href":"https:\/\/www.sorosoro.org\/es\/wp-json\/wp\/v2\/posts\/2517\/revisions"}],"wp:attachment":[{"href":"https:\/\/www.sorosoro.org\/es\/wp-json\/wp\/v2\/media?parent=2517"}],"wp:term":[{"taxonomy":"category","embeddable":true,"href":"https:\/\/www.sorosoro.org\/es\/wp-json\/wp\/v2\/categories?post=2517"},{"taxonomy":"post_tag","embeddable":true,"href":"https:\/\/www.sorosoro.org\/es\/wp-json\/wp\/v2\/tags?post=2517"}],"curies":[{"name":"wp","href":"https:\/\/api.w.org\/{rel}","templated":true}]}}