{"id":23681,"date":"2010-03-25T15:13:33","date_gmt":"2010-03-25T13:13:33","guid":{"rendered":"http:\/\/www.sorosoro.org\/?p=23681"},"modified":"2010-07-21T15:15:19","modified_gmt":"2010-07-21T13:15:19","slug":"soy-el-ultimo-de-los-mios","status":"publish","type":"post","link":"https:\/\/www.sorosoro.org\/es\/2010\/03\/soy-el-ultimo-de-los-mios\/","title":{"rendered":"Soy el \u00faltimo de los m\u00edos"},"content":{"rendered":"<p>Soy el \u00faltimo de los m\u00edos, ya no hay nadie con qui\u00e9n hablar. Ayer mismo, mi mujer estaba a mi lado. Juntos, hemos evocado nuestros tiernos a\u00f1os.<\/p>\n<p>Mi querida esposa acaba de dejarme. No hemos tenido hijos, no nos hemos atrevido. El mundo -nuestro mundo- ha cambiado tanto.<\/p>\n<p>Recuerdo a mi padre volviendo a casa una tarde, agitado: hab\u00eda visto un Blanco. Fue hace mil lunas. Desde entonces, el cielo encima de nuestras cabezas ya no es exactamente lo mismo.<\/p>\n<p>Hemos vivido, como viv\u00edan los antiguos, como inquilinos en esta Tierra. Pero otros llegaron y dijeron: \u201caqu\u00ed, de ahora en adelante, es nuestro\u201d. \u00bfQu\u00e9 hubi\u00e9ramos podido contestar? Ten\u00edamos millones de palabras para designar millones de plantas, de p\u00e1jaros, de peces, de mam\u00edferos, pero ninguna para : \u201cpropiedad, propietario\u201d.<\/p>\n<p>Soy el \u00faltimo de los m\u00edos. Conmigo desaparecer\u00e1 lo que me hab\u00eda ense\u00f1ado mi padre, que lo aprendi\u00f3 de su abuelo.<\/p>\n<p>No s\u00e9 escribir. Mi lengua es bella y compleja, pero se canta en el viento, se dibuja en la arena.<\/p>\n<p>Y ma\u00f1ana, cuando yo tambi\u00e9n haya desaparecido, todos vosotros habr\u00e9is perdido algo.<\/p>\n<p><em>F\u00e9licie Dubois<\/em><\/p>\n","protected":false},"excerpt":{"rendered":"<p>Soy el \u00faltimo de los m\u00edos, ya no hay nadie con qui\u00e9n hablar. Ayer mismo, mi mujer estaba a mi lado. Juntos, hemos evocado nuestros tiernos a\u00f1os. Mi querida esposa acaba de dejarme. No hemos tenido hijos, no nos hemos atrevido. El mundo -nuestro mundo- ha cambiado tanto. Recuerdo a mi padre volviendo a casa [&hellip;]<\/p>\n","protected":false},"author":12,"featured_media":0,"comment_status":"closed","ping_status":"open","sticky":false,"template":"","format":"standard","meta":{"footnotes":""},"categories":[4],"tags":[],"class_list":["post-23681","post","type-post","status-publish","format-standard","hentry","category-otro"],"yoast_head":"<!-- This site is optimized with the Yoast SEO plugin v27.0 - https:\/\/yoast.com\/product\/yoast-seo-wordpress\/ -->\n<title>Soy el \u00faltimo de los m\u00edos - Sorosoro<\/title>\n<meta name=\"robots\" content=\"index, follow, max-snippet:-1, max-image-preview:large, max-video-preview:-1\" \/>\n<link rel=\"canonical\" href=\"https:\/\/www.sorosoro.org\/es\/2010\/03\/soy-el-ultimo-de-los-mios\/\" \/>\n<meta property=\"og:locale\" content=\"es_ES\" \/>\n<meta property=\"og:type\" content=\"article\" \/>\n<meta property=\"og:title\" content=\"Soy el \u00faltimo de los m\u00edos - Sorosoro\" \/>\n<meta property=\"og:description\" content=\"Soy el \u00faltimo de los m\u00edos, ya no hay nadie con qui\u00e9n hablar. Ayer mismo, mi mujer estaba a mi lado. Juntos, hemos evocado nuestros tiernos a\u00f1os. Mi querida esposa acaba de dejarme. No hemos tenido hijos, no nos hemos atrevido. El mundo -nuestro mundo- ha cambiado tanto. Recuerdo a mi padre volviendo a casa [&hellip;]\" \/>\n<meta property=\"og:url\" content=\"https:\/\/www.sorosoro.org\/es\/2010\/03\/soy-el-ultimo-de-los-mios\/\" \/>\n<meta property=\"og:site_name\" content=\"Sorosoro\" \/>\n<meta property=\"article:published_time\" content=\"2010-03-25T13:13:33+00:00\" \/>\n<meta property=\"article:modified_time\" content=\"2010-07-21T13:15:19+00:00\" \/>\n<meta name=\"author\" content=\"Rozenn Milin\" \/>\n<meta name=\"twitter:card\" content=\"summary_large_image\" \/>\n<meta name=\"twitter:label1\" content=\"Escrito por\" \/>\n\t<meta name=\"twitter:data1\" content=\"Rozenn Milin\" \/>\n\t<meta name=\"twitter:label2\" content=\"Tiempo de lectura\" \/>\n\t<meta name=\"twitter:data2\" content=\"1 minuto\" \/>\n<script type=\"application\/ld+json\" class=\"yoast-schema-graph\">{\"@context\":\"https:\/\/schema.org\",\"@graph\":[{\"@type\":\"Article\",\"@id\":\"https:\/\/www.sorosoro.org\/es\/2010\/03\/soy-el-ultimo-de-los-mios\/#article\",\"isPartOf\":{\"@id\":\"https:\/\/www.sorosoro.org\/es\/2010\/03\/soy-el-ultimo-de-los-mios\/\"},\"author\":{\"name\":\"Rozenn Milin\",\"@id\":\"https:\/\/www.sorosoro.org\/es\/#\/schema\/person\/dd9df1e0efca59879d3133588ff0dfc1\"},\"headline\":\"Soy el \u00faltimo de los m\u00edos\",\"datePublished\":\"2010-03-25T13:13:33+00:00\",\"dateModified\":\"2010-07-21T13:15:19+00:00\",\"mainEntityOfPage\":{\"@id\":\"https:\/\/www.sorosoro.org\/es\/2010\/03\/soy-el-ultimo-de-los-mios\/\"},\"wordCount\":205,\"articleSection\":[\"Otro\"],\"inLanguage\":\"es\"},{\"@type\":\"WebPage\",\"@id\":\"https:\/\/www.sorosoro.org\/es\/2010\/03\/soy-el-ultimo-de-los-mios\/\",\"url\":\"https:\/\/www.sorosoro.org\/es\/2010\/03\/soy-el-ultimo-de-los-mios\/\",\"name\":\"Soy el \u00faltimo de los m\u00edos - Sorosoro\",\"isPartOf\":{\"@id\":\"https:\/\/www.sorosoro.org\/es\/#website\"},\"datePublished\":\"2010-03-25T13:13:33+00:00\",\"dateModified\":\"2010-07-21T13:15:19+00:00\",\"author\":{\"@id\":\"https:\/\/www.sorosoro.org\/es\/#\/schema\/person\/dd9df1e0efca59879d3133588ff0dfc1\"},\"breadcrumb\":{\"@id\":\"https:\/\/www.sorosoro.org\/es\/2010\/03\/soy-el-ultimo-de-los-mios\/#breadcrumb\"},\"inLanguage\":\"es\",\"potentialAction\":[{\"@type\":\"ReadAction\",\"target\":[\"https:\/\/www.sorosoro.org\/es\/2010\/03\/soy-el-ultimo-de-los-mios\/\"]}]},{\"@type\":\"BreadcrumbList\",\"@id\":\"https:\/\/www.sorosoro.org\/es\/2010\/03\/soy-el-ultimo-de-los-mios\/#breadcrumb\",\"itemListElement\":[{\"@type\":\"ListItem\",\"position\":1,\"name\":\"Accueil\",\"item\":\"https:\/\/www.sorosoro.org\/es\/\"},{\"@type\":\"ListItem\",\"position\":2,\"name\":\"Soy el \u00faltimo de los m\u00edos\"}]},{\"@type\":\"WebSite\",\"@id\":\"https:\/\/www.sorosoro.org\/es\/#website\",\"url\":\"https:\/\/www.sorosoro.org\/es\/\",\"name\":\"Sorosoro\",\"description\":\"Pour que vivent les langues du monde !\",\"potentialAction\":[{\"@type\":\"SearchAction\",\"target\":{\"@type\":\"EntryPoint\",\"urlTemplate\":\"https:\/\/www.sorosoro.org\/es\/?s={search_term_string}\"},\"query-input\":{\"@type\":\"PropertyValueSpecification\",\"valueRequired\":true,\"valueName\":\"search_term_string\"}}],\"inLanguage\":\"es\"},{\"@type\":\"Person\",\"@id\":\"https:\/\/www.sorosoro.org\/es\/#\/schema\/person\/dd9df1e0efca59879d3133588ff0dfc1\",\"name\":\"Rozenn Milin\",\"url\":\"https:\/\/www.sorosoro.org\/es\/author\/rozenn-milin\/\"}]}<\/script>\n<!-- \/ Yoast SEO plugin. -->","yoast_head_json":{"title":"Soy el \u00faltimo de los m\u00edos - Sorosoro","robots":{"index":"index","follow":"follow","max-snippet":"max-snippet:-1","max-image-preview":"max-image-preview:large","max-video-preview":"max-video-preview:-1"},"canonical":"https:\/\/www.sorosoro.org\/es\/2010\/03\/soy-el-ultimo-de-los-mios\/","og_locale":"es_ES","og_type":"article","og_title":"Soy el \u00faltimo de los m\u00edos - Sorosoro","og_description":"Soy el \u00faltimo de los m\u00edos, ya no hay nadie con qui\u00e9n hablar. Ayer mismo, mi mujer estaba a mi lado. Juntos, hemos evocado nuestros tiernos a\u00f1os. Mi querida esposa acaba de dejarme. No hemos tenido hijos, no nos hemos atrevido. El mundo -nuestro mundo- ha cambiado tanto. Recuerdo a mi padre volviendo a casa [&hellip;]","og_url":"https:\/\/www.sorosoro.org\/es\/2010\/03\/soy-el-ultimo-de-los-mios\/","og_site_name":"Sorosoro","article_published_time":"2010-03-25T13:13:33+00:00","article_modified_time":"2010-07-21T13:15:19+00:00","author":"Rozenn Milin","twitter_card":"summary_large_image","twitter_misc":{"Escrito por":"Rozenn Milin","Tiempo de lectura":"1 minuto"},"schema":{"@context":"https:\/\/schema.org","@graph":[{"@type":"Article","@id":"https:\/\/www.sorosoro.org\/es\/2010\/03\/soy-el-ultimo-de-los-mios\/#article","isPartOf":{"@id":"https:\/\/www.sorosoro.org\/es\/2010\/03\/soy-el-ultimo-de-los-mios\/"},"author":{"name":"Rozenn Milin","@id":"https:\/\/www.sorosoro.org\/es\/#\/schema\/person\/dd9df1e0efca59879d3133588ff0dfc1"},"headline":"Soy el \u00faltimo de los m\u00edos","datePublished":"2010-03-25T13:13:33+00:00","dateModified":"2010-07-21T13:15:19+00:00","mainEntityOfPage":{"@id":"https:\/\/www.sorosoro.org\/es\/2010\/03\/soy-el-ultimo-de-los-mios\/"},"wordCount":205,"articleSection":["Otro"],"inLanguage":"es"},{"@type":"WebPage","@id":"https:\/\/www.sorosoro.org\/es\/2010\/03\/soy-el-ultimo-de-los-mios\/","url":"https:\/\/www.sorosoro.org\/es\/2010\/03\/soy-el-ultimo-de-los-mios\/","name":"Soy el \u00faltimo de los m\u00edos - Sorosoro","isPartOf":{"@id":"https:\/\/www.sorosoro.org\/es\/#website"},"datePublished":"2010-03-25T13:13:33+00:00","dateModified":"2010-07-21T13:15:19+00:00","author":{"@id":"https:\/\/www.sorosoro.org\/es\/#\/schema\/person\/dd9df1e0efca59879d3133588ff0dfc1"},"breadcrumb":{"@id":"https:\/\/www.sorosoro.org\/es\/2010\/03\/soy-el-ultimo-de-los-mios\/#breadcrumb"},"inLanguage":"es","potentialAction":[{"@type":"ReadAction","target":["https:\/\/www.sorosoro.org\/es\/2010\/03\/soy-el-ultimo-de-los-mios\/"]}]},{"@type":"BreadcrumbList","@id":"https:\/\/www.sorosoro.org\/es\/2010\/03\/soy-el-ultimo-de-los-mios\/#breadcrumb","itemListElement":[{"@type":"ListItem","position":1,"name":"Accueil","item":"https:\/\/www.sorosoro.org\/es\/"},{"@type":"ListItem","position":2,"name":"Soy el \u00faltimo de los m\u00edos"}]},{"@type":"WebSite","@id":"https:\/\/www.sorosoro.org\/es\/#website","url":"https:\/\/www.sorosoro.org\/es\/","name":"Sorosoro","description":"Pour que vivent les langues du monde !","potentialAction":[{"@type":"SearchAction","target":{"@type":"EntryPoint","urlTemplate":"https:\/\/www.sorosoro.org\/es\/?s={search_term_string}"},"query-input":{"@type":"PropertyValueSpecification","valueRequired":true,"valueName":"search_term_string"}}],"inLanguage":"es"},{"@type":"Person","@id":"https:\/\/www.sorosoro.org\/es\/#\/schema\/person\/dd9df1e0efca59879d3133588ff0dfc1","name":"Rozenn Milin","url":"https:\/\/www.sorosoro.org\/es\/author\/rozenn-milin\/"}]}},"_links":{"self":[{"href":"https:\/\/www.sorosoro.org\/es\/wp-json\/wp\/v2\/posts\/23681","targetHints":{"allow":["GET"]}}],"collection":[{"href":"https:\/\/www.sorosoro.org\/es\/wp-json\/wp\/v2\/posts"}],"about":[{"href":"https:\/\/www.sorosoro.org\/es\/wp-json\/wp\/v2\/types\/post"}],"author":[{"embeddable":true,"href":"https:\/\/www.sorosoro.org\/es\/wp-json\/wp\/v2\/users\/12"}],"replies":[{"embeddable":true,"href":"https:\/\/www.sorosoro.org\/es\/wp-json\/wp\/v2\/comments?post=23681"}],"version-history":[{"count":0,"href":"https:\/\/www.sorosoro.org\/es\/wp-json\/wp\/v2\/posts\/23681\/revisions"}],"wp:attachment":[{"href":"https:\/\/www.sorosoro.org\/es\/wp-json\/wp\/v2\/media?parent=23681"}],"wp:term":[{"taxonomy":"category","embeddable":true,"href":"https:\/\/www.sorosoro.org\/es\/wp-json\/wp\/v2\/categories?post=23681"},{"taxonomy":"post_tag","embeddable":true,"href":"https:\/\/www.sorosoro.org\/es\/wp-json\/wp\/v2\/tags?post=23681"}],"curies":[{"name":"wp","href":"https:\/\/api.w.org\/{rel}","templated":true}]}}