{"id":22753,"date":"2010-06-06T14:43:44","date_gmt":"2010-06-06T12:43:44","guid":{"rendered":"http:\/\/www.sorosoro.org\/?p=22753"},"modified":"2010-07-05T14:46:01","modified_gmt":"2010-07-05T12:46:01","slug":"6-de-junio-de-2010-sorosoro-en-la-cadena-de-television-france-3-ouest","status":"publish","type":"post","link":"https:\/\/www.sorosoro.org\/es\/2010\/06\/6-de-junio-de-2010-sorosoro-en-la-cadena-de-television-france-3-ouest\/","title":{"rendered":"6 de junio de 2010: Sorosoro en la cadena de televisi\u00f3n France 3 Ouest"},"content":{"rendered":"<p style=\"text-align: justify;\">Una vez m\u00e1s, Sorosoro deja las lenguas en libertad, \u00a1esta vez  ni m\u00e1s ni menos que el bret\u00f3n!<\/p>\n<p style=\"text-align: justify;\">Rozenn Milin, la directora de nuestro programa estuvo presente el 6 de junio en el plat\u00f3 de \u201cRed an Amzer\u201d, un programa cultural en lengua bretona, para una emisi\u00f3n dedicada a Sorosoro.<\/p>\n<p style=\"text-align: justify;\">\u00bfCu\u00e1les son los objetivos y la misi\u00f3n de este programa? Rozenn tuvo que responder a tantas preguntas\u2026 Para ilustrar su prop\u00f3sito, se integraron varios videos en esta gran presentaci\u00f3n, grabados en Gab\u00f3n y en Guatemala por nuestro equipo<\/p>\n<p style=\"text-align: justify;\">Si quiere escuchar punu,  kaqchikel y breton, vaya a la <a href=\"http:\/\/ouest.france3.fr\/emissions\/red-an-amzer-2367205.html\">p\u00e1gina Web de  France 3<\/a>. Podr\u00e1 disfrutar de la emisi\u00f3n online durante un mes. No se preocupe, el programa est\u00e1 \u00edntegramente subtitulado en\u2026 franc\u00e9s para aquellos que a\u00fan no se han iniciado en estos idiomas tan escasos y preciados.<\/p>\n<p style=\"text-align: justify;\">\n","protected":false},"excerpt":{"rendered":"<p>Una vez m\u00e1s, Sorosoro deja las lenguas en libertad, \u00a1esta vez ni m\u00e1s ni menos que el bret\u00f3n! Rozenn Milin, la directora de nuestro programa estuvo presente el 6 de junio en el plat\u00f3 de \u201cRed an Amzer\u201d, un programa cultural en lengua bretona, para una emisi\u00f3n dedicada a Sorosoro. \u00bfCu\u00e1les son los objetivos y [&hellip;]<\/p>\n","protected":false},"author":12,"featured_media":0,"comment_status":"closed","ping_status":"open","sticky":false,"template":"","format":"standard","meta":{"footnotes":""},"categories":[26],"tags":[118,219,298],"class_list":["post-22753","post","type-post","status-publish","format-standard","hentry","category-actualidades-de-sorosoro","tag-france-3","tag-sorosoro","tag-television"],"yoast_head":"<!-- This site is optimized with the Yoast SEO plugin v27.0 - https:\/\/yoast.com\/product\/yoast-seo-wordpress\/ -->\n<title>6 de junio de 2010: Sorosoro en la cadena de televisi\u00f3n France 3 Ouest - Sorosoro<\/title>\n<meta name=\"robots\" content=\"index, follow, max-snippet:-1, max-image-preview:large, max-video-preview:-1\" \/>\n<link rel=\"canonical\" href=\"https:\/\/www.sorosoro.org\/es\/2010\/06\/6-de-junio-de-2010-sorosoro-en-la-cadena-de-television-france-3-ouest\/\" \/>\n<meta property=\"og:locale\" content=\"es_ES\" \/>\n<meta property=\"og:type\" content=\"article\" \/>\n<meta property=\"og:title\" content=\"6 de junio de 2010: Sorosoro en la cadena de televisi\u00f3n France 3 Ouest - Sorosoro\" \/>\n<meta property=\"og:description\" content=\"Una vez m\u00e1s, Sorosoro deja las lenguas en libertad, \u00a1esta vez ni m\u00e1s ni menos que el bret\u00f3n! Rozenn Milin, la directora de nuestro programa estuvo presente el 6 de junio en el plat\u00f3 de \u201cRed an Amzer\u201d, un programa cultural en lengua bretona, para una emisi\u00f3n dedicada a Sorosoro. \u00bfCu\u00e1les son los objetivos y [&hellip;]\" \/>\n<meta property=\"og:url\" content=\"https:\/\/www.sorosoro.org\/es\/2010\/06\/6-de-junio-de-2010-sorosoro-en-la-cadena-de-television-france-3-ouest\/\" \/>\n<meta property=\"og:site_name\" content=\"Sorosoro\" \/>\n<meta property=\"article:published_time\" content=\"2010-06-06T12:43:44+00:00\" \/>\n<meta property=\"article:modified_time\" content=\"2010-07-05T12:46:01+00:00\" \/>\n<meta name=\"author\" content=\"Rozenn Milin\" \/>\n<meta name=\"twitter:card\" content=\"summary_large_image\" \/>\n<meta name=\"twitter:label1\" content=\"Escrito por\" \/>\n\t<meta name=\"twitter:data1\" content=\"Rozenn Milin\" \/>\n\t<meta name=\"twitter:label2\" content=\"Tiempo de lectura\" \/>\n\t<meta name=\"twitter:data2\" content=\"1 minuto\" \/>\n<script type=\"application\/ld+json\" class=\"yoast-schema-graph\">{\"@context\":\"https:\/\/schema.org\",\"@graph\":[{\"@type\":\"Article\",\"@id\":\"https:\/\/www.sorosoro.org\/es\/2010\/06\/6-de-junio-de-2010-sorosoro-en-la-cadena-de-television-france-3-ouest\/#article\",\"isPartOf\":{\"@id\":\"https:\/\/www.sorosoro.org\/es\/2010\/06\/6-de-junio-de-2010-sorosoro-en-la-cadena-de-television-france-3-ouest\/\"},\"author\":{\"name\":\"Rozenn Milin\",\"@id\":\"https:\/\/www.sorosoro.org\/es\/#\/schema\/person\/dd9df1e0efca59879d3133588ff0dfc1\"},\"headline\":\"6 de junio de 2010: Sorosoro en la cadena de televisi\u00f3n France 3 Ouest\",\"datePublished\":\"2010-06-06T12:43:44+00:00\",\"dateModified\":\"2010-07-05T12:46:01+00:00\",\"mainEntityOfPage\":{\"@id\":\"https:\/\/www.sorosoro.org\/es\/2010\/06\/6-de-junio-de-2010-sorosoro-en-la-cadena-de-television-france-3-ouest\/\"},\"wordCount\":160,\"keywords\":[\"France 3\",\"Sorosoro\",\"television\"],\"articleSection\":[\"Novedades en Sorosoro\"],\"inLanguage\":\"es\"},{\"@type\":\"WebPage\",\"@id\":\"https:\/\/www.sorosoro.org\/es\/2010\/06\/6-de-junio-de-2010-sorosoro-en-la-cadena-de-television-france-3-ouest\/\",\"url\":\"https:\/\/www.sorosoro.org\/es\/2010\/06\/6-de-junio-de-2010-sorosoro-en-la-cadena-de-television-france-3-ouest\/\",\"name\":\"6 de junio de 2010: Sorosoro en la cadena de televisi\u00f3n France 3 Ouest - Sorosoro\",\"isPartOf\":{\"@id\":\"https:\/\/www.sorosoro.org\/es\/#website\"},\"datePublished\":\"2010-06-06T12:43:44+00:00\",\"dateModified\":\"2010-07-05T12:46:01+00:00\",\"author\":{\"@id\":\"https:\/\/www.sorosoro.org\/es\/#\/schema\/person\/dd9df1e0efca59879d3133588ff0dfc1\"},\"breadcrumb\":{\"@id\":\"https:\/\/www.sorosoro.org\/es\/2010\/06\/6-de-junio-de-2010-sorosoro-en-la-cadena-de-television-france-3-ouest\/#breadcrumb\"},\"inLanguage\":\"es\",\"potentialAction\":[{\"@type\":\"ReadAction\",\"target\":[\"https:\/\/www.sorosoro.org\/es\/2010\/06\/6-de-junio-de-2010-sorosoro-en-la-cadena-de-television-france-3-ouest\/\"]}]},{\"@type\":\"BreadcrumbList\",\"@id\":\"https:\/\/www.sorosoro.org\/es\/2010\/06\/6-de-junio-de-2010-sorosoro-en-la-cadena-de-television-france-3-ouest\/#breadcrumb\",\"itemListElement\":[{\"@type\":\"ListItem\",\"position\":1,\"name\":\"Accueil\",\"item\":\"https:\/\/www.sorosoro.org\/es\/\"},{\"@type\":\"ListItem\",\"position\":2,\"name\":\"6 de junio de 2010: Sorosoro en la cadena de televisi\u00f3n France 3 Ouest\"}]},{\"@type\":\"WebSite\",\"@id\":\"https:\/\/www.sorosoro.org\/es\/#website\",\"url\":\"https:\/\/www.sorosoro.org\/es\/\",\"name\":\"Sorosoro\",\"description\":\"Pour que vivent les langues du monde !\",\"potentialAction\":[{\"@type\":\"SearchAction\",\"target\":{\"@type\":\"EntryPoint\",\"urlTemplate\":\"https:\/\/www.sorosoro.org\/es\/?s={search_term_string}\"},\"query-input\":{\"@type\":\"PropertyValueSpecification\",\"valueRequired\":true,\"valueName\":\"search_term_string\"}}],\"inLanguage\":\"es\"},{\"@type\":\"Person\",\"@id\":\"https:\/\/www.sorosoro.org\/es\/#\/schema\/person\/dd9df1e0efca59879d3133588ff0dfc1\",\"name\":\"Rozenn Milin\",\"url\":\"https:\/\/www.sorosoro.org\/es\/author\/rozenn-milin\/\"}]}<\/script>\n<!-- \/ Yoast SEO plugin. -->","yoast_head_json":{"title":"6 de junio de 2010: Sorosoro en la cadena de televisi\u00f3n France 3 Ouest - Sorosoro","robots":{"index":"index","follow":"follow","max-snippet":"max-snippet:-1","max-image-preview":"max-image-preview:large","max-video-preview":"max-video-preview:-1"},"canonical":"https:\/\/www.sorosoro.org\/es\/2010\/06\/6-de-junio-de-2010-sorosoro-en-la-cadena-de-television-france-3-ouest\/","og_locale":"es_ES","og_type":"article","og_title":"6 de junio de 2010: Sorosoro en la cadena de televisi\u00f3n France 3 Ouest - Sorosoro","og_description":"Una vez m\u00e1s, Sorosoro deja las lenguas en libertad, \u00a1esta vez ni m\u00e1s ni menos que el bret\u00f3n! Rozenn Milin, la directora de nuestro programa estuvo presente el 6 de junio en el plat\u00f3 de \u201cRed an Amzer\u201d, un programa cultural en lengua bretona, para una emisi\u00f3n dedicada a Sorosoro. \u00bfCu\u00e1les son los objetivos y [&hellip;]","og_url":"https:\/\/www.sorosoro.org\/es\/2010\/06\/6-de-junio-de-2010-sorosoro-en-la-cadena-de-television-france-3-ouest\/","og_site_name":"Sorosoro","article_published_time":"2010-06-06T12:43:44+00:00","article_modified_time":"2010-07-05T12:46:01+00:00","author":"Rozenn Milin","twitter_card":"summary_large_image","twitter_misc":{"Escrito por":"Rozenn Milin","Tiempo de lectura":"1 minuto"},"schema":{"@context":"https:\/\/schema.org","@graph":[{"@type":"Article","@id":"https:\/\/www.sorosoro.org\/es\/2010\/06\/6-de-junio-de-2010-sorosoro-en-la-cadena-de-television-france-3-ouest\/#article","isPartOf":{"@id":"https:\/\/www.sorosoro.org\/es\/2010\/06\/6-de-junio-de-2010-sorosoro-en-la-cadena-de-television-france-3-ouest\/"},"author":{"name":"Rozenn Milin","@id":"https:\/\/www.sorosoro.org\/es\/#\/schema\/person\/dd9df1e0efca59879d3133588ff0dfc1"},"headline":"6 de junio de 2010: Sorosoro en la cadena de televisi\u00f3n France 3 Ouest","datePublished":"2010-06-06T12:43:44+00:00","dateModified":"2010-07-05T12:46:01+00:00","mainEntityOfPage":{"@id":"https:\/\/www.sorosoro.org\/es\/2010\/06\/6-de-junio-de-2010-sorosoro-en-la-cadena-de-television-france-3-ouest\/"},"wordCount":160,"keywords":["France 3","Sorosoro","television"],"articleSection":["Novedades en Sorosoro"],"inLanguage":"es"},{"@type":"WebPage","@id":"https:\/\/www.sorosoro.org\/es\/2010\/06\/6-de-junio-de-2010-sorosoro-en-la-cadena-de-television-france-3-ouest\/","url":"https:\/\/www.sorosoro.org\/es\/2010\/06\/6-de-junio-de-2010-sorosoro-en-la-cadena-de-television-france-3-ouest\/","name":"6 de junio de 2010: Sorosoro en la cadena de televisi\u00f3n France 3 Ouest - Sorosoro","isPartOf":{"@id":"https:\/\/www.sorosoro.org\/es\/#website"},"datePublished":"2010-06-06T12:43:44+00:00","dateModified":"2010-07-05T12:46:01+00:00","author":{"@id":"https:\/\/www.sorosoro.org\/es\/#\/schema\/person\/dd9df1e0efca59879d3133588ff0dfc1"},"breadcrumb":{"@id":"https:\/\/www.sorosoro.org\/es\/2010\/06\/6-de-junio-de-2010-sorosoro-en-la-cadena-de-television-france-3-ouest\/#breadcrumb"},"inLanguage":"es","potentialAction":[{"@type":"ReadAction","target":["https:\/\/www.sorosoro.org\/es\/2010\/06\/6-de-junio-de-2010-sorosoro-en-la-cadena-de-television-france-3-ouest\/"]}]},{"@type":"BreadcrumbList","@id":"https:\/\/www.sorosoro.org\/es\/2010\/06\/6-de-junio-de-2010-sorosoro-en-la-cadena-de-television-france-3-ouest\/#breadcrumb","itemListElement":[{"@type":"ListItem","position":1,"name":"Accueil","item":"https:\/\/www.sorosoro.org\/es\/"},{"@type":"ListItem","position":2,"name":"6 de junio de 2010: Sorosoro en la cadena de televisi\u00f3n France 3 Ouest"}]},{"@type":"WebSite","@id":"https:\/\/www.sorosoro.org\/es\/#website","url":"https:\/\/www.sorosoro.org\/es\/","name":"Sorosoro","description":"Pour que vivent les langues du monde !","potentialAction":[{"@type":"SearchAction","target":{"@type":"EntryPoint","urlTemplate":"https:\/\/www.sorosoro.org\/es\/?s={search_term_string}"},"query-input":{"@type":"PropertyValueSpecification","valueRequired":true,"valueName":"search_term_string"}}],"inLanguage":"es"},{"@type":"Person","@id":"https:\/\/www.sorosoro.org\/es\/#\/schema\/person\/dd9df1e0efca59879d3133588ff0dfc1","name":"Rozenn Milin","url":"https:\/\/www.sorosoro.org\/es\/author\/rozenn-milin\/"}]}},"_links":{"self":[{"href":"https:\/\/www.sorosoro.org\/es\/wp-json\/wp\/v2\/posts\/22753","targetHints":{"allow":["GET"]}}],"collection":[{"href":"https:\/\/www.sorosoro.org\/es\/wp-json\/wp\/v2\/posts"}],"about":[{"href":"https:\/\/www.sorosoro.org\/es\/wp-json\/wp\/v2\/types\/post"}],"author":[{"embeddable":true,"href":"https:\/\/www.sorosoro.org\/es\/wp-json\/wp\/v2\/users\/12"}],"replies":[{"embeddable":true,"href":"https:\/\/www.sorosoro.org\/es\/wp-json\/wp\/v2\/comments?post=22753"}],"version-history":[{"count":0,"href":"https:\/\/www.sorosoro.org\/es\/wp-json\/wp\/v2\/posts\/22753\/revisions"}],"wp:attachment":[{"href":"https:\/\/www.sorosoro.org\/es\/wp-json\/wp\/v2\/media?parent=22753"}],"wp:term":[{"taxonomy":"category","embeddable":true,"href":"https:\/\/www.sorosoro.org\/es\/wp-json\/wp\/v2\/categories?post=22753"},{"taxonomy":"post_tag","embeddable":true,"href":"https:\/\/www.sorosoro.org\/es\/wp-json\/wp\/v2\/tags?post=22753"}],"curies":[{"name":"wp","href":"https:\/\/api.w.org\/{rel}","templated":true}]}}