{"id":10421,"date":"2009-10-16T16:42:19","date_gmt":"2009-10-16T15:42:19","guid":{"rendered":"http:\/\/www.sorosoro.org\/?p=10421"},"modified":"2011-09-28T10:39:16","modified_gmt":"2011-09-28T08:39:16","slug":"el-declive-de-la-lengua-akele-del-gabon","status":"publish","type":"post","link":"https:\/\/www.sorosoro.org\/es\/2009\/10\/el-declive-de-la-lengua-akele-del-gabon\/","title":{"rendered":"El declive de la lengua akel\u00e9 del Gab\u00f3n"},"content":{"rendered":"<p style=\"text-align: justify;\"><strong>Sorosoro <\/strong>no s\u00f3lo se interesa por la <strong>preservaci\u00f3n de las lenguas<\/strong>. Consideramos que es de igual importancia recoger, durante los rodajes que efectuamos, los testimonios de nuestros locutores sobre temas contempor\u00e1neos.<\/p>\n<p style=\"text-align: justify;\">Por ejemplo, nuestros equipos les hacen preguntas sobre la manera en la que viven la experiencia de la transici\u00f3n de un estilo de vida tradicional a un estilo de vida m\u00e1s urbano, m\u00e1s tecnol\u00f3gico, sobre los problemas que estos cambios conllevan y c\u00f3mo ven su propio futuro.<\/p>\n<p style=\"text-align: justify;\">En lo que concierne la <strong>lengua<\/strong>, se les pregunta cu\u00e1l es su opini\u00f3n, sobre la causa del declive y si creen que sobrevivir\u00e1 a pesar de los contactos con el exterior y del contexto de la globalizaci\u00f3n. Y resulta que a menudo, de un lugar a otro en el mundo, las mismas causas tienen los mismos efectos, y las situaciones descritas son a menudo similares.<\/p>\n<p style=\"text-align: justify;\">Por ello, les propondremos regularmente\u00a0 ese tipo de testimonios, y empezaremos con Th\u00e9odosie y Jean K\u00e9dine, dos hablantes de la <strong>lengua akele<\/strong> de los lagos del <strong>Gab\u00f3n.<\/strong><\/p>\n<h5>La decadencia del akel\u00e9<\/h5>\n<p style=\"text-align: justify;\">El <strong>akel\u00e9<\/strong> es el <strong>idioma<\/strong> de los <strong>Akel\u00e9<\/strong> de <strong>Gab\u00f3n<\/strong>. Es un <strong>idioma bant\u00fa<\/strong>, hablado por una poblaci\u00f3n muy dispersa por todo el pa\u00eds. Los <strong>Akel\u00e9<\/strong> son pescadores y agricultores que viven a orilla de los rios Ogoou\u00e9 y Ngouni\u00e9 y en la zona de los lagos que rodean Lambarene.<\/p>\n<p style=\"text-align: justify;\">\n<p style=\"text-align: justify;\"><strong>El declive del akel\u00e9 por Th\u00e9odosie<\/strong><\/p>\n<p><object classid=\"clsid:d27cdb6e-ae6d-11cf-96b8-444553540000\" width=\"610\" height=\"370\" codebase=\"http:\/\/download.macromedia.com\/pub\/shockwave\/cabs\/flash\/swflash.cab#version=6,0,40,0\"><param name=\"allowFullScreen\" value=\"true\" \/><param name=\"allowscriptaccess\" value=\"always\" \/><param name=\"src\" value=\"http:\/\/www.youtube.com\/v\/x_9zHNCYipY?version=3&amp;hl=fr_FR\" \/><param name=\"allowfullscreen\" value=\"true\" \/><embed type=\"application\/x-shockwave-flash\" width=\"610\" height=\"370\" src=\"http:\/\/www.youtube.com\/v\/x_9zHNCYipY?version=3&amp;hl=fr_FR\" allowscriptaccess=\"always\" allowfullscreen=\"true\"><\/embed><\/object><\/p>\n<p style=\"text-align: justify;\">\n<p><strong>El declive del akel\u00e9 por Jean K\u00e9dine<\/strong><\/p>\n<p><object classid=\"clsid:d27cdb6e-ae6d-11cf-96b8-444553540000\" width=\"610\" height=\"370\" codebase=\"http:\/\/download.macromedia.com\/pub\/shockwave\/cabs\/flash\/swflash.cab#version=6,0,40,0\"><param name=\"allowFullScreen\" value=\"true\" \/><param name=\"allowscriptaccess\" value=\"always\" \/><param name=\"src\" value=\"http:\/\/www.youtube.com\/v\/ezGQ2-cl8so?version=3&amp;hl=fr_FR\" \/><param name=\"allowfullscreen\" value=\"true\" \/><embed type=\"application\/x-shockwave-flash\" width=\"610\" height=\"370\" src=\"http:\/\/www.youtube.com\/v\/ezGQ2-cl8so?version=3&amp;hl=fr_FR\" allowscriptaccess=\"always\" allowfullscreen=\"true\"><\/embed><\/object><\/p>\n<p><span style=\"text-decoration: underline;\">Ling\u00fcista<\/span>: Jean-marie Hombert<br \/>\n<span style=\"text-decoration: underline;\">Im\u00e1genes y sonido<\/span>: Luc-Henri Fage<br \/>\n<span style=\"text-decoration: underline;\">Traducci\u00f3n<\/span>: Hugues Awanhet<br \/>\n<span style=\"text-decoration: underline;\">Montaje<\/span>: Caroline Laurent<\/p>\n","protected":false},"excerpt":{"rendered":"<p>Sorosoro no s\u00f3lo se interesa por la preservaci\u00f3n de las lenguas. Consideramos que es de igual importancia recoger, durante los rodajes que efectuamos, los testimonios de nuestros locutores sobre temas contempor\u00e1neos. Por ejemplo, nuestros equipos les hacen preguntas sobre la manera en la que viven la experiencia de la transici\u00f3n de un estilo de vida [&hellip;]<\/p>\n","protected":false},"author":12,"featured_media":0,"comment_status":"closed","ping_status":"open","sticky":false,"template":"","format":"standard","meta":{"footnotes":""},"categories":[25],"tags":[],"class_list":["post-10421","post","type-post","status-publish","format-standard","hentry","category-video-de-la-semana"],"yoast_head":"<!-- This site is optimized with the Yoast SEO plugin v27.0 - https:\/\/yoast.com\/product\/yoast-seo-wordpress\/ -->\n<title>El declive de la lengua akel\u00e9 del Gab\u00f3n - Sorosoro<\/title>\n<meta name=\"robots\" content=\"index, follow, max-snippet:-1, max-image-preview:large, max-video-preview:-1\" \/>\n<link rel=\"canonical\" href=\"https:\/\/www.sorosoro.org\/es\/2009\/10\/el-declive-de-la-lengua-akele-del-gabon\/\" \/>\n<meta property=\"og:locale\" content=\"es_ES\" \/>\n<meta property=\"og:type\" content=\"article\" \/>\n<meta property=\"og:title\" content=\"El declive de la lengua akel\u00e9 del Gab\u00f3n - Sorosoro\" \/>\n<meta property=\"og:description\" content=\"Sorosoro no s\u00f3lo se interesa por la preservaci\u00f3n de las lenguas. Consideramos que es de igual importancia recoger, durante los rodajes que efectuamos, los testimonios de nuestros locutores sobre temas contempor\u00e1neos. Por ejemplo, nuestros equipos les hacen preguntas sobre la manera en la que viven la experiencia de la transici\u00f3n de un estilo de vida [&hellip;]\" \/>\n<meta property=\"og:url\" content=\"https:\/\/www.sorosoro.org\/es\/2009\/10\/el-declive-de-la-lengua-akele-del-gabon\/\" \/>\n<meta property=\"og:site_name\" content=\"Sorosoro\" \/>\n<meta property=\"article:published_time\" content=\"2009-10-16T15:42:19+00:00\" \/>\n<meta property=\"article:modified_time\" content=\"2011-09-28T08:39:16+00:00\" \/>\n<meta name=\"author\" content=\"Rozenn Milin\" \/>\n<meta name=\"twitter:card\" content=\"summary_large_image\" \/>\n<meta name=\"twitter:label1\" content=\"Escrito por\" \/>\n\t<meta name=\"twitter:data1\" content=\"Rozenn Milin\" \/>\n\t<meta name=\"twitter:label2\" content=\"Tiempo de lectura\" \/>\n\t<meta name=\"twitter:data2\" content=\"1 minuto\" \/>\n<script type=\"application\/ld+json\" class=\"yoast-schema-graph\">{\"@context\":\"https:\/\/schema.org\",\"@graph\":[{\"@type\":\"Article\",\"@id\":\"https:\/\/www.sorosoro.org\/es\/2009\/10\/el-declive-de-la-lengua-akele-del-gabon\/#article\",\"isPartOf\":{\"@id\":\"https:\/\/www.sorosoro.org\/es\/2009\/10\/el-declive-de-la-lengua-akele-del-gabon\/\"},\"author\":{\"name\":\"Rozenn Milin\",\"@id\":\"https:\/\/www.sorosoro.org\/es\/#\/schema\/person\/dd9df1e0efca59879d3133588ff0dfc1\"},\"headline\":\"El declive de la lengua akel\u00e9 del Gab\u00f3n\",\"datePublished\":\"2009-10-16T15:42:19+00:00\",\"dateModified\":\"2011-09-28T08:39:16+00:00\",\"mainEntityOfPage\":{\"@id\":\"https:\/\/www.sorosoro.org\/es\/2009\/10\/el-declive-de-la-lengua-akele-del-gabon\/\"},\"wordCount\":282,\"articleSection\":[\"Todos los videos\"],\"inLanguage\":\"es\"},{\"@type\":\"WebPage\",\"@id\":\"https:\/\/www.sorosoro.org\/es\/2009\/10\/el-declive-de-la-lengua-akele-del-gabon\/\",\"url\":\"https:\/\/www.sorosoro.org\/es\/2009\/10\/el-declive-de-la-lengua-akele-del-gabon\/\",\"name\":\"El declive de la lengua akel\u00e9 del Gab\u00f3n - Sorosoro\",\"isPartOf\":{\"@id\":\"https:\/\/www.sorosoro.org\/es\/#website\"},\"datePublished\":\"2009-10-16T15:42:19+00:00\",\"dateModified\":\"2011-09-28T08:39:16+00:00\",\"author\":{\"@id\":\"https:\/\/www.sorosoro.org\/es\/#\/schema\/person\/dd9df1e0efca59879d3133588ff0dfc1\"},\"breadcrumb\":{\"@id\":\"https:\/\/www.sorosoro.org\/es\/2009\/10\/el-declive-de-la-lengua-akele-del-gabon\/#breadcrumb\"},\"inLanguage\":\"es\",\"potentialAction\":[{\"@type\":\"ReadAction\",\"target\":[\"https:\/\/www.sorosoro.org\/es\/2009\/10\/el-declive-de-la-lengua-akele-del-gabon\/\"]}]},{\"@type\":\"BreadcrumbList\",\"@id\":\"https:\/\/www.sorosoro.org\/es\/2009\/10\/el-declive-de-la-lengua-akele-del-gabon\/#breadcrumb\",\"itemListElement\":[{\"@type\":\"ListItem\",\"position\":1,\"name\":\"Accueil\",\"item\":\"https:\/\/www.sorosoro.org\/es\/\"},{\"@type\":\"ListItem\",\"position\":2,\"name\":\"El declive de la lengua akel\u00e9 del Gab\u00f3n\"}]},{\"@type\":\"WebSite\",\"@id\":\"https:\/\/www.sorosoro.org\/es\/#website\",\"url\":\"https:\/\/www.sorosoro.org\/es\/\",\"name\":\"Sorosoro\",\"description\":\"Pour que vivent les langues du monde !\",\"potentialAction\":[{\"@type\":\"SearchAction\",\"target\":{\"@type\":\"EntryPoint\",\"urlTemplate\":\"https:\/\/www.sorosoro.org\/es\/?s={search_term_string}\"},\"query-input\":{\"@type\":\"PropertyValueSpecification\",\"valueRequired\":true,\"valueName\":\"search_term_string\"}}],\"inLanguage\":\"es\"},{\"@type\":\"Person\",\"@id\":\"https:\/\/www.sorosoro.org\/es\/#\/schema\/person\/dd9df1e0efca59879d3133588ff0dfc1\",\"name\":\"Rozenn Milin\",\"url\":\"https:\/\/www.sorosoro.org\/es\/author\/rozenn-milin\/\"}]}<\/script>\n<!-- \/ Yoast SEO plugin. -->","yoast_head_json":{"title":"El declive de la lengua akel\u00e9 del Gab\u00f3n - Sorosoro","robots":{"index":"index","follow":"follow","max-snippet":"max-snippet:-1","max-image-preview":"max-image-preview:large","max-video-preview":"max-video-preview:-1"},"canonical":"https:\/\/www.sorosoro.org\/es\/2009\/10\/el-declive-de-la-lengua-akele-del-gabon\/","og_locale":"es_ES","og_type":"article","og_title":"El declive de la lengua akel\u00e9 del Gab\u00f3n - Sorosoro","og_description":"Sorosoro no s\u00f3lo se interesa por la preservaci\u00f3n de las lenguas. Consideramos que es de igual importancia recoger, durante los rodajes que efectuamos, los testimonios de nuestros locutores sobre temas contempor\u00e1neos. Por ejemplo, nuestros equipos les hacen preguntas sobre la manera en la que viven la experiencia de la transici\u00f3n de un estilo de vida [&hellip;]","og_url":"https:\/\/www.sorosoro.org\/es\/2009\/10\/el-declive-de-la-lengua-akele-del-gabon\/","og_site_name":"Sorosoro","article_published_time":"2009-10-16T15:42:19+00:00","article_modified_time":"2011-09-28T08:39:16+00:00","author":"Rozenn Milin","twitter_card":"summary_large_image","twitter_misc":{"Escrito por":"Rozenn Milin","Tiempo de lectura":"1 minuto"},"schema":{"@context":"https:\/\/schema.org","@graph":[{"@type":"Article","@id":"https:\/\/www.sorosoro.org\/es\/2009\/10\/el-declive-de-la-lengua-akele-del-gabon\/#article","isPartOf":{"@id":"https:\/\/www.sorosoro.org\/es\/2009\/10\/el-declive-de-la-lengua-akele-del-gabon\/"},"author":{"name":"Rozenn Milin","@id":"https:\/\/www.sorosoro.org\/es\/#\/schema\/person\/dd9df1e0efca59879d3133588ff0dfc1"},"headline":"El declive de la lengua akel\u00e9 del Gab\u00f3n","datePublished":"2009-10-16T15:42:19+00:00","dateModified":"2011-09-28T08:39:16+00:00","mainEntityOfPage":{"@id":"https:\/\/www.sorosoro.org\/es\/2009\/10\/el-declive-de-la-lengua-akele-del-gabon\/"},"wordCount":282,"articleSection":["Todos los videos"],"inLanguage":"es"},{"@type":"WebPage","@id":"https:\/\/www.sorosoro.org\/es\/2009\/10\/el-declive-de-la-lengua-akele-del-gabon\/","url":"https:\/\/www.sorosoro.org\/es\/2009\/10\/el-declive-de-la-lengua-akele-del-gabon\/","name":"El declive de la lengua akel\u00e9 del Gab\u00f3n - Sorosoro","isPartOf":{"@id":"https:\/\/www.sorosoro.org\/es\/#website"},"datePublished":"2009-10-16T15:42:19+00:00","dateModified":"2011-09-28T08:39:16+00:00","author":{"@id":"https:\/\/www.sorosoro.org\/es\/#\/schema\/person\/dd9df1e0efca59879d3133588ff0dfc1"},"breadcrumb":{"@id":"https:\/\/www.sorosoro.org\/es\/2009\/10\/el-declive-de-la-lengua-akele-del-gabon\/#breadcrumb"},"inLanguage":"es","potentialAction":[{"@type":"ReadAction","target":["https:\/\/www.sorosoro.org\/es\/2009\/10\/el-declive-de-la-lengua-akele-del-gabon\/"]}]},{"@type":"BreadcrumbList","@id":"https:\/\/www.sorosoro.org\/es\/2009\/10\/el-declive-de-la-lengua-akele-del-gabon\/#breadcrumb","itemListElement":[{"@type":"ListItem","position":1,"name":"Accueil","item":"https:\/\/www.sorosoro.org\/es\/"},{"@type":"ListItem","position":2,"name":"El declive de la lengua akel\u00e9 del Gab\u00f3n"}]},{"@type":"WebSite","@id":"https:\/\/www.sorosoro.org\/es\/#website","url":"https:\/\/www.sorosoro.org\/es\/","name":"Sorosoro","description":"Pour que vivent les langues du monde !","potentialAction":[{"@type":"SearchAction","target":{"@type":"EntryPoint","urlTemplate":"https:\/\/www.sorosoro.org\/es\/?s={search_term_string}"},"query-input":{"@type":"PropertyValueSpecification","valueRequired":true,"valueName":"search_term_string"}}],"inLanguage":"es"},{"@type":"Person","@id":"https:\/\/www.sorosoro.org\/es\/#\/schema\/person\/dd9df1e0efca59879d3133588ff0dfc1","name":"Rozenn Milin","url":"https:\/\/www.sorosoro.org\/es\/author\/rozenn-milin\/"}]}},"_links":{"self":[{"href":"https:\/\/www.sorosoro.org\/es\/wp-json\/wp\/v2\/posts\/10421","targetHints":{"allow":["GET"]}}],"collection":[{"href":"https:\/\/www.sorosoro.org\/es\/wp-json\/wp\/v2\/posts"}],"about":[{"href":"https:\/\/www.sorosoro.org\/es\/wp-json\/wp\/v2\/types\/post"}],"author":[{"embeddable":true,"href":"https:\/\/www.sorosoro.org\/es\/wp-json\/wp\/v2\/users\/12"}],"replies":[{"embeddable":true,"href":"https:\/\/www.sorosoro.org\/es\/wp-json\/wp\/v2\/comments?post=10421"}],"version-history":[{"count":0,"href":"https:\/\/www.sorosoro.org\/es\/wp-json\/wp\/v2\/posts\/10421\/revisions"}],"wp:attachment":[{"href":"https:\/\/www.sorosoro.org\/es\/wp-json\/wp\/v2\/media?parent=10421"}],"wp:term":[{"taxonomy":"category","embeddable":true,"href":"https:\/\/www.sorosoro.org\/es\/wp-json\/wp\/v2\/categories?post=10421"},{"taxonomy":"post_tag","embeddable":true,"href":"https:\/\/www.sorosoro.org\/es\/wp-json\/wp\/v2\/tags?post=10421"}],"curies":[{"name":"wp","href":"https:\/\/api.w.org\/{rel}","templated":true}]}}